{"id":279507,"date":"2025-12-09T13:54:16","date_gmt":"2025-12-09T13:54:16","guid":{"rendered":"https:\/\/www.europesays.com\/es\/279507\/"},"modified":"2025-12-09T13:54:16","modified_gmt":"2025-12-09T13:54:16","slug":"el-proyecto-en-el-que-la-infanta-sofia-ha-estado-volcada-durante-sus-primeros-meses-en-la-universidad","status":"publish","type":"post","link":"https:\/\/www.europesays.com\/es\/279507\/","title":{"rendered":"El proyecto en el que la infanta Sof\u00eda ha estado volcada durante sus primeros meses en la universidad"},"content":{"rendered":"<p id=\"eRK81UZD4N\" data-wc=\"103\">La infanta Sof\u00eda, de 18 a\u00f1os, est\u00e1 estudiando Ciencias Pol\u00edticas y Relaciones Internacionales en Portugal. En este primer curso en Portugal, la hermana de la Princesa de Asturias<a class=\"hm-link ho-link\" href=\"https:\/\/www.hola.com\/realeza\/casa_espanola\/20250717845000\/infanta-sofia-asi-es-forward-college-privada-15-clases-3-campus\/\" data-mrf-recirculation=\"article-body-link\" rel=\"nofollow noopener\" target=\"_blank\">\u00a0est\u00e1 matriculada en el Forward College, un centro privado adscrito a la Universidad de Londres,<\/a> donde hay un grupo reducido de alumnos por aula y las asignaturas se imparten en ingl\u00e9s. En breve regresar\u00e1 a casa por Navidad y antes de dar carpetazo al primer trimestre, Sof\u00eda se ha enfrentado a un proyecto de impacto social para dise\u00f1ar un futuro mejor a trav\u00e9s de \u00e1reas como el lujo sostenible, la econom\u00eda global o la convivencia.\u00a0<\/p>\n<p> <img src=\"https:\/\/www.europesays.com\/es\/wp-content\/uploads\/2025\/12\/657219688a59-dlu593587064.jpg\"   width=\"1080\" height=\"1080\" loading=\"lazy\" decoding=\"async\" alt=\"La infanta Sof\u00eda en los Premios Princesa de Asturias 2025\" fetchpriority=\"auto\" class=\"image ho-image\"\/>\u00a9 GTRESLa infanta Sof\u00eda pronto regresar\u00e1 a casa por Navidad<\/p>\n<p id=\"eJsO82kdtI\" data-wc=\"118\">En esta iniciativa, la Infanta <a class=\"hm-link ho-link\" href=\"https:\/\/www.hola.com\/realeza\/casa_espanola\/20250908854084\/infanta-sofia-consejos-estudiantes-forward-college-lisboa-universidad\/\" data-mrf-recirculation=\"article-body-link\" rel=\"nofollow noopener\" target=\"_blank\">ha estado trabajando durante los \u00faltimos tres meses junto a sus compa\u00f1eros de primer curso<\/a> en grupos como parte de sus proyectos de impacto social. Han aprendido a aplicar los principios de dise\u00f1o a desaf\u00edos reales de innovaci\u00f3n social basados en Portugal. A trav\u00e9s de temas como el lujo sostenible, la artesan\u00eda, las ciudades, la convivencia, las sociedades digitales, la econom\u00eda global y la medici\u00f3n del impacto. Todo esto, seg\u00fan este centro universitario, ha hecho que los estudiantes desarrollen \u00abel pensamiento cr\u00edtico, e ideas audaces para futuros m\u00e1s deseables\u00bb. Como fin de proyecto, los estudiantes presentar\u00e1n sus proyectos \u00abmarcando un hito emocionante, y realmente, \u00a1Esto solo es el comienzo!\u00bb, destacan desde la universidad.\u00a0<\/p>\n<p> <img src=\"https:\/\/www.europesays.com\/es\/wp-content\/uploads\/2025\/12\/7394c5c99f08-1.jpg\"   width=\"768\" height=\"1024\" loading=\"lazy\" decoding=\"async\" alt=\"Im\u00e1genes de la nueva vida de la infanta Sof\u00eda en Lisboa en su etapa universitaria\" fetchpriority=\"auto\" class=\"image ho-image\"\/>\u00a9 Casa de S.M. el ReyIm\u00e1genes de la infanta Sof\u00eda en Lisboa, donde est\u00e1 estudiando la carrera universitaria<\/p>\n<p id=\"etalLYT6N5\" data-wc=\"77\">Queda poco tiempo para ver de nuevo a la Infanta, despu\u00e9s de que este oto\u00f1o, a finales de octubre, la vi\u00e9ramos arropar a su hermana en la e<a class=\"hm-link ho-link\" href=\"https:\/\/www.hola.com\/realeza\/casa_espanola\/20251121868824\/el-gesto-de-carino-de-la-princesa-leonor-y-la-infanta-sofia-con-su-abuela-la-reina-sofia\/\" data-mrf-recirculation=\"article-body-link\" rel=\"nofollow noopener\" target=\"_blank\">ntrega de los Premios Princesa de Asturias,<\/a> y de que el 21 de noviembre estuviera presente en el Palacio Rea<a class=\"hm-link ho-link\" href=\"https:\/\/www.hola.com\/realeza\/casa_espanola\/20251121868824\/el-gesto-de-carino-de-la-princesa-leonor-y-la-infanta-sofia-con-su-abuela-la-reina-sofia\/\" data-mrf-recirculation=\"article-body-link\" rel=\"nofollow noopener\" target=\"_blank\">l en la entrega del Tois\u00f3n de Oro por parte del rey Felipe a la reina Sof\u00eda,<\/a> por toda una vida de incansable entrega y servicio a la Corona y Espa\u00f1a.\u00a0<\/p>\n<p> <img src=\"https:\/\/www.europesays.com\/es\/wp-content\/uploads\/2025\/09\/f8526e4dad28-sofilisboa.jpg\"   width=\"762\" height=\"1024\" loading=\"lazy\" decoding=\"async\" alt=\"La infanta Sof\u00eda, en Lisboa\" fetchpriority=\"auto\" class=\"image ho-image\"\/>\u00a9 Casa Real<\/p>\n<p> <img src=\"https:\/\/www.europesays.com\/es\/wp-content\/uploads\/2025\/09\/5b48cf62d665-sofia2.jpg\"   width=\"698\" height=\"1024\" loading=\"lazy\" decoding=\"async\" alt=\"Infanta Sof\u00eda\" fetchpriority=\"auto\" class=\"image ho-image\"\/>\u00a9 @forward.collegeDos im\u00e1genes de la vida de la infanta Sof\u00eda en Portugal, donde est\u00e1 estudiando la carrera universitaria<\/p>\n<p id=\"e5Uvp9ZUlU\" data-wc=\"59\">Tras Lisboa, los siguientes cursos, la Infanta los realizar\u00e1 en Par\u00eds (Francia) y Berl\u00edn (Alemania) y aunque las clases se dan en ingl\u00e9s, habr\u00e1 optativas en portugu\u00e9s, franc\u00e9s y alem\u00e1n. De media, en cada aula hay <strong>15 alumnos por clase provenientes de 33 nacionalidades.<\/strong> Estudiar un curso en esta instituci\u00f3n cuesta unos 18.500 euros anuales que abonan los Reyes.\u00a0<\/p>\n","protected":false},"excerpt":{"rendered":"La infanta Sof\u00eda, de 18 a\u00f1os, est\u00e1 estudiando Ciencias Pol\u00edticas y Relaciones Internacionales en Portugal. En este primer&hellip;\n","protected":false},"author":2,"featured_media":279508,"comment_status":"","ping_status":"","sticky":false,"template":"","format":"standard","meta":{"footnotes":""},"categories":[174],"tags":[255,146,147,25,24,256,1026,1027,1029,23],"class_list":{"0":"post-279507","1":"post","2":"type-post","3":"status-publish","4":"format-standard","5":"has-post-thumbnail","7":"category-famosos","8":"tag-celebrities","9":"tag-entertainment","10":"tag-entretenimiento","11":"tag-es","12":"tag-espana","13":"tag-famosos","14":"tag-infanta-sofia","15":"tag-realeza","16":"tag-realeza-espanola","17":"tag-spain"},"share_on_mastodon":{"url":"https:\/\/pubeurope.com\/@es\/115689951984160255","error":""},"_links":{"self":[{"href":"https:\/\/www.europesays.com\/es\/wp-json\/wp\/v2\/posts\/279507","targetHints":{"allow":["GET"]}}],"collection":[{"href":"https:\/\/www.europesays.com\/es\/wp-json\/wp\/v2\/posts"}],"about":[{"href":"https:\/\/www.europesays.com\/es\/wp-json\/wp\/v2\/types\/post"}],"author":[{"embeddable":true,"href":"https:\/\/www.europesays.com\/es\/wp-json\/wp\/v2\/users\/2"}],"replies":[{"embeddable":true,"href":"https:\/\/www.europesays.com\/es\/wp-json\/wp\/v2\/comments?post=279507"}],"version-history":[{"count":0,"href":"https:\/\/www.europesays.com\/es\/wp-json\/wp\/v2\/posts\/279507\/revisions"}],"wp:featuredmedia":[{"embeddable":true,"href":"https:\/\/www.europesays.com\/es\/wp-json\/wp\/v2\/media\/279508"}],"wp:attachment":[{"href":"https:\/\/www.europesays.com\/es\/wp-json\/wp\/v2\/media?parent=279507"}],"wp:term":[{"taxonomy":"category","embeddable":true,"href":"https:\/\/www.europesays.com\/es\/wp-json\/wp\/v2\/categories?post=279507"},{"taxonomy":"post_tag","embeddable":true,"href":"https:\/\/www.europesays.com\/es\/wp-json\/wp\/v2\/tags?post=279507"}],"curies":[{"name":"wp","href":"https:\/\/api.w.org\/{rel}","templated":true}]}}