{"id":279509,"date":"2025-12-09T13:57:13","date_gmt":"2025-12-09T13:57:13","guid":{"rendered":"https:\/\/www.europesays.com\/es\/279509\/"},"modified":"2025-12-09T13:57:13","modified_gmt":"2025-12-09T13:57:13","slug":"la-tertuliana-colocada-por-pablo-iglesias-en-tve-asegura-que-ayuso-mata-mas-que-eta","status":"publish","type":"post","link":"https:\/\/www.europesays.com\/es\/279509\/","title":{"rendered":"La tertuliana colocada por Pablo Iglesias en TVE asegura que \u00abAyuso mata m\u00e1s que ETA\u00bb"},"content":{"rendered":"<p><strong>Alejandra Mart\u00ednez Velasco<\/strong>, tertuliana de TVE y<strong> <a href=\"https:\/\/www.libertaddigital.com\/espana\/politica\/2025-02-11\/una-tertuliana-de-pablo-iglesias-carga-contra-la-infiltrada-es-de-las-peliculas-mas-reaccionarias-y-peligrosas-7218565\/\" rel=\"nofollow noopener\" target=\"_blank\">trabajadora de Pablo Iglesias<\/a><\/strong><a href=\"https:\/\/www.libertaddigital.com\/espana\/politica\/2025-02-11\/una-tertuliana-de-pablo-iglesias-carga-contra-la-infiltrada-es-de-las-peliculas-mas-reaccionarias-y-peligrosas-7218565\/\" rel=\"nofollow noopener\" target=\"_blank\"> <\/a>en Canal Red, afirm\u00f3 este lunes en el programa Ma\u00f1aneros 360 de la cadena p\u00fablica que la gesti\u00f3n sanitaria de <a href=\"https:\/\/www.libertaddigital.com\/cultura\/2025-04-14\/56-minutos-contra-el-novio-de-ayuso-y-ni-rastro-de-begona-gomez-asi-manipula-rtve-7243081\/\" rel=\"nofollow noopener\" target=\"_blank\"><strong>Isabel D\u00edaz Ayuso<\/strong><\/a>, presidenta de la Comunidad de Madrid, \u00abmata m\u00e1s que ETA\u00bb, blanqueando as\u00ed a la<a href=\"https:\/\/www.libertaddigital.com\/espana\/politica\/2025-12-01\/el-psoe-vota-en-contra-de-prohibir-los-homenajes-y-actos-de-apoyo-a-terroristas-de-eta-7327458\/\" rel=\"nofollow noopener\" target=\"_blank\"><strong> banda terrorista que asesin\u00f3 a casi mil personas <\/strong><\/a>y sembr\u00f3 el terror durante d\u00e9cadas por todo el territorio espa\u00f1ol. Y al mismo tiempo, con esa afirmaci\u00f3n,<strong> acus\u00f3 al gobierno de Ayuso de realizar cr\u00edmenes sanguinarios<\/strong>.<\/p>\n<p>En repetidas ocasiones, esta tertuliana ha acusado a la presidenta de la Comunidad de Madrid de realizar una <strong>gesti\u00f3n \u00abhomicida\u00bb en las residencias<\/strong> y hace un mes se atrevi\u00f3 a decir en La 2 de TVE que \u00abhay que hacer frente a la derecha, echarles y <strong>hay que encargarse de que no vuelva a tocar ni a gestionar ni un euro de dinero p\u00fablico<\/strong>\u00ab, apuntando directamente a Isabel D\u00edaz Ayuso.<\/p>\n<p>En vez de pedir disculpas y arrepentirse, la polit\u00f3loga se ha reafirmado este martes en sus palabras y ha vuelto a se\u00f1alar que \u00abes verdad lo que dije y<strong> lo reitero orgullosa, Ayuso y su gesti\u00f3n sanitaria matan m\u00e1s que ETA<\/strong>\u00ab. Esta tertuliana se define en redes sociales como \u00abbisexual, feminista. Jurista y Polit\u00f3loga. Especialista en G\u00e9nero, Migraciones y Derechos Humanos\u00bb.<\/p>\n<p>En el mismo programa, <strong>Sarah Santaolalla<\/strong>, otra tertuliana que sale siempre al rescate del gobierno, afirm\u00f3 que <strong>\u00abante cualquier crisis hospitalaria en la Comunidad de Madrid la culpa va a estar en ETA<\/strong> constantemente. La realidad es que la gesti\u00f3n de Ayuso es en muchas ocasiones nefasta. Lo vivimos con las residencias, en el hospital de Torrej\u00f3n, con la sanidad y la educaci\u00f3n p\u00fablica desmanteladas. No es ETA, es una gesti\u00f3n c\u00ednica y negligente\u00bb.<\/p>\n<p>Tampoco se puede olvidar la reciente afirmaci\u00f3n de otra trabajadora de TVE, In\u00e9s Hernand, en Operaci\u00f3n Triunfo, quien asegur\u00f3 sobre ETA que \u00ab<strong>hay mucha tergiversaci\u00f3n<\/strong>\u00bb y que \u00ab<a href=\"https:\/\/www.libertaddigital.com\/espana\/2025-12-07\/polemica-en-ot-con-ines-hernand-hay-mucha-tergiversacion-con-eta-la-izquierda-abertzale-vasca-era-pacifista-7330233\/\" rel=\"nofollow noopener\" target=\"_blank\"><strong>la izquierda abertzale era pacifista<\/strong><\/a>\u00ab, en otro intento por blanquear a la banda terrorista.<\/p>\n<p>    Relacionado<\/p>\n<p>Para muchos tertulianos de la cadena p\u00fablica ETA ya no existe, sin embargo, en las \u00faltimas semanas se ha podido comprobar como los herederos de la banda terrorista agitan las calles con violencia. Hace unos d\u00edas, <a href=\"https:\/\/www.libertaddigital.com\/espana\/politica\/2025-12-05\/los-cachorros-proetarras-de-bildu-se-cargan-el-ultimo-toro-de-osborne-del-pais-vasco-por-espanolista-7329864\/\" rel=\"nofollow noopener\" target=\"_blank\"><strong>los cachorros proetarras de Bildu se cargaron el \u00faltimo toro de Osborne del Pa\u00eds Vasco por \u00abespa\u00f1olista<\/strong><\/a>\u00ab.<\/p>\n<p>Pero no fue el \u00fanico sabotaje, en los \u00faltimos d\u00edas, <a href=\"https:\/\/www.libertaddigital.com\/espana\/politica\/2025-12-05\/los-cachorros-proetarras-de-bildu-se-cargan-el-ultimo-toro-de-osborne-del-pais-vasco-por-espanolista-7329864\/\" rel=\"nofollow noopener\" target=\"_blank\"><strong>los proetarras han atacado con pintura roja a la sede del Partido Popular en Bilbao<\/strong><\/a> y han arrancado una bandera de Espa\u00f1a del exterior de la sede de la Tesorer\u00eda de la Seguridad Social en Vitoria. Adem\u00e1s, ha aparecido un cartel con <a href=\"https:\/\/www.libertaddigital.com\/espana\/politica\/2025-12-05\/los-cachorros-proetarras-de-bildu-se-cargan-el-ultimo-toro-de-osborne-del-pais-vasco-por-espanolista-7329864\/\" rel=\"nofollow noopener\" target=\"_blank\"><strong>varios pol\u00edticos con una diana sobre su cabeza <\/strong><\/a>en el campus universitario de \u00c1lava. Esta imagen amenazante apunta a pol\u00edticos como <a href=\"https:\/\/www.libertaddigital.com\/espana\/politica\/2025-12-05\/los-cachorros-proetarras-de-bildu-se-cargan-el-ultimo-toro-de-osborne-del-pais-vasco-por-espanolista-7329864\/\" rel=\"nofollow noopener\" target=\"_blank\"><strong>Santiago Abascal<\/strong><\/a> o la misma <a href=\"https:\/\/www.libertaddigital.com\/espana\/politica\/2025-12-05\/los-cachorros-proetarras-de-bildu-se-cargan-el-ultimo-toro-de-osborne-del-pais-vasco-por-espanolista-7329864\/\" rel=\"nofollow noopener\" target=\"_blank\"><strong>Isabel D\u00edaz Ayuso<\/strong><\/a>. Todo ello, coincidiendo con el <strong><a href=\"https:\/\/www.libertaddigital.com\/espana\/politica\/2025-12-01\/el-psoe-vota-en-contra-de-prohibir-los-homenajes-y-actos-de-apoyo-a-terroristas-de-eta-7327458\/\" rel=\"nofollow noopener\" target=\"_blank\">voto en contra del PSOE en el Congreso para prohibir los homenajes o apoyo a los asesinos<\/a><\/strong><a href=\"https:\/\/www.libertaddigital.com\/espana\/politica\/2025-12-01\/el-psoe-vota-en-contra-de-prohibir-los-homenajes-y-actos-de-apoyo-a-terroristas-de-eta-7327458\/\" rel=\"nofollow noopener\" target=\"_blank\"> <\/a>de la banda terrorista ETA.<\/p>\n","protected":false},"excerpt":{"rendered":"Alejandra Mart\u00ednez Velasco, tertuliana de TVE y trabajadora de Pablo Iglesias en Canal Red, afirm\u00f3 este lunes en&hellip;\n","protected":false},"author":2,"featured_media":279510,"comment_status":"","ping_status":"","sticky":false,"template":"","format":"standard","meta":{"footnotes":""},"categories":[171],"tags":[28284,146,147,25,24,2152,3515,14695,205,22397,17073,31836,23,214,3156],"class_list":{"0":"post-279509","1":"post","2":"type-post","3":"status-publish","4":"format-standard","5":"has-post-thumbnail","7":"category-tv","8":"tag-arnaldo-otegi","9":"tag-entertainment","10":"tag-entretenimiento","11":"tag-es","12":"tag-espana","13":"tag-eta","14":"tag-isabel-diaz-ayuso","15":"tag-javier-ruiz","16":"tag-madrid","17":"tag-pablo-iglesias","18":"tag-residencias","19":"tag-sarah-santaolalla","20":"tag-spain","21":"tag-tv","22":"tag-tve"},"share_on_mastodon":{"url":"https:\/\/pubeurope.com\/@es\/115689963291853458","error":""},"_links":{"self":[{"href":"https:\/\/www.europesays.com\/es\/wp-json\/wp\/v2\/posts\/279509","targetHints":{"allow":["GET"]}}],"collection":[{"href":"https:\/\/www.europesays.com\/es\/wp-json\/wp\/v2\/posts"}],"about":[{"href":"https:\/\/www.europesays.com\/es\/wp-json\/wp\/v2\/types\/post"}],"author":[{"embeddable":true,"href":"https:\/\/www.europesays.com\/es\/wp-json\/wp\/v2\/users\/2"}],"replies":[{"embeddable":true,"href":"https:\/\/www.europesays.com\/es\/wp-json\/wp\/v2\/comments?post=279509"}],"version-history":[{"count":0,"href":"https:\/\/www.europesays.com\/es\/wp-json\/wp\/v2\/posts\/279509\/revisions"}],"wp:featuredmedia":[{"embeddable":true,"href":"https:\/\/www.europesays.com\/es\/wp-json\/wp\/v2\/media\/279510"}],"wp:attachment":[{"href":"https:\/\/www.europesays.com\/es\/wp-json\/wp\/v2\/media?parent=279509"}],"wp:term":[{"taxonomy":"category","embeddable":true,"href":"https:\/\/www.europesays.com\/es\/wp-json\/wp\/v2\/categories?post=279509"},{"taxonomy":"post_tag","embeddable":true,"href":"https:\/\/www.europesays.com\/es\/wp-json\/wp\/v2\/tags?post=279509"}],"curies":[{"name":"wp","href":"https:\/\/api.w.org\/{rel}","templated":true}]}}