{"id":279511,"date":"2025-12-09T13:58:17","date_gmt":"2025-12-09T13:58:17","guid":{"rendered":"https:\/\/www.europesays.com\/es\/279511\/"},"modified":"2025-12-09T13:58:17","modified_gmt":"2025-12-09T13:58:17","slug":"justin-bieber-arremete-contra-apple-tras-reiterados-fallos-en-una-funcion-del-iphone-esto-dijo","status":"publish","type":"post","link":"https:\/\/www.europesays.com\/es\/279511\/","title":{"rendered":"Justin Bieber arremete contra Apple tras reiterados fallos en una funci\u00f3n del iPhone: esto dijo"},"content":{"rendered":"<p><b>Justin Bieber <\/b>utiliz\u00f3 nuevamente sus redes sociales para exponer una molestia tecnol\u00f3gica que, seg\u00fan \u00e9l, interfiere con su rutina diaria.\u00a0<\/p>\n<p>El cantante expres\u00f3 su <b>frustraci\u00f3n con una funci\u00f3n del iPhone<\/b> y gener\u00f3 una intensa conversaci\u00f3n entre sus seguidores sobre la experiencia de uso del dispositivo.<\/p>\n<p class=\"c-leatambien__titulo\"> LEA TAMBI\u00c9N <\/p>\n<p><img decoding=\"async\" alt=\"Influencer financiero\" width=\"120\" height=\"120\" loading=\"lazy\" src=\"https:\/\/imagenes2.eltiempo.com\/files\/image_120_120\/uploads\/2025\/12\/08\/6937227321126.png\" data-full-src=\"https:\/\/www.europesays.com\/es\/wp-content\/uploads\/2025\/12\/6937227321126.png\"\/><\/p>\n<p>El jueves, Bieber public\u00f3 un mensaje en Instagram en el que <b>critic\u00f3 el comportamiento del bot\u00f3n de dictado y la activaci\u00f3n involuntaria de notas de voz en la aplicaci\u00f3n de mensajer\u00eda del iPhone<\/b>. Sus comentarios desencadenaron reacciones inmediatas entre usuarios que compartieron inquietudes similares.<\/p>\n<p class=\"c-cuerpo__media__txt\">Afirm\u00f3 que el bot\u00f3n de dictado activa notas de voz aun deshabilitadas y pidi\u00f3 cambios urgentes hoy. Foto:EFE<\/p>\n<p class=\"c-leatambien__titulo\"> LEA TAMBI\u00c9N <\/p>\n<p><img decoding=\"async\" alt=\".\" width=\"120\" height=\"120\" loading=\"lazy\" src=\"https:\/\/imagenes2.eltiempo.com\/files\/image_120_120\/files\/fp\/uploads\/2025\/08\/01\/688cc837d8eed.r_d.333-150.jpeg\" data-full-src=\"https:\/\/www.europesays.com\/es\/wp-content\/uploads\/2025\/12\/688cc837d8eed.jpeg\"\/>Cr\u00edticas al funcionamiento del iPhone y reacciones en redes<\/p>\n<p>En su publicaci\u00f3n, Bieber escribi\u00f3: \u201cSi presiono el bot\u00f3n de dictado despu\u00e9s de enviar un mensaje y suena y detiene la m\u00fasica una vez m\u00e1s, voy a buscar a todos en Apple y les voy a hacer una llave de estrangulamiento\u201d. A\u00f1adi\u00f3 adem\u00e1s que, \u201caunque desactive el dictado, de alguna manera presiono la nota de voz. El bot\u00f3n de enviar no deber\u00eda tener varias funciones en el mismo lugar\u201d.<\/p>\n<p>Entre los seguidores del cantante, las respuestas aparecieron r\u00e1pidamente. Uno coment\u00f3: \u201cEl t\u00edtulo me lo est\u00e1 enviando, pero honestamente a Apple le gusta complicar las cosas simples\u201d. Otro usuario brome\u00f3 diciendo: \u201cS\u00e9 que capturar\u00e1n la pantalla, la imprimir\u00e1n y la colgar\u00e1n en su oficina\u201d.<\/p>\n<p class=\"c-cuerpo__media__txt\">Sus seguidores reaccionaron de inmediato y criticaron que Apple complique funciones b\u00e1sicas. Foto:iStock<\/p>\n<p class=\"c-leatambien__titulo\"> LEA TAMBI\u00c9N <\/p>\n<p><img decoding=\"async\" alt=\"Lo que revel\u00f3 la autopsia de Stefanie Pieper, 'influencer' hallada sin vida luego de su extra\u00f1a desaparici\u00f3n en Europa\" width=\"120\" height=\"120\" loading=\"lazy\" src=\"https:\/\/imagenes2.eltiempo.com\/files\/image_120_120\/files\/fp\/uploads\/2025\/12\/07\/693652d060838.r_d.338-169.png\" data-full-src=\"https:\/\/www.europesays.com\/es\/wp-content\/uploads\/2025\/12\/693652d060838.png\"\/>Publicaciones recientes y reflexiones personales del artista<\/p>\n<p>Durante el \u00faltimo a\u00f1o, Bieber ha utilizado de manera frecuente sus redes sociales para compartir <b>pensamientos sobre su bienestar emocional, su espiritualidad y su evoluci\u00f3n personal<\/b>. En agosto, el int\u00e9rprete de \u201cDaisies\u201d escribi\u00f3 en Instagram sobre su gratitud: \u201cAgradecido por un nuevo d\u00eda. Agradecido por Jes\u00fas. \u00c9l me recibe cada ma\u00f1ana con un perd\u00f3n y un amor que realmente no merezco\u201d. Continu\u00f3 afirmando: \u201cEstoy muy agradecido de que \u00e9l nos d\u00e9 este amor tan libremente, tan gentilmente\u201d y a\u00f1adi\u00f3: \u201cNo podr\u00eda pasar el d\u00eda sin su amor. Me toca en mi peor momento\u201d.<\/p>\n<p>Meses antes, en abril, Bieber reflexion\u00f3 sobre sus errores y su deseo de mejorar. \u201cSoy un tipo normal y corriente con defectos. He hecho cosas que han lastimado a otros. Sigo haciendo y diciendo cosas que lastiman a otros sin querer. Sin embargo, esta ma\u00f1ana me despert\u00e9 con otra oportunidad para crecer y no ser tan ego\u00edsta\u201d. Luego ampli\u00f3 su mensaje escribiendo: \u201cEl amor nos atrae. el amor no condena. el amor cree lo mejor. el amor todo lo espera y todo lo soporta. no guarda relaci\u00f3n del mal. el amor te ayuda a perdonar y amar incluso a tus enemigos\u201d.<\/p>\n<p>En otra publicaci\u00f3n, <b>el cantante coment\u00f3 sobre la vulnerabilidad que siente al hablar abiertamente sobre su ego\u00edsmo<\/b>: \u201cA veces pienso que me van a exponer si les digo a las personas lo ego\u00edsta que soy. Si lo admitiera, tal vez no les agradar\u00eda o no confiar\u00edan en m\u00ed\u201d.\u00a0<\/p>\n<p>Seg\u00fan explic\u00f3, tem\u00eda ser \u201cdescalificado de los sue\u00f1os que ten\u00eda de ser incluido\u201d, pero descubri\u00f3 que al ser honesto experimenta mayor libertad.<\/p>\n<p>MAR\u00cdA CAMILA SALAS V<\/p>\n<p>REDACCI\u00d3N ALCANCE DIGITAL<\/p>\n<p>EL TIEMPO<\/p>\n<p>M\u00e1s noticias en EL TIEMPO<\/p>\n","protected":false},"excerpt":{"rendered":"Justin Bieber utiliz\u00f3 nuevamente sus redes sociales para exponer una molestia tecnol\u00f3gica que, seg\u00fan \u00e9l, interfiere con su&hellip;\n","protected":false},"author":2,"featured_media":279512,"comment_status":"","ping_status":"","sticky":false,"template":"","format":"standard","meta":{"footnotes":""},"categories":[170],"tags":[2823,16360,48660,19913,146,147,25,24,7914,184,185,23],"class_list":{"0":"post-279511","1":"post","2":"type-post","3":"status-publish","4":"format-standard","5":"has-post-thumbnail","7":"category-musica","8":"tag-apple","9":"tag-arremete","10":"tag-bieber","11":"tag-contra","12":"tag-entertainment","13":"tag-entretenimiento","14":"tag-es","15":"tag-espana","16":"tag-justin","17":"tag-music","18":"tag-musica","19":"tag-spain"},"share_on_mastodon":{"url":"https:\/\/pubeurope.com\/@es\/115689968475608916","error":""},"_links":{"self":[{"href":"https:\/\/www.europesays.com\/es\/wp-json\/wp\/v2\/posts\/279511","targetHints":{"allow":["GET"]}}],"collection":[{"href":"https:\/\/www.europesays.com\/es\/wp-json\/wp\/v2\/posts"}],"about":[{"href":"https:\/\/www.europesays.com\/es\/wp-json\/wp\/v2\/types\/post"}],"author":[{"embeddable":true,"href":"https:\/\/www.europesays.com\/es\/wp-json\/wp\/v2\/users\/2"}],"replies":[{"embeddable":true,"href":"https:\/\/www.europesays.com\/es\/wp-json\/wp\/v2\/comments?post=279511"}],"version-history":[{"count":0,"href":"https:\/\/www.europesays.com\/es\/wp-json\/wp\/v2\/posts\/279511\/revisions"}],"wp:featuredmedia":[{"embeddable":true,"href":"https:\/\/www.europesays.com\/es\/wp-json\/wp\/v2\/media\/279512"}],"wp:attachment":[{"href":"https:\/\/www.europesays.com\/es\/wp-json\/wp\/v2\/media?parent=279511"}],"wp:term":[{"taxonomy":"category","embeddable":true,"href":"https:\/\/www.europesays.com\/es\/wp-json\/wp\/v2\/categories?post=279511"},{"taxonomy":"post_tag","embeddable":true,"href":"https:\/\/www.europesays.com\/es\/wp-json\/wp\/v2\/tags?post=279511"}],"curies":[{"name":"wp","href":"https:\/\/api.w.org\/{rel}","templated":true}]}}