{"id":279553,"date":"2025-12-09T14:27:14","date_gmt":"2025-12-09T14:27:14","guid":{"rendered":"https:\/\/www.europesays.com\/es\/279553\/"},"modified":"2025-12-09T14:27:14","modified_gmt":"2025-12-09T14:27:14","slug":"la-acuicultura-aporta-el-30-del-consumo-en-espana-y-genera-856-millones-en-primera-venta-interempresas-net","status":"publish","type":"post","link":"https:\/\/www.europesays.com\/es\/279553\/","title":{"rendered":"La acuicultura aporta el 30% del consumo en Espa\u00f1a y genera 856 millones en primera venta &#8211; Interempresas.net"},"content":{"rendered":"<ol>\n<li><a href=\"https:\/\/news.google.com\/rss\/articles\/CBMi3gFBVV95cUxNU2FqTXhZS2c0OWhTQ0lNU19HWHlHUzczQk1Jc2VfLW1YT3RVbGtEb2pEelFHZEM5WlJEVEhsM05LZURGVlROZF9udjhqc3pOdWV4UnFvY0wtQWNydFJJSndRZUhNTlJRX1pQcG55Q3lXcFFKZFc1MkNmMHo2c3lxLXowdnItaDdKdjZaVlVYNEY2NW00YUdlQTdqM0hxcGYxSnhZVlFCVW9qSjZRdFJQV0FuTzNfT0dGYlQ1MFF2dVdWMVhZVFczNVRIb0RIb1F5ODlHcTlQRmVadWdqZUE?oc=5\" target=\"_blank\" rel=\"nofollow noopener\">La acuicultura aporta el 30% del consumo en Espa\u00f1a y genera 856 millones en primera venta<\/a>&nbsp;&nbsp;Interempresas.net<\/li>\n<li><a href=\"https:\/\/news.google.com\/rss\/articles\/CBMi5wFBVV95cUxPdmJTRlFkakFMcWVqdWh1QWs2cU1NN3ZKV1Z3Zm9WY0I5RGNOZm8wVUpMNWJ0eFhJTGl6OXhjNENWWWJfZ043bGpGYS1KOFRJeDBWZ1RrMkpEckZSZFg4RE9HbEd6N3FMMy1LQTc3VVFLX2k1MHFYelMzY1RsdjBsRERRMF84RWFuQ0NtUUdjck52UUE5R25xVzN2bFJ1cDBCYXBkelVGSFJvRlRWbFFQQUsyQm5sb21ncEJtR2dmbFo1bnlQNUdDbzRrZ3lDanBFT2tOb0hjLXpFQlFneGdaeXgzSVFXekXSAYMCQVVfeXFMTjN3LUI4MkhESmJwN19DVjIxZ3Y0OHp0VnNTTXpuN09pamhMdlNrM3FBMFpxQW91Z3UzMHo2WFBYRDEwcUpxZUlPNlBBOFFkUkw3TWJFNVF0Z2J0MXFuTFBUdkQ4MnpFVTVESzBjblp4dF9tcTlYb1BFLU5mc19TRzNWazU5THVxN3RkMGx0UXlRMFZHODJ1Y0tfOW94VTNuV3NhSXUxZlRmTk9leUZic1NrTzc1VkN2SVJOYUViNHlEMVcyTnkyWlAtVkRjWm81aUpyY0JWakZBUzJxNHhReXE2UklvYk1Gb2pJZkNPcDg1Ym9MNGR5SUZKTXBvWllBRmtTUQ?oc=5\" target=\"_blank\" rel=\"nofollow noopener\">Las industrias pesqueras aprietan las tuercas por Navidad, que concentra el 30% de su negocio<\/a>&nbsp;&nbsp;La Voz de Galicia<\/li>\n<li><a href=\"https:\/\/news.google.com\/rss\/articles\/CBMimAFBVV95cUxQMDdCNml6aFlReGZGd2I0SjVtbkY5TWJkWG15YmNjdlpzcTVQclJRMFAxcWVoVUkyT01nd1h3eUZ2ZWRQdFNJYl9hX1hNby1ERjIyQ2g0d25wQm44cnVfeFRybG1CcXlMZExzblRzNTdFN0k2UFkyOWhwR01kS1RQMmJMYkw0QWhzWGlub1h5UzBMSTloalhOR9IBngFBVV95cUxQOVZoeGRrNlRWcHZOX2hmRGZNdUNMcUthMkcxdjlxUEo2ZjF1c3NNX1dZRXFPRUQzbjhkNDNfY25wZzRnMUV6cjJHSl9oRGl3emhtYmxvX2gtMEt2bjNtT3A5c2JPb1VaaWFOd3Qydng2YTFhSlpBNDA3Qko2X1ZxeFg3STZHYjRoNXhsbXNxNXFHREdMRlZjNjFBMzY2Zw?oc=5\" target=\"_blank\" rel=\"nofollow noopener\">La industria del mar aprieta las tuercas por Navidad para asegurar el 30% de su negocio<\/a>&nbsp;&nbsp;Faro de Vigo<\/li>\n<li><a href=\"https:\/\/news.google.com\/rss\/articles\/CBMimwFBVV95cUxONC14NFFQSzUtS2M5aHRnbjRDc3JDSFVZM1RiQmdWYzgyUHRPaHlrVFlPa29LblpJd0E4RGZLRk4yMHlJcnM4RlBvZV9pSFlpNC1ZOXdQQzZQcW1JZDRVU2xSX2J3Undzc29GSzdsaXZxTFlfZ3owS0Jwc2dmU1kxMGs3T0FkOGUzNllHNGJWVFg3MFctanNtRE5waw?oc=5\" target=\"_blank\" rel=\"nofollow noopener\">As\u00ed se prepara Mercamadrid para la campa\u00f1a navide\u00f1a<\/a>&nbsp;&nbsp;RTVE.es<\/li>\n<li><a href=\"https:\/\/news.google.com\/rss\/articles\/CBMikgFBVV95cUxNLUpCX1JWMUFQWFlrb2luMUNra3dfaGtTZHBIb1M3MmhqZDc2OWdJQmtTanJYeGVuMlZqeFVMM1A2dUVCZDhibVJJX1JoUmI0OUQ3cFJmaC1kb2pZOW4xaFJVRE1nT19uRlptdWduck9vTUt1WjZvODltTERnakRCTWIyLWV3UktBbmhtekx1NllWUQ?oc=5\" target=\"_blank\" rel=\"nofollow noopener\">La campa\u00f1a navide\u00f1a impulsa un 30 % de negocio en la pesca<\/a>&nbsp;&nbsp;cierval<\/li>\n<\/ol>\n","protected":false},"excerpt":{"rendered":"La acuicultura aporta el 30% del consumo en Espa\u00f1a y genera 856 millones en primera venta&nbsp;&nbsp;Interempresas.net Las industrias&hellip;\n","protected":false},"author":2,"featured_media":279554,"comment_status":"","ping_status":"","sticky":false,"template":"","format":"standard","meta":{"footnotes":""},"categories":[80],"tags":[82,95,94,25,24,23],"class_list":{"0":"post-279553","1":"post","2":"type-post","3":"status-publish","4":"format-standard","5":"has-post-thumbnail","7":"category-economia","8":"tag-business","9":"tag-economia","10":"tag-economy","11":"tag-es","12":"tag-espana","13":"tag-spain"},"share_on_mastodon":{"url":"https:\/\/pubeurope.com\/@es\/115690081215993164","error":""},"_links":{"self":[{"href":"https:\/\/www.europesays.com\/es\/wp-json\/wp\/v2\/posts\/279553","targetHints":{"allow":["GET"]}}],"collection":[{"href":"https:\/\/www.europesays.com\/es\/wp-json\/wp\/v2\/posts"}],"about":[{"href":"https:\/\/www.europesays.com\/es\/wp-json\/wp\/v2\/types\/post"}],"author":[{"embeddable":true,"href":"https:\/\/www.europesays.com\/es\/wp-json\/wp\/v2\/users\/2"}],"replies":[{"embeddable":true,"href":"https:\/\/www.europesays.com\/es\/wp-json\/wp\/v2\/comments?post=279553"}],"version-history":[{"count":0,"href":"https:\/\/www.europesays.com\/es\/wp-json\/wp\/v2\/posts\/279553\/revisions"}],"wp:featuredmedia":[{"embeddable":true,"href":"https:\/\/www.europesays.com\/es\/wp-json\/wp\/v2\/media\/279554"}],"wp:attachment":[{"href":"https:\/\/www.europesays.com\/es\/wp-json\/wp\/v2\/media?parent=279553"}],"wp:term":[{"taxonomy":"category","embeddable":true,"href":"https:\/\/www.europesays.com\/es\/wp-json\/wp\/v2\/categories?post=279553"},{"taxonomy":"post_tag","embeddable":true,"href":"https:\/\/www.europesays.com\/es\/wp-json\/wp\/v2\/tags?post=279553"}],"curies":[{"name":"wp","href":"https:\/\/api.w.org\/{rel}","templated":true}]}}