{"id":279555,"date":"2025-12-09T14:28:16","date_gmt":"2025-12-09T14:28:16","guid":{"rendered":"https:\/\/www.europesays.com\/es\/279555\/"},"modified":"2025-12-09T14:28:16","modified_gmt":"2025-12-09T14:28:16","slug":"cerca-de-70-periodistas-murieron-este-ano-en-el-mundo-casi-la-mitad-en-gaza-alerta-rsf","status":"publish","type":"post","link":"https:\/\/www.europesays.com\/es\/279555\/","title":{"rendered":"Cerca de 70 periodistas murieron este a\u00f1o en el mundo, casi la mitad en Gaza, alerta RSF"},"content":{"rendered":"<p>    <img src=\"https:\/\/www.europesays.com\/es\/wp-content\/uploads\/2025\/12\/2025-12-09T113A163A40Z-90608533.jpg\" width=\"1024\" height=\"682\" alt=\"\" loading=\"eager\" decoding=\"sync\" fetchpriority=\"high\"\/><\/p>\n<p>            afp_tickers        <\/p>\n<p>        Este contenido fue publicado en    <\/p>\n<p>        09 diciembre 2025 &#8211; 12:21\n<\/p>\n<p>En total 67 periodistas fueron asesinados en el mundo este a\u00f1o, casi la mitad de ellos en Gaza y nueve en M\u00e9xico, la mayor\u00eda a manos de los ej\u00e9rcitos o del crimen organizado, advierte Reporteros Sin Fronteras (RSF) en su informe de 2025 publicado el martes.<\/p>\n<p>\u00abLas acciones letales de los ej\u00e9rcitos \u2013regulares o no\u2013 y del crimen organizado han vuelto a propulsar los asesinatos de periodistas\u00bb, lament\u00f3 la organizaci\u00f3n de defensa de la libertad de prensa en su balance anual, que abarca del 1 de diciembre de 2024 al 1 de diciembre de 2025.<\/p>\n<p>En 2023, RSF dio cuenta de 49 reporteros asesinados, una de las cifras m\u00e1s bajas en las \u00faltimas dos d\u00e9cadas. Pero la guerra de Israel en la Franja de Gaza, desencadenada por los ataques sin precedentes de Ham\u00e1s del 7 de octubre de 2023, llevaron este balance a 66 decesos en 2024 y 67 en 2025.<\/p>\n<p>De estos 67, al menos 29 trabajadores de medios, todos palestinos, murieron en estos \u00faltimos 12 meses en Gaza \u00abpor ejercer su profesi\u00f3n\u00bb. El ej\u00e9rcito israel\u00ed es \u00abel enemigo n\u00famero uno de los periodistas\u00bb, fustiga la organizaci\u00f3n.<\/p>\n<p>\u00abA eso conduce el odio hacia los periodistas, a eso conduce la impunidad\u00bb, dijo a AFP la directora editorial de RSF, Anne Bocand\u00e9.<\/p>\n<p>Aunque, en las zonas de conflicto, los reporteros tienen que estar protegidos como los civiles, el ej\u00e9rcito israel\u00ed ha sido acusado en m\u00faltiples ocasiones de atacarlos deliberadamente, y es objeto de denuncias por cr\u00edmenes de guerra por esa causa.\u00a0<\/p>\n<p>Israel responde que atacaba al movimiento islamista Ham\u00e1s, considerado una organizaci\u00f3n terrorista por Estados Unidos y la Uni\u00f3n Europea.<\/p>\n<p>Bocand\u00e9 denuncia la tendencia a \u00abdenigrar\u00bb a los periodistas para \u00abjustificar los cr\u00edmenes\u00bb.<\/p>\n<p>\u00abNo se trata de balas perdidas. Es realmente un ataque dirigido a periodistas porque informan al mundo sobre lo que sucede en esos lugares\u00bb, explica.<\/p>\n<p>\u2013 M\u00e9xico y el crimen organizado \u2013<\/p>\n<p>En M\u00e9xico, nueve profesionales de la prensa fueron asesinados en 2025, lo que hace de este a\u00f1o el m\u00e1s mort\u00edfero de los \u00faltimos tres en el pa\u00eds latinoamericano, seg\u00fan la oeneg\u00e9. Y eso \u00aba pesar de los compromisos\u00bb que adquiri\u00f3 la presidenta izquierdista Claudia Sheinbaum, en el poder desde 2024.<\/p>\n<p>Las v\u00edctimas \u00abcubr\u00edan la actualidad local, denunciaban al crimen organizado o sus v\u00ednculos con la pol\u00edtica y hab\u00edan recibido amenazas de muerte expl\u00edcitas\u00bb, precisa la organizaci\u00f3n. Uno de ellos, Cayetano de Jes\u00fas Guerrero, incluso estaba bajo la protecci\u00f3n del Estado.<\/p>\n<p>Entre los que RSF califica como \u00abdepredadores de la prensa\u00bb, figura el Cartel Jalisco Nueva Generaci\u00f3n (CJNG), \u00abla organizaci\u00f3n criminal m\u00e1s violenta\u00bb de M\u00e9xico. En 2025, tres periodistas fueron asesinados en las zonas donde opera ese grupo, mientras cubr\u00edan temas relacionados con el narcotr\u00e1fico, la seguridad p\u00fablica o la corrupci\u00f3n local, detalla la organizaci\u00f3n.<\/p>\n<p>Sud\u00e1n, con cuatro periodistas fallecidos, y Ucrania, con tres, son los otros pa\u00edses m\u00e1s letales del mundo, seg\u00fan RSF.<\/p>\n<p>\u00abHoy hay un verdadero desaf\u00edo en que los gobiernos vuelvan a comprometerse con la cuesti\u00f3n de la protecci\u00f3n de los periodistas y no los conviertan, por el contrario, en objetivos\u00bb, a\u00f1ade.<\/p>\n<p>RSF tambi\u00e9n informa de 503 periodistas detenidos hasta la fecha en 47 pa\u00edses del mundo (121 en China, 48 en Rusia, 47 en Birmania), 135 periodistas desaparecidos, algunos desde hace m\u00e1s de 30 a\u00f1os, y 20 periodistas secuestrados, principalmente en Siria y Yemen.<\/p>\n<p>La organizaci\u00f3n menciona el exilio forzoso de los profesionales de la prensa en ciertos pa\u00edses, debido a las guerras o a las pol\u00edticas represivas en su contra.<\/p>\n<p>En El Salvador, por ejemplo, \u00abla ola represiva\u00bb que azota el pa\u00eds desde mayo de 2025 condena a los periodistas salvadore\u00f1os a huir: al menos 53 se han visto abocados al exilio entre enero y octubre de este a\u00f1o, advierte.<\/p>\n<p>arb-es\/jvb<\/p>\n","protected":false},"excerpt":{"rendered":"afp_tickers Este contenido fue publicado en 09 diciembre 2025 &#8211; 12:21 En total 67 periodistas fueron asesinados en&hellip;\n","protected":false},"author":2,"featured_media":279556,"comment_status":"","ping_status":"","sticky":false,"template":"","format":"standard","meta":{"footnotes":""},"categories":[42],"tags":[17,18,636,11892,5797,27495,13,14,28790,11,61,62,63,64,11895,19,20,7657,5798,9,67851,10,15,16,88,90,12,21,22,65,66,67],"class_list":{"0":"post-279555","1":"post","2":"type-post","3":"status-publish","4":"format-standard","5":"has-post-thumbnail","7":"category-internacional","8":"tag-breaking-news","9":"tag-breakingnews","10":"tag-conflict","11":"tag-crime","12":"tag-culture","13":"tag-drug-trafficking","14":"tag-featured-news","15":"tag-featurednews","16":"tag-freedom-of-the-press","17":"tag-headlines","18":"tag-internacional","19":"tag-international","20":"tag-international-news","21":"tag-internationalnews","22":"tag-justice-and-rights","23":"tag-latest-news","24":"tag-latestnews","25":"tag-law-and-order","26":"tag-mass-media","27":"tag-news","28":"tag-newspapers","29":"tag-noticias","30":"tag-noticias-destacadas","31":"tag-noticiasdestacadas","32":"tag-politics","33":"tag-ticker","34":"tag-titulares","35":"tag-ultimas-noticias","36":"tag-ultimasnoticias","37":"tag-world","38":"tag-world-news","39":"tag-worldnews"},"share_on_mastodon":{"url":"","error":"Validation failed: Text character limit of 500 exceeded"},"_links":{"self":[{"href":"https:\/\/www.europesays.com\/es\/wp-json\/wp\/v2\/posts\/279555","targetHints":{"allow":["GET"]}}],"collection":[{"href":"https:\/\/www.europesays.com\/es\/wp-json\/wp\/v2\/posts"}],"about":[{"href":"https:\/\/www.europesays.com\/es\/wp-json\/wp\/v2\/types\/post"}],"author":[{"embeddable":true,"href":"https:\/\/www.europesays.com\/es\/wp-json\/wp\/v2\/users\/2"}],"replies":[{"embeddable":true,"href":"https:\/\/www.europesays.com\/es\/wp-json\/wp\/v2\/comments?post=279555"}],"version-history":[{"count":0,"href":"https:\/\/www.europesays.com\/es\/wp-json\/wp\/v2\/posts\/279555\/revisions"}],"wp:featuredmedia":[{"embeddable":true,"href":"https:\/\/www.europesays.com\/es\/wp-json\/wp\/v2\/media\/279556"}],"wp:attachment":[{"href":"https:\/\/www.europesays.com\/es\/wp-json\/wp\/v2\/media?parent=279555"}],"wp:term":[{"taxonomy":"category","embeddable":true,"href":"https:\/\/www.europesays.com\/es\/wp-json\/wp\/v2\/categories?post=279555"},{"taxonomy":"post_tag","embeddable":true,"href":"https:\/\/www.europesays.com\/es\/wp-json\/wp\/v2\/tags?post=279555"}],"curies":[{"name":"wp","href":"https:\/\/api.w.org\/{rel}","templated":true}]}}