{"id":279567,"date":"2025-12-09T14:40:14","date_gmt":"2025-12-09T14:40:14","guid":{"rendered":"https:\/\/www.europesays.com\/es\/279567\/"},"modified":"2025-12-09T14:40:14","modified_gmt":"2025-12-09T14:40:14","slug":"juan-del-val-y-nuria-roca-se-gastan-el-premio-planeta-en-una-casa-en-la-sierra-de-gredos","status":"publish","type":"post","link":"https:\/\/www.europesays.com\/es\/279567\/","title":{"rendered":"Juan del Val y Nuria Roca se &#8216;gastan&#8217; el premio Planeta en una casa en la sierra de Gredos"},"content":{"rendered":"<p class=\"c-paragraph\">El matrimonio formado por Juan del Val y Nuria est\u00e1 finalizando la construcci\u00f3n de una casa en la localidad de Candeleda (\u00c1vila), <b>en plena sierra de Gredos.<\/b><\/p>\n<p class=\"c-paragraph\">Nuria Roca ha mostrado en las redes la evoluci\u00f3n de los trabajos as\u00ed como las consultas que est\u00e1n teniendo con el dise\u00f1ador, Pepe Leal, y la visita de toda la familia a la zona, <b>incluida su hermana, Ruth, que vive en Valencia.<\/b><\/p>\n<p class=\"c-paragraph\">Juan del Val consigui\u00f3 el premio Planeta 2025 en octubre pasado, con la novela <b>Vera, una historia de amor, dotado con un mill\u00f3n de euros <\/b>. La presentadora record\u00f3 la conversaci\u00f3n que mantuvo en El Hormiguero, que conduce Pablo Motos, cuando le preguntaron en qu\u00e9 iban a gastar\u00a0el dinero del Premio Planeta obtenido por\u00a0 su marido.\u00a0<\/p>\n<p class=\"c-paragraph\"><b>\u00abMe dijeron: &#8216;\u00bfQu\u00e9 vais a hacer? \u00bfTapar agujeros?&#8217;. Y dije: &#8216;Si ya est\u00e1 gastado&#8217;. Solo visualizaba la obra\u00bb<\/b>, admiti\u00f3.<\/p>\n<p class=\"c-paragraph\">Para cerrar la conversaci\u00f3n, Juan lanz\u00f3 una petici\u00f3n a\u00a0Pablo Motos:\u00a0<b>\u00abEspero que no me despidas\u00bb.\u00a0<\/b><\/p>\n","protected":false},"excerpt":{"rendered":"El matrimonio formado por Juan del Val y Nuria est\u00e1 finalizando la construcci\u00f3n de una casa en la&hellip;\n","protected":false},"author":2,"featured_media":279568,"comment_status":"","ping_status":"","sticky":false,"template":"","format":"standard","meta":{"footnotes":""},"categories":[174],"tags":[255,146,147,25,24,256,409,8015,1048,7745,23,32693],"class_list":{"0":"post-279567","1":"post","2":"type-post","3":"status-publish","4":"format-standard","5":"has-post-thumbnail","7":"category-famosos","8":"tag-celebrities","9":"tag-entertainment","10":"tag-entretenimiento","11":"tag-es","12":"tag-espana","13":"tag-famosos","14":"tag-juan","15":"tag-nuria","16":"tag-roca","17":"tag-se","18":"tag-spain","19":"tag-val"},"share_on_mastodon":{"url":"https:\/\/pubeurope.com\/@es\/115690132172501083","error":""},"_links":{"self":[{"href":"https:\/\/www.europesays.com\/es\/wp-json\/wp\/v2\/posts\/279567","targetHints":{"allow":["GET"]}}],"collection":[{"href":"https:\/\/www.europesays.com\/es\/wp-json\/wp\/v2\/posts"}],"about":[{"href":"https:\/\/www.europesays.com\/es\/wp-json\/wp\/v2\/types\/post"}],"author":[{"embeddable":true,"href":"https:\/\/www.europesays.com\/es\/wp-json\/wp\/v2\/users\/2"}],"replies":[{"embeddable":true,"href":"https:\/\/www.europesays.com\/es\/wp-json\/wp\/v2\/comments?post=279567"}],"version-history":[{"count":0,"href":"https:\/\/www.europesays.com\/es\/wp-json\/wp\/v2\/posts\/279567\/revisions"}],"wp:featuredmedia":[{"embeddable":true,"href":"https:\/\/www.europesays.com\/es\/wp-json\/wp\/v2\/media\/279568"}],"wp:attachment":[{"href":"https:\/\/www.europesays.com\/es\/wp-json\/wp\/v2\/media?parent=279567"}],"wp:term":[{"taxonomy":"category","embeddable":true,"href":"https:\/\/www.europesays.com\/es\/wp-json\/wp\/v2\/categories?post=279567"},{"taxonomy":"post_tag","embeddable":true,"href":"https:\/\/www.europesays.com\/es\/wp-json\/wp\/v2\/tags?post=279567"}],"curies":[{"name":"wp","href":"https:\/\/api.w.org\/{rel}","templated":true}]}}