{"id":279576,"date":"2025-12-09T14:47:09","date_gmt":"2025-12-09T14:47:09","guid":{"rendered":"https:\/\/www.europesays.com\/es\/279576\/"},"modified":"2025-12-09T14:47:09","modified_gmt":"2025-12-09T14:47:09","slug":"27-casos-y-4-muertes-tras-dos-nuevos-contagios","status":"publish","type":"post","link":"https:\/\/www.europesays.com\/es\/279576\/","title":{"rendered":"27 casos y 4 muertes tras dos nuevos contagios"},"content":{"rendered":"<p class=\"ft-text ft-helper-closenews\"><strong>El\u00a0<\/strong><a href=\"https:\/\/www.juntaex.es\/actualidad\" class=\"ft-link ft-link--decoration\" rel=\"nofollow noopener\" target=\"_blank\"><strong>Servicio Extreme\u00f1o de Salud (SES)<\/strong><\/a><strong>\u00a0<\/strong>ha confirmado<strong>\u00a0dos nuevos casos de fiebre del Nilo Occidental<\/strong>\u00a0en Extremadura.<strong>\u00a0<\/strong>Se trata de u<strong>na mujer de 60 a\u00f1os y un var\u00f3n de 71 a\u00f1os <\/strong>pertenecientes al \u00c1rea de Salud de Don Benito-Villanueva y ambos se encuentran hospitalizados en el Hospital Don Benito-Villanueva. De este modo, se eleva a 27 el n\u00famero de casos y a<strong>\u00a0cuatro<\/strong>\u00a0el de<strong>\u00a0fallecidos<\/strong>\u00a0(cifra sin precedentes) a causa de este virus transmitido por un mosquito del g\u00e9nero C\u00falex.\u00a0<\/p>\n<p class=\"ft-text\">Seis de los contagios han sido asintom\u00e1ticos, seg\u00fan ha detectado el\u00a0<strong>Banco de Sangre de Extremadura<\/strong>\u00a0en su colaboraci\u00f3n en la\u00a0<a href=\"https:\/\/www.elperiodicoextremadura.com\/extremadura\/2025\/09\/16\/especialista-virus-nilo-extremadura-hay-121614472.html\" class=\"ft-link ft-link--decoration\" rel=\"nofollow noopener\" target=\"_blank\">vigilancia de esta enfermedad.<\/a>\u00a0En este momento,\u00a0<strong>cuatro<\/strong><strong> pacientes contin\u00faan ingresados<\/strong>\u00a0en el Hospital Don Benito-Villanueva y uno en el de M\u00e9rida.<\/p>\n<p class=\"ft-text\">Los contagios se ceban especialmente con la regi\u00f3n, porque, a diferencia de a\u00f1os anteriores, no hay muertes registradas en otras comunidades y la inmensa mayor\u00eda de los casos se est\u00e1n produciendo en Extremadura. Durante 2024 se notificaron un total de<strong>\u00a032 casos de\u00a0<\/strong><a href=\"https:\/\/www.elperiodicoextremadura.com\/extremadura\/2025\/09\/30\/virus-nilo-encona-extremadura-tercer-122119733.html\" class=\"ft-link ft-link--decoration\" rel=\"nofollow noopener\" target=\"_blank\">Fiebre del Nilo Occidental en Extremadura<\/a>\u00a0y tres fallecidos.<\/p>\n<p>Autoprotecci\u00f3n<\/p>\n<p class=\"ft-text\">El problema es que,\u00a0<strong>pese a los tratamientos en zonas h\u00famedas, parques o espacios verdes<\/strong>, y pese a los m\u00e9todos de vigilancia,<strong>\u00a0el virus prolifera en determinadas condiciones y su control\u00a0<\/strong><a href=\"https:\/\/www.elperiodicoextremadura.com\/extremadura\/2025\/07\/25\/junta-lanza-campana-virus-nilo-120060167.html\" class=\"ft-link ft-link--decoration\" rel=\"nofollow noopener\" target=\"_blank\"><strong>es tremendamente complicado<\/strong><\/a>. As\u00ed lo explica el presidente del\u00a0<a href=\"https:\/\/www.vetercaceres.com\/\" class=\"ft-link ft-link--decoration\" rel=\"nofollow noopener\" target=\"_blank\">Colegio Oficial de Veterinarios de C\u00e1ceres<\/a>,\u00a0Juan Antonio Vicente B\u00e1ez.<strong>\u00a0De hecho, se\u00f1ala que<\/strong>\u00a0\u00abla actividad del vector no se reducir\u00e1 hasta que las temperaturas no disminuyan de los 20\u00baC\u00bb. De modo que, por el momento, \u00abla mejor medida es la autoprotecci\u00f3n que aconseja el SES\u00bb: cubrir el cuerpo con ropa adecuada, no pasear al amanecer ni al atardecer, no tener recipientes con agua en el exterior de las viviendas, usar repelentes\u2026<\/p>\n<p>El proceso<\/p>\n<p class=\"ft-text\">El profesional asegura que existen tratamientos que se aplican en estas zonas, generalmente eficaces, para lastrar la proliferaci\u00f3n de mosquitos del g\u00e9nero C\u00falex.<strong>\u00a0<\/strong>Estos mosquitos (vectores),<strong>\u00a0que contagian\u00a0<\/strong>la Fiebre del Nilo<strong>\u00a0a caballos y humanos con sus picaduras<\/strong>,\u00a0se infectan a trav\u00e9s de las aves silvestre (reservorios) que en sus viajes<strong>\u00a0desde \u00c1frica traen el virus.\u00a0<\/strong>El Servicio de Sanidad Animal, en colaboraci\u00f3n con la Consejer\u00eda de Agricultura, dispone de trampas de captura y adem\u00e1s existen \u00abcaballos centinela\u00bb a los que se les van tomando muestras. Son m\u00e9todos para conocer la circulaci\u00f3n del virus. Tambi\u00e9n hay sistemas activos de alerta como las propias donaciones de sangre, una v\u00eda por la se vienen detectando\u00a0<strong>sucesivos casos.<\/strong><\/p>\n<p>Situaci\u00f3n de vigilancia<\/p>\n<p class=\"ft-text\">La direcci\u00f3n del SES ha informado a las gerencias de las ocho \u00e1reas de salud de Extremadura para que se mantengan en \u00absituaci\u00f3n de vigilancia\u00bb ante cualquier sospecha de casos de cl\u00ednica compatible y para\u00a0<strong>mantener una actitud de \u00abalerta\u00bb frente a posibles casos,<\/strong>\u00a0con el fin de aumentar la capacidad diagn\u00f3stica, aunque<strong>\u00a0el 80 por ciento\u00a0<\/strong>de las infecciones en humanos<strong>\u00a0son asintom\u00e1ticas<\/strong>.<\/p>\n<p>Recomendaciones del SES<\/p>\n<ul class=\"ft-list ft-list--primary\">\n<li class=\"ft-list__item\">Mantener en buenas condiciones<strong>\u00a0piscinas, estanques o balsas.<\/strong><\/li>\n<li class=\"ft-list__item\">Procurar vaciar y evitar que contengan agua objetos como platos debajo de\u00a0<strong>tiestos, jarras, cubos, juguetes, platos de animales<\/strong>\u00a0dom\u00e9sticos y neum\u00e1ticos, entre otros.<\/li>\n<li class=\"ft-list__item\"><strong>Tapar recipientes o contenedore<\/strong>s con agua en el exterior, as\u00ed como mantener limpios los canalones de recolecci\u00f3n de aguas en los tejados y los desag\u00fces de los patios.<\/li>\n<li class=\"ft-list__item\">Vestir ropa de colores claros y, si es posible,<strong>\u00a0cubrir la mayor zona del cuerpo con manga larga<\/strong>, pantalones largos, calzado cerrado, etc\u00e9tera.<\/li>\n<li class=\"ft-list__item\">Evitar el uso de\u00a0<strong>jabones aromatizados, perfumes y aerosoles<\/strong>\u00a0para el pelo, ya que pueden atraer insectos, y utilizar repelentes e insecticidas de uso por el p\u00fablico en general, siempre que est\u00e9n autorizados como\u00a0<strong>loci\u00f3n, espray o pulseras.<\/strong><\/li>\n<li class=\"ft-list__item\">Instalar\u00a0<strong>mosquiteras en puertas y ventanas<\/strong>\u00a0para evitar as\u00ed la entrada de mosquitos.<\/li>\n<\/ul>\n<p data-close=\"closedContent\" class=\"subscribeHideForDisplay\">Suscr\u00edbete para seguir leyendo<\/p>\n","protected":false},"excerpt":{"rendered":"El\u00a0Servicio Extreme\u00f1o de Salud (SES)\u00a0ha confirmado\u00a0dos nuevos casos de fiebre del Nilo Occidental\u00a0en Extremadura.\u00a0Se trata de una mujer&hellip;\n","protected":false},"author":2,"featured_media":279577,"comment_status":"","ping_status":"","sticky":false,"template":"","format":"standard","meta":{"footnotes":""},"categories":[92],"tags":[23295,67854,25,24,7234,7751,165,5046,5024,166,23,2275],"class_list":{"0":"post-279576","1":"post","2":"type-post","3":"status-publish","4":"format-standard","5":"has-post-thumbnail","7":"category-salud","8":"tag-contagios","9":"tag-elevan","10":"tag-es","11":"tag-espana","12":"tag-extremadura","13":"tag-fiebre","14":"tag-health","15":"tag-nilo","16":"tag-nuevos","17":"tag-salud","18":"tag-spain","19":"tag-virus"},"share_on_mastodon":{"url":"https:\/\/pubeurope.com\/@es\/115690160029924034","error":""},"_links":{"self":[{"href":"https:\/\/www.europesays.com\/es\/wp-json\/wp\/v2\/posts\/279576","targetHints":{"allow":["GET"]}}],"collection":[{"href":"https:\/\/www.europesays.com\/es\/wp-json\/wp\/v2\/posts"}],"about":[{"href":"https:\/\/www.europesays.com\/es\/wp-json\/wp\/v2\/types\/post"}],"author":[{"embeddable":true,"href":"https:\/\/www.europesays.com\/es\/wp-json\/wp\/v2\/users\/2"}],"replies":[{"embeddable":true,"href":"https:\/\/www.europesays.com\/es\/wp-json\/wp\/v2\/comments?post=279576"}],"version-history":[{"count":0,"href":"https:\/\/www.europesays.com\/es\/wp-json\/wp\/v2\/posts\/279576\/revisions"}],"wp:featuredmedia":[{"embeddable":true,"href":"https:\/\/www.europesays.com\/es\/wp-json\/wp\/v2\/media\/279577"}],"wp:attachment":[{"href":"https:\/\/www.europesays.com\/es\/wp-json\/wp\/v2\/media?parent=279576"}],"wp:term":[{"taxonomy":"category","embeddable":true,"href":"https:\/\/www.europesays.com\/es\/wp-json\/wp\/v2\/categories?post=279576"},{"taxonomy":"post_tag","embeddable":true,"href":"https:\/\/www.europesays.com\/es\/wp-json\/wp\/v2\/tags?post=279576"}],"curies":[{"name":"wp","href":"https:\/\/api.w.org\/{rel}","templated":true}]}}