{"id":279594,"date":"2025-12-09T15:01:25","date_gmt":"2025-12-09T15:01:25","guid":{"rendered":"https:\/\/www.europesays.com\/es\/279594\/"},"modified":"2025-12-09T15:01:25","modified_gmt":"2025-12-09T15:01:25","slug":"cb-gran-canaria-baloncesto-lakovic-atraviesa-su-momento-mas-delicado-en-el-cb-gran-canaria","status":"publish","type":"post","link":"https:\/\/www.europesays.com\/es\/279594\/","title":{"rendered":"CB GRAN CANARIA BALONCESTO | Lakovic atraviesa su momento m\u00e1s delicado en el CB Gran Canaria"},"content":{"rendered":"<p class=\"ft-text ft-helper-closenews\">Aparecen las dudas con respecto al proyecto deportivo 2025-26 del <a class=\"ft-link ft-link--decoration\" href=\"https:\/\/www.laprovincia.es\/cb-gran-canaria\/\" rel=\"nofollow noopener\" target=\"_blank\">Dreamland Gran Canaria<\/a>. Su t\u00e9cnico, Jaka Lakovic, vive quiz\u00e1s su momento m\u00e1s delicado<strong> desde que llegara en el verano de 2022 a la Isla. <\/strong>El balc\u00e1nico, en este tiempo, se ha convertido en uno de los entrenadores m\u00e1s laureados de la historia de la entidad claretiana, junto a Luis Casimiro. Con \u00e9l en el banquillo, el equipo ha mostrado unas se\u00f1as de identidad que le han permitido consolidarse entre la nobleza del <a class=\"ft-link ft-link--decoration\" href=\"https:\/\/www.laprovincia.es\/tags\/baloncesto\/\" rel=\"nofollow noopener\" target=\"_blank\">baloncesto<\/a> espa\u00f1ol.<\/p>\n<p class=\"ft-text\">Pero ahora, con solo dos meses de competici\u00f3n en la presente temporada, el estratega amarillo parece que no consigue dar con la tecla, sobre todo en la Liga Endesa. En la Basketball <a class=\"ft-link ft-link--decoration\" href=\"https:\/\/www.laprovincia.es\/tags\/futbol\/\" rel=\"nofollow noopener\" target=\"_blank\">Champions League<\/a>, ning\u00fan reproche. Luce como l\u00edder invicto de su grupo a falta de una jornada (el <strong>martes 15 se mide al Benfica en el Arena <\/strong>en la \u00faltima), pero no se le pod\u00eda pedir menos a los insulares ante la entidad de los rivales.<\/p>\n<p class=\"ft-text\">Otra historia muy distinta es lo que est\u00e1 ocurriendo en la ACB, donde la competitividad resulta m\u00e1xima. En el campeonato liguero, el Dreamland Gran Canaria ocupa un discreto 13\u00ba puesto al caer el pasado domingo en la pista del Bilbao Basket; la sexta derrota despu\u00e9s de nueve jornadas consumidas de campeonato.<\/p>\n<p class=\"ft-text\">Un traspi\u00e9 que<strong> virtualmente deja al Granca sin la Copa del Rey<\/strong> a falta todav\u00eda de ocho jornadas para la conclusi\u00f3n de la primera vuelta, cuando se marca el corte definitivo para determinar qu\u00e9 equipos son los que disputan el torneo copero, que se celebrar\u00e1 en febrero en Valencia.<\/p>\n<p class=\"ft-text\">Pero m\u00e1s all\u00e1 de los resultados obtenidos, preocupa tambi\u00e9n las sensaciones que exhibe el actual Granca. Jaka Lakovic parece no encontrar la f\u00f3rmula para extraer el mejor rendimiento de las incorporaciones que llegaron en verano. Isaiah Wong, Braian Angola, Louis Labeyrie, <a class=\"ft-link ft-link--decoration\" href=\"https:\/\/www.laprovincia.es\/tags\/kur-kuath\/\" rel=\"nofollow noopener\" target=\"_blank\">Kur Kuath<\/a> y Eric Vila, en unos casos m\u00e1s que otros, no terminan de encajar en el engranaje t\u00e1ctico que propone el entrenador balc\u00e1nico. Salvo actuaciones puntuales, la regularidad no est\u00e1 siendo su punto fuerte. Adem\u00e1s, los que ya estaban en el plantel tambi\u00e9n muestran altibajos importantes, salvo alguna excepci\u00f3n.<\/p>\n<p class=\"ft-text\">Lo cierto es que, a estas alturas de la Liga Endesa, el entrenador balc\u00e1nico firma su \u00fanica racha negativa en el inicio desde que aterriz\u00f3 en la Isla. Es m\u00e1s, su balance de 3\/6 se convierte en el peor del cuadro claretiano desde la campa\u00f1a 2020-21. En aquella temporada, despu\u00e9s de nueve jornadas,<strong> el equipo que dirig\u00eda Porfi Fisac figuraba como farollillo rojo <\/strong>de la clasificaci\u00f3n con solo un triunfo, aunque terminar\u00eda jugando el Playoff.<\/p>\n<p class=\"ft-text\">En los tres cursos anteriores de Jaka Lakovic como m\u00e1ximo responsable <a class=\"ft-link ft-link--decoration\" href=\"https:\/\/www.laprovincia.es\/tags\/jaka-lakovic\/\" rel=\"nofollow noopener\" target=\"_blank\">t\u00e9cnico del Granca<\/a>, sus inicios ligueros hab\u00edan siempre resultado \u00f3ptimos. En el primero, 2022-23, los amarillos se situaban cuartos con siete victorias y dos derrotas. En el siguiente, 2023-24, marchaban octavos con un guarismo de 5\/4; y en la pasada campa\u00f1a, el 6\/3 les serv\u00eda para situarse quintos.<\/p>\n<p data-close=\"closedContent\" class=\"subscribeHideForDisplay\">Suscr\u00edbete para seguir leyendo<\/p>\n","protected":false},"excerpt":{"rendered":"Aparecen las dudas con respecto al proyecto deportivo 2025-26 del Dreamland Gran Canaria. Su t\u00e9cnico, Jaka Lakovic, vive&hellip;\n","protected":false},"author":2,"featured_media":279595,"comment_status":"","ping_status":"","sticky":false,"template":"","format":"standard","meta":{"footnotes":""},"categories":[269],"tags":[302,51381,299,298,2609,16929,168,2917,25,24,448,2918,50588,2812,23,167],"class_list":{"0":"post-279594","1":"post","2":"type-post","3":"status-publish","4":"format-standard","5":"has-post-thumbnail","7":"category-baloncesto","8":"tag-acb","9":"tag-atraviesa","10":"tag-baloncesto","11":"tag-basketball","12":"tag-cb","13":"tag-delicado","14":"tag-deportes","15":"tag-endesa","16":"tag-es","17":"tag-espana","18":"tag-historia","19":"tag-la-liga","20":"tag-lakovic","21":"tag-momento","22":"tag-spain","23":"tag-sports"},"share_on_mastodon":{"url":"https:\/\/pubeurope.com\/@es\/115690214906699846","error":""},"_links":{"self":[{"href":"https:\/\/www.europesays.com\/es\/wp-json\/wp\/v2\/posts\/279594","targetHints":{"allow":["GET"]}}],"collection":[{"href":"https:\/\/www.europesays.com\/es\/wp-json\/wp\/v2\/posts"}],"about":[{"href":"https:\/\/www.europesays.com\/es\/wp-json\/wp\/v2\/types\/post"}],"author":[{"embeddable":true,"href":"https:\/\/www.europesays.com\/es\/wp-json\/wp\/v2\/users\/2"}],"replies":[{"embeddable":true,"href":"https:\/\/www.europesays.com\/es\/wp-json\/wp\/v2\/comments?post=279594"}],"version-history":[{"count":0,"href":"https:\/\/www.europesays.com\/es\/wp-json\/wp\/v2\/posts\/279594\/revisions"}],"wp:featuredmedia":[{"embeddable":true,"href":"https:\/\/www.europesays.com\/es\/wp-json\/wp\/v2\/media\/279595"}],"wp:attachment":[{"href":"https:\/\/www.europesays.com\/es\/wp-json\/wp\/v2\/media?parent=279594"}],"wp:term":[{"taxonomy":"category","embeddable":true,"href":"https:\/\/www.europesays.com\/es\/wp-json\/wp\/v2\/categories?post=279594"},{"taxonomy":"post_tag","embeddable":true,"href":"https:\/\/www.europesays.com\/es\/wp-json\/wp\/v2\/tags?post=279594"}],"curies":[{"name":"wp","href":"https:\/\/api.w.org\/{rel}","templated":true}]}}