{"id":279598,"date":"2025-12-09T15:03:09","date_gmt":"2025-12-09T15:03:09","guid":{"rendered":"https:\/\/www.europesays.com\/es\/279598\/"},"modified":"2025-12-09T15:03:09","modified_gmt":"2025-12-09T15:03:09","slug":"elton-john-responde-a-las-criticas-por-la-limpieza-de-su-horno-con-un-sorprendente-video","status":"publish","type":"post","link":"https:\/\/www.europesays.com\/es\/279598\/","title":{"rendered":"Elton John responde a las cr\u00edticas por la limpieza de su horno con un sorprendente v\u00eddeo"},"content":{"rendered":"<p id=\"edezUG1NnR\" data-wc=\"145\">Elton John abri\u00f3 recientemente las puertas de su cocina para grabar un v\u00eddeo sobre la llegada de la Navidad y su canci\u00f3n Step into Christmas. Pero lo que m\u00e1s llam\u00f3 la atenci\u00f3n a sus fans fue un detalle que el cantante no esperaba: \u00abMuchas de las respuestas fueron algo negativas sobre, ya sab\u00e9is, lo sucia que est\u00e1 mi cocina, la puerta del horno, la ventana del horno\u00bb, ha comentado <a class=\"hm-link ho-link\" href=\"https:\/\/www.hola.com\/actualidad\/20251126869700\/elton-john-se-sincera-sobre-los-meses-mas-duros-de-su-vida-debido-a-la-ceguera-ha-sido-devastador\/\" data-mrf-recirculation=\"article-body-link\" rel=\"nofollow noopener\" target=\"_blank\">el artista brit\u00e1nico.<\/a> Elton John no pod\u00eda dejar que las cosas quedaran as\u00ed: \u00ab<strong>Puedo aseguraros que no tengo nada sucio en mi vida. Nunca he tenido nada sucio. No soy una persona sucia<\/strong>\u00ab, ha prometido, a\u00f1adiendo: \u00abVoy a hacer algo para demostrarlo\u00bb. Y, sin titubear, se ha puesto manos a la obra con unos guantes y un spray limpiador, las herramientas que ha utilizado para dejar su horno impecable, como puedes ver en este sorprendente v\u00eddeo.\u00a0<\/p>\n","protected":false},"excerpt":{"rendered":"Elton John abri\u00f3 recientemente las puertas de su cocina para grabar un v\u00eddeo sobre la llegada de la&hellip;\n","protected":false},"author":2,"featured_media":279599,"comment_status":"","ping_status":"","sticky":false,"template":"","format":"standard","meta":{"footnotes":""},"categories":[174],"tags":[517,255,3060,146,147,25,24,256,23],"class_list":{"0":"post-279598","1":"post","2":"type-post","3":"status-publish","4":"format-standard","5":"has-post-thumbnail","7":"category-famosos","8":"tag-actualidad","9":"tag-celebrities","10":"tag-elton-john","11":"tag-entertainment","12":"tag-entretenimiento","13":"tag-es","14":"tag-espana","15":"tag-famosos","16":"tag-spain"},"share_on_mastodon":{"url":"https:\/\/pubeurope.com\/@es\/115690223292178511","error":""},"_links":{"self":[{"href":"https:\/\/www.europesays.com\/es\/wp-json\/wp\/v2\/posts\/279598","targetHints":{"allow":["GET"]}}],"collection":[{"href":"https:\/\/www.europesays.com\/es\/wp-json\/wp\/v2\/posts"}],"about":[{"href":"https:\/\/www.europesays.com\/es\/wp-json\/wp\/v2\/types\/post"}],"author":[{"embeddable":true,"href":"https:\/\/www.europesays.com\/es\/wp-json\/wp\/v2\/users\/2"}],"replies":[{"embeddable":true,"href":"https:\/\/www.europesays.com\/es\/wp-json\/wp\/v2\/comments?post=279598"}],"version-history":[{"count":0,"href":"https:\/\/www.europesays.com\/es\/wp-json\/wp\/v2\/posts\/279598\/revisions"}],"wp:featuredmedia":[{"embeddable":true,"href":"https:\/\/www.europesays.com\/es\/wp-json\/wp\/v2\/media\/279599"}],"wp:attachment":[{"href":"https:\/\/www.europesays.com\/es\/wp-json\/wp\/v2\/media?parent=279598"}],"wp:term":[{"taxonomy":"category","embeddable":true,"href":"https:\/\/www.europesays.com\/es\/wp-json\/wp\/v2\/categories?post=279598"},{"taxonomy":"post_tag","embeddable":true,"href":"https:\/\/www.europesays.com\/es\/wp-json\/wp\/v2\/tags?post=279598"}],"curies":[{"name":"wp","href":"https:\/\/api.w.org\/{rel}","templated":true}]}}