{"id":279600,"date":"2025-12-09T15:04:28","date_gmt":"2025-12-09T15:04:28","guid":{"rendered":"https:\/\/www.europesays.com\/es\/279600\/"},"modified":"2025-12-09T15:04:28","modified_gmt":"2025-12-09T15:04:28","slug":"un-lujoso-atico-de-450-m%c2%b2-en-sao-paulo-con-vistas-espectaculares-luz-a-raudales-y-espacios-donde-todo-encaja","status":"publish","type":"post","link":"https:\/\/www.europesays.com\/es\/279600\/","title":{"rendered":"Un lujoso \u00e1tico de 450 m\u00b2 en S\u00e3o Paulo con vistas espectaculares, luz a raudales y espacios donde todo encaja"},"content":{"rendered":"<p id=\"eIXidpEOFo\" data-wc=\"93\">Si algo caracteriza el trabajo de <strong>Carolina Maluhy<\/strong> es que no cae en los artificios: dise\u00f1a casas pr\u00e1cticas, que duran y que acompa\u00f1an a quienes las habitan. Esa mezcla tan suya de <strong>arquitectura, interiorismo y funcionalidad,\u00a0<\/strong>m\u00e1s<strong>\u00a0<\/strong>centrada en <strong>c\u00f3mo vive la gente<\/strong> que en crear escenarios \u00abimpostados\u00bb, fue exactamente lo que convenci\u00f3 a los propietarios de este <strong>\u00e1tico en S\u00e3o Paulo.\u00a0<\/strong>Curiosamente, <strong>esa misma naturalidad<\/strong> es la que hace que, al final, <strong>su trabajo acabe en revistas,<\/strong> como esta vivienda: pr\u00e1ctica para quienes la viven, pero con una presencia que habla sola.\u00a0<\/p>\n<p id=\"ejgtPD1qRqq\" data-wc=\"52\">La familia lo ten\u00eda clar\u00edsimo. Quer\u00edan <strong>un piso amplio, luminoso y c\u00f3modo,\u00a0<\/strong>donde el d\u00eda a d\u00eda con dos ni\u00f1os peque\u00f1os no fuera una batalla contra el orden, sino algo natural. Espacios abiertos que favorecieran la conversaci\u00f3n, <a class=\"hm-link ho-link\" href=\"https:\/\/www.hola.com\/decoracion\/20251106865283\/salon-comodo-acogedor-trucos-interiorista-alejandra-padilla\/\" data-mrf-recirculation=\"article-body-link\" rel=\"nofollow noopener\" target=\"_blank\">zonas sociales bien integradas para recibir amigos,<\/a> y ambientes tranquilos donde cada uno pudiera desconectar.\u00a0<\/p>\n<p id=\"e7405t2oEVC\" data-wc=\"70\">Carolina entendi\u00f3 r\u00e1pido estas pautas y propuso una transformaci\u00f3n total. <strong>Reorganiz\u00f3 la distribuci\u00f3n,<\/strong> derrib\u00f3 paredes que no ten\u00edan sentido y apost\u00f3 por <strong>materiales resistentes y c\u00e1lidos<\/strong> que aguantan trote sin renunciar a la est\u00e9tica. Hoy, el \u00e1tico no solo est\u00e1 actualizado: es <strong>un hogar coherente, fluido y muy bien pensado.\u00a0<\/strong>La luz manda, la madera unifica y las piezas hechas a medida terminan de darle esa sensaci\u00f3n de proyecto s\u00f3lido.<\/p>\n<p>116<\/p>\n<p>  <img src=\"https:\/\/www.europesays.com\/es\/wp-content\/uploads\/2025\/12\/7ae553c40dc2-04rt.jpg\"   width=\"682\" height=\"1024\" loading=\"lazy\" decoding=\"async\" alt=\"Sal\u00f3n con librer\u00eda de suelo a techo y escalera helicoidal\" fetchpriority=\"auto\" class=\"image ho-image\"\/>\u00a9 Ruy Teixeira<\/p>\n<p> \u00a1Sorpresa!<\/p>\n<p id=\"eFBaHvoSJgT\">Cuando empez\u00f3 la obra, Carolina no se esperaba la primera gran noticia del proyecto: al desmontar el falso techo original <strong>descubrieron una altura mucho mayor de la que figuraba en los planos.\u00a0<\/strong>Y claro, eso lo cambi\u00f3 todo. Ese \u00abregalo\u00bb permiti\u00f3 trabajar el sal\u00f3n\u2013comedor con una sensaci\u00f3n de amplitud impresionante, <strong>abrir hueco para la librer\u00eda a doble altura<\/strong> y dise\u00f1ar la <a class=\"hm-link ho-link\" href=\"https:\/\/www.hola.com\/decoracion\/20191010150640\/ideas-decoracion-diseno-escalera-interior\/\" data-mrf-recirculation=\"article-body-link\" rel=\"nofollow noopener\" target=\"_blank\">escalera helicoidal como una pieza escult\u00f3rica<\/a>, de acero corten, que ordena el espacio sin imponerse.<\/p>\n<p>216<\/p>\n<p>  <img src=\"https:\/\/www.europesays.com\/es\/wp-content\/uploads\/2025\/12\/a05a105580a2-05rt.jpg\"   width=\"682\" height=\"1024\" loading=\"lazy\" decoding=\"async\" alt=\"Zona de estar con sof\u00e1 blanco y butacas de color rojo\" fetchpriority=\"auto\" class=\"image ho-image\"\/>\u00a9 Ruy Teixeira<\/p>\n<p> Una zona social muy c\u00f3moda\u00a0<\/p>\n<p id=\"e5WFsaHworL\">Justo despu\u00e9s de esa primera impresi\u00f3n del techo, la mirada va directa a la zona de estar, <a class=\"hm-link ho-link\" href=\"https:\/\/www.hola.com\/decoracion\/20240524254453\/ideas-acertar-distribucion-sala-estar-mc\/\" data-mrf-recirculation=\"article-body-link\" rel=\"nofollow noopener\" target=\"_blank\">organizada en una U que funciona de maravilla<\/a><strong>.\u00a0<\/strong>Frente al gran ventanal se coloc\u00f3 <strong>un sof\u00e1 blanco de tres plazas<\/strong> que deja claro que ese es el mejor sitio del sal\u00f3n; delante de la librer\u00eda, <strong>dos butacas rojas\u00a0<\/strong>ponen la nota vibrante \u2014como si a esta casa le hiciera falta m\u00e1s car\u00e1cter, \u00a1si va sobrada!\u2014; y cerrando la composici\u00f3n, <strong>un banco que suma asientos sin restar ligereza.\u00a0<\/strong>Todo gira alrededor de <strong>una mesa de centro generosa y robusta,\u00a0<\/strong>apoyada en una <strong>alfombra de patr\u00f3n geom\u00e9trico en tonos tierra<\/strong> que ordena el ambiente y le <strong>aporta ese punto gr\u00e1fico<\/strong> que termina de rematar la escena.<\/p>\n<p>316<\/p>\n<p>  <img src=\"https:\/\/www.europesays.com\/es\/wp-content\/uploads\/2025\/12\/8f54d236a4ce-12db.jpg\"   width=\"683\" height=\"1024\" loading=\"lazy\" decoding=\"async\" alt=\"Puertas acristaladas vestidas con visillos ligeros en blanco\" fetchpriority=\"auto\" class=\"image ho-image\"\/>\u00a9 Dora de Barros<\/p>\n<p> Cortinas que elevan el espacio<\/p>\n<p id=\"e53wJOdxE6-\">Las puertas acristaladas del sal\u00f3n se han vestido con <strong>u<\/strong><strong>nos visillos ligeros que llegan hasta el suelo.\u00a0<\/strong>Sin duda, la decisi\u00f3n m\u00e1s acertada, ya que con un techo tan alto, este tipo de cortina <strong>ayuda a mantener la proporci\u00f3n del espacio<\/strong> y evita que la pared se vea \u00abcortada\u00bb.\u00a0<\/p>\n<p id=\"e7qj60RaHVH\">Suavizan la luz, dan algo de privacidad, no restan amplitud y, como el riel queda escondido dentro del cortinero, todo se ve limpio. Los <strong>pliegues son suaves y la ca\u00edda es natural y sencilla<\/strong>, lo justo para que el sal\u00f3n se vea cuidado pero sin exageraciones. Es ese detalle que <a class=\"hm-link ho-link\" href=\"https:\/\/www.hola.com\/decoracion\/20251202870358\/metodo-efectivo-economico-transformar-casa\/\" data-mrf-recirculation=\"article-body-link\" rel=\"nofollow noopener\" target=\"_blank\">no llama la atenci\u00f3n, pero que hace que el espacio se sienta m\u00e1s agradable desde el minuto uno.<\/a><\/p>\n<p>416<\/p>\n<p>  <img src=\"https:\/\/www.europesays.com\/es\/wp-content\/uploads\/2025\/12\/918320705724-23rt.jpg\"   width=\"682\" height=\"1024\" loading=\"lazy\" decoding=\"async\" alt=\"Comedor con mesa de piedra natural y sillas tapizadas\" fetchpriority=\"auto\" class=\"image ho-image\"\/>\u00a9 Ruy Teixeira<\/p>\n<p> Elegante, s\u00ed\u2026 pero tambi\u00e9n muy c\u00f3modo<\/p>\n<p id=\"eWu_LFfUI0\">Junto a la zona de estar est\u00e1 el comedor, un espacio amplio con <strong>una mesa de travertino<\/strong> acompa\u00f1ada de <a class=\"hm-link ho-link\" href=\"https:\/\/www.hola.com\/decoracion\/20250822851491\/sillas-esteticas-comodas-para-dar-estilo-al-comedor-lm\/\" data-mrf-recirculation=\"article-body-link\" rel=\"nofollow noopener\" target=\"_blank\">sillas tapizadas de esas que son realmente c\u00f3modas,<\/a> de las que te permiten estar un buen rato sentado sin pensar en cambiarte al sof\u00e1. Y en el techo, <strong>una l\u00e1mpara l\u00edneas org\u00e1nicas\u00a0<\/strong>que aporta movimiento y un toque diferente.<\/p>\n<p id=\"eXofxYLZebG\">Durante el d\u00eda entra mucha luz y, por la noche, la iluminaci\u00f3n c\u00e1lida <strong>crea un ambiente relajado que sirve para todo:\u00a0<\/strong>comidas r\u00e1pidas, deberes, reuniones improvisadas o una cena con amigos.\u00a0<\/p>\n<p>516<\/p>\n<p>  <img src=\"https:\/\/www.europesays.com\/es\/wp-content\/uploads\/2025\/12\/8c939bfbd883-20db.jpg\"   width=\"683\" height=\"1024\" loading=\"lazy\" decoding=\"async\" alt=\"Aparador a medida con trasera de travertino\" fetchpriority=\"auto\" class=\"image ho-image\"\/>\u00a9 Dora de Barros<\/p>\n<p> Aliado del orden<\/p>\n<p id=\"ehydB3S5Klb\">La arquitecta remat\u00f3 el comedor con <a class=\"hm-link ho-link\" href=\"https:\/\/www.hola.com\/decoracion\/20221111220679\/aparadores-ideales-casa\/\" data-mrf-recirculation=\"article-body-link\" rel=\"nofollow noopener\" target=\"_blank\">un aparador hecho a medida en madera<\/a><strong>\u00a0<\/strong>y con la<strong>\u00a0<\/strong>trasera del mismo material que la mesa de comedor, <strong>lo que hace que todo quede unificado.\u00a0<\/strong>Es un mueble pr\u00e1ctico, con huecos para libros y piezas del menaje, y una repisa donde los jarrones de barro y las hojas verdes aportan un toque de vida.<\/p>\n<p>616<\/p>\n<p>  <img src=\"https:\/\/www.europesays.com\/es\/wp-content\/uploads\/2025\/12\/713ab1dac5b7-55rt.jpg\"   width=\"1024\" height=\"682\" loading=\"lazy\" decoding=\"async\" alt=\"Cocina con muebles de madera\" fetchpriority=\"auto\" class=\"image ho-image\"\/>\u00a9 Ruy Texeira<\/p>\n<p> Pr\u00e1ctica, c\u00e1lida y con mucho estilo<\/p>\n<p id=\"eR1z64Cvtz\">La cocina de este \u00e1tico demuestra que <strong>funcionalidad, calidez y buen dise\u00f1o<\/strong> pueden ir perfectamente de la mano. Gracias a la <strong>combinaci\u00f3n de madera natural y una suave laca verde,\u00a0<\/strong>se ha creado <strong>un ambiente moderno y muy acogedor.<\/strong>\u00a0<\/p>\n<p id=\"e-693yB0ztC\">Adem\u00e1s, <strong>el espacio se organiza en dos \u00e1reas claramente diferenciadas:<\/strong> la cocina propiamente dicha y <a class=\"hm-link ho-link\" href=\"https:\/\/www.hola.com\/decoracion\/20230928240171\/ideas-para-crear-una-zona-de-comedor-en-la-cocina-ms\/\" data-mrf-recirculation=\"article-body-link\" rel=\"nofollow noopener\" target=\"_blank\">un rinc\u00f3n de comedor con una mesa y un par de sillas.<\/a> La pared de esta \u00faltima zona se ha aprovechado al m\u00e1ximo mediante m\u00f3dulos de almacenaje que quedan totalmente integrados, ya que los frentes lisos, sin tiradores, comparten el mismo material y acabado que reviste todo el conjunto.<\/p>\n<p>716<\/p>\n<p>  <img src=\"https:\/\/www.europesays.com\/es\/wp-content\/uploads\/2025\/12\/ef90d8df1a4f-40rt.jpg\"   width=\"682\" height=\"1024\" loading=\"lazy\" decoding=\"async\" alt=\"Estanter\u00eda de madera que recorre la pared\" fetchpriority=\"auto\" class=\"image ho-image\"\/>\u00a9 Ruy Teixeira<\/p>\n<p> \u00a1Y subiendo!<\/p>\n<p id=\"ekuElwWXGL-\">La espectacular librer\u00eda contin\u00faa sin cortes <strong>desde el suelo del sal\u00f3n hasta el techo de la primera planta.<\/strong> No hay trucos ni cambios de material: la misma madera, el mismo ritmo de huecos y <strong>la misma presencia c\u00e1lida que ya se ve\u00eda abajo.\u00a0<\/strong><\/p>\n<p id=\"eYrLlLqMWLK\">Esa continuidad <a class=\"hm-link ho-link\" href=\"https:\/\/www.hola.com\/decoracion\/20220916217209\/diseno-espacios-doble-altura-decoracion-interiores-nu\/\" data-mrf-recirculation=\"article-body-link\" rel=\"nofollow noopener\" target=\"_blank\">hace que la doble altura tenga sentido y que la planta superior no parezca \u00abotra casa\u00bb<\/a><strong>,\u00a0<\/strong>sino una prolongaci\u00f3n natural de la zona social. La barandilla de cristal deja que la librer\u00eda sea la protagonista y que la circulaci\u00f3n se sienta ligera y abierta.\u00a0<\/p>\n<p>816<\/p>\n<p>  <img src=\"https:\/\/www.europesays.com\/es\/wp-content\/uploads\/2025\/12\/083d4be07724-45db.jpg\"   width=\"683\" height=\"1024\" loading=\"lazy\" decoding=\"async\" alt=\"Rinc\u00f3n de lectura junto a librer\u00eda\" fetchpriority=\"auto\" class=\"image ho-image\"\/>\u00a9 Dora de Barros<\/p>\n<p> Un rinc\u00f3n muy bien aprovechado<\/p>\n<p id=\"eyx943W08Al\">Siguiendo el recorrido por la planta superior, la librer\u00eda recorre todo el frente y gira en L, ocupando tambi\u00e9n la pared lateral. <a class=\"hm-link ho-link\" href=\"https:\/\/www.hola.com\/decoracion\/20250917855864\/ideas-rincon-lectura-acogedor-barato\/\" data-mrf-recirculation=\"article-body-link\" rel=\"nofollow noopener\" target=\"_blank\">Un rinc\u00f3n ideal para colocar una butaca tapizada,<\/a> c\u00f3moda y recogida, perfecta para leer, trabajar con calma o simplemente tener un momento de desconexi\u00f3n.<\/p>\n<p>916<\/p>\n<p>  <img src=\"https:\/\/www.europesays.com\/es\/wp-content\/uploads\/2025\/12\/63d6ef44ba9c-43rt.jpg\"   width=\"682\" height=\"1024\" loading=\"lazy\" decoding=\"async\" alt=\"Rinc\u00f3n de comedor con mesa redonda y cuadro azul en la pared\" fetchpriority=\"auto\" class=\"image ho-image\"\/>\u00a9 Ruy Teixeira<\/p>\n<p> Un comedor \u00edntimo que tambi\u00e9n sirve para trabajar o charlar<\/p>\n<p id=\"eZhBqaIaK5\">En esta primera planta tambi\u00e9n se ha creado <strong>un peque\u00f1o ambiente con una mesa redonda y dos sillas,\u00a0<\/strong>suficiente para comer algo r\u00e1pido, revisar correos o sentarse a conversar en un lugar m\u00e1s tranquilo. La decoraci\u00f3n sigue la misma l\u00ednea contempor\u00e1nea del resto de la casa: base neutra, piezas bien elegidas y <a class=\"hm-link ho-link\" href=\"https:\/\/www.hola.com\/decoracion\/20241112727110\/consejos-usar-color-en-espacios-minimalistas-am\/\" data-mrf-recirculation=\"article-body-link\" rel=\"nofollow noopener\" target=\"_blank\">toques de color a trav\u00e9s de obras de arte.\u00a0<\/a>En este caso, un cuadro azul de buen tama\u00f1o.<\/p>\n<p>1016<\/p>\n<p>  <img src=\"https:\/\/www.europesays.com\/es\/wp-content\/uploads\/2025\/12\/045bed931481-42db.jpg\"   width=\"683\" height=\"1024\" loading=\"lazy\" decoding=\"async\" alt=\"Mueble a medida en la pared del comedor\" fetchpriority=\"auto\" class=\"image ho-image\"\/>\u00a9 Dora de Barros<\/p>\n<p> Un mueble a medida que funciona como tabique y superficie de apoyo<\/p>\n<p id=\"emeegvhMG7U\">En este mini comedor, y siguiendo la misma l\u00f3gica que el aparador de la planta baja, Carolina dise\u00f1\u00f3 <strong>u<\/strong><a class=\"hm-link ho-link\" href=\"https:\/\/www.hola.com\/decoracion\/20240223249819\/ideas-separar-espacios-sin-tabiques-ms\/\" data-mrf-recirculation=\"article-body-link\" rel=\"nofollow noopener\" target=\"_blank\">n mueble a medida que ocupa toda la pared, de suelo a techo,\u00a0<\/a>justo frente a la zona de los espejos que se ve en la imagen anterior.\u00a0<\/p>\n<p id=\"eZocjIwR1GX\">Es <strong>de la misma madera del resto de la casa<\/strong> y tiene <strong>una hornacina central revestida en piedra natural,\u00a0<\/strong>que viene de maravilla para tener a mano esas bebidas que m\u00e1s se consumen en el d\u00eda a d\u00eda.<\/p>\n<p>1116<\/p>\n<p>  <img src=\"https:\/\/www.europesays.com\/es\/wp-content\/uploads\/2025\/12\/a15917faa1e1-52db.jpg\"   width=\"683\" height=\"1024\" loading=\"lazy\" decoding=\"async\" alt=\"Dormitorio principal con cabecero tapizado a rayas\" fetchpriority=\"auto\" class=\"image ho-image\"\/>\u00a9 Dora de Barros<\/p>\n<p> Calma y textura<\/p>\n<p id=\"e7DTdI9I53b\">Para decorar el dormitorio principal, se apost\u00f3 por la<strong>\u00a0<\/strong>neutralidad y el confort: <a class=\"hm-link ho-link\" href=\"https:\/\/www.hola.com\/decoracion\/20240919719213\/cabeceros-tapizados-para-enamorarte-de-tu-dormitorio\/\" data-mrf-recirculation=\"article-body-link\" rel=\"nofollow noopener\" target=\"_blank\">un cabezal tapizado a rayas en tonos suaves<\/a><strong>\u00a0<\/strong>que recorre la pared de la cama, mesilla en madera clara y textiles naturales. La suite <strong>tiene vestidor y dos ba\u00f1os independientes,<\/strong> lo que aporta funcionalidad real para el d\u00eda a d\u00eda. Nada barroco, nada fr\u00edo: una habitaci\u00f3n que baja revoluciones.<\/p>\n<p>1216<\/p>\n<p>  <img src=\"https:\/\/www.europesays.com\/es\/wp-content\/uploads\/2025\/12\/bb68b579d93a-65db.jpg\"   width=\"683\" height=\"1024\" loading=\"lazy\" decoding=\"async\" alt=\"Habitaci\u00f3n juvenil con cama nido\" fetchpriority=\"auto\" class=\"image ho-image\"\/>\u00a9 Dora de Barros<\/p>\n<p> El cuarto del ni\u00f1o<\/p>\n<p id=\"enJ-BSn1icU\"><strong>Tonos azules, l\u00edneas limpias y unas baldas\u00a0<\/strong>en el que colocar libros, figuras y objetos con un significado especial para el \u00abpeque\u00bb. La idea de poner <a class=\"hm-link ho-link\" href=\"https:\/\/www.hola.com\/decoracion\/20211027198553\/cama-nido-habitaciones-infantiles-mc\/\" data-mrf-recirculation=\"article-body-link\" rel=\"nofollow noopener\" target=\"_blank\">una cama nido que, durante el d\u00eda, hace las veces de sof\u00e1<\/a> consigue que el dormitorio no se sienta muy infantil.<\/p>\n<p>1316<\/p>\n<p>  <img src=\"https:\/\/www.europesays.com\/es\/wp-content\/uploads\/2025\/12\/0428f475ef9c-64rt.jpg\"   width=\"682\" height=\"1024\" loading=\"lazy\" decoding=\"async\" alt=\"Habitaci\u00f3n juvenil con composici\u00f3n de madera tipo puente \" fetchpriority=\"auto\" class=\"image ho-image\"\/>\u00a9 Ruy Teixeira<\/p>\n<p> Y el de la ni\u00f1a<\/p>\n<p id=\"ePFvjj0AQol\">Otro ejemplo de c\u00f3mo Carolina <strong>trabaja el color sin caer en estereotipos.\u00a0<\/strong>S\u00ed, hay rosa, pero <strong>un rosa elegante, lavado,\u00a0<\/strong>combinado con la calidez de <strong>una estanter\u00eda a medida, tipo puente,\u00a0<\/strong>que rodea cama. Los cojines cil\u00edndricos, el panelado y la ropa de cama crean <a class=\"hm-link ho-link\" href=\"https:\/\/www.hola.com\/decoracion\/20211014197238\/tendencias-decoracion-color-rosa-am\/\" data-mrf-recirculation=\"article-body-link\" rel=\"nofollow noopener\" target=\"_blank\">un ambiente dulce pero contempor\u00e1neo<\/a><strong>, q<\/strong>ue puede acompa\u00f1ar muchas etapas de crecimiento sin necesidad de reformar cada pocos a\u00f1os.<\/p>\n<p>1416<\/p>\n<p>  <img src=\"https:\/\/www.europesays.com\/es\/wp-content\/uploads\/2025\/12\/c03fc996b3b1-49db.jpg\"   width=\"683\" height=\"1024\" loading=\"lazy\" decoding=\"async\" alt=\"Cuarto de ba\u00f1o rustico con encimera de madera y lavabo de piedra\" fetchpriority=\"auto\" class=\"image ho-image\"\/>\u00a9 Dora de Barros<\/p>\n<p> Peque\u00f1o, pero con mucha personalidad<\/p>\n<p id=\"eL8haNE88Aa\"><a class=\"hm-link ho-link\" href=\"https:\/\/www.hola.com\/decoracion\/20250130809979\/aseo-cortesia-con-personalidad-y-encanto\/\" data-mrf-recirculation=\"article-body-link\" rel=\"nofollow noopener\" target=\"_blank\">El aseo de cortes\u00eda es un espacio peque\u00f1o, pero tiene algo especial.<\/a> Y es que todo se ha resuelto con <strong>piezas aut\u00e9nticas y con presencia.<\/strong> Con una encimera es de madera en estado casi bruto, sin barnices ni artificios; un lavabo de piedra sigue esa misma l\u00ednea natural; y detalles \u00e9tnicos \u2014tanto las cestas de fibra como los paip\u00e1is enmarcados que decoran una de las paredes\u2014, se ha conseguido <strong>un ba\u00f1o muy singular, sencillo, pero con car\u00e1cter propio.<\/strong> Un buen ejemplo de c\u00f3mo, incluso en pocos metros, se puede crear un ambiente que dice algo.<\/p>\n<p>1516<\/p>\n<p>  <img src=\"https:\/\/www.europesays.com\/es\/wp-content\/uploads\/2025\/12\/100208e80c23-51rt.jpg\"   width=\"1024\" height=\"682\" loading=\"lazy\" decoding=\"async\" alt=\"Terraza con cocina y zona de comedor\" fetchpriority=\"auto\" class=\"image ho-image\"\/>\u00a9 Ruy Teixeira<\/p>\n<p> El balc\u00f3n &#8216;gourmet&#8217;: el aut\u00e9ntico centro social<\/p>\n<p id=\"efh_xHlZGA\">Esta \u00e1rea es clave para la familia, que <strong>disfruta recibiendo amigos.<\/strong> En la imagen vemos un espacio abierto, <strong>organizado y pensado para cocinar mientras se charla:<\/strong> madera acanalada, encimeras duraderas y una gran mesa central acompa\u00f1ada de varias sillas. El techo de lamas filtra la luz y genera una sombra r\u00edtmica muy interesante. <a class=\"hm-link ho-link\" href=\"https:\/\/www.hola.com\/decoracion\/20240605254461\/cocinas-exteriores-jardin-am\/\" data-mrf-recirculation=\"article-body-link\" rel=\"nofollow noopener\" target=\"_blank\">Esta terraza es el coraz\u00f3n social de la vivienda,<\/a> perfecto para largos almuerzos de domingo y cenas informales.<\/p>\n<p>1616<\/p>\n<p>  <img src=\"https:\/\/www.europesays.com\/es\/wp-content\/uploads\/2025\/12\/ce0e4ce1358d-60rt.jpg\"   width=\"1024\" height=\"682\" loading=\"lazy\" decoding=\"async\" alt=\"Piscina en \u00e1tico con vistas\" fetchpriority=\"auto\" class=\"image ho-image\"\/>\u00a9 Ruy Teixeira<\/p>\n<p> Un respiro con vistas a S\u00e3o Paulo<\/p>\n<p id=\"ewYIkQ6Miuf\"><a class=\"hm-link ho-link\" href=\"https:\/\/www.hola.com\/viajes\/20240822712338\/terrazas-con-piscina-madrid\/\" data-mrf-recirculation=\"article-body-link\" rel=\"nofollow noopener\" target=\"_blank\">La piscina de la terraza<\/a> es uno de esos espacios que no necesitan mucha explicaci\u00f3n: <strong>se ve y apetece al instante.\u00a0<\/strong>La arquitecta la rode\u00f3 de <strong>vegetaci\u00f3n para darle privacidad<\/strong> y una sensaci\u00f3n m\u00e1s recogida, casi como un peque\u00f1o oasis en mitad de la ciudad. La barandilla de cristal deja <strong>las vistas completamente abiertas,\u00a0<\/strong>as\u00ed que mientras te das un ba\u00f1o o te tumbas en la hamaca, la ciudad aparece al fondo. \u00a1Un lujo!<\/p>\n","protected":false},"excerpt":{"rendered":"Si algo caracteriza el trabajo de Carolina Maluhy es que no cae en los artificios: dise\u00f1a casas pr\u00e1cticas,&hellip;\n","protected":false},"author":2,"featured_media":279601,"comment_status":"","ping_status":"","sticky":false,"template":"","format":"standard","meta":{"footnotes":""},"categories":[173],"tags":[229,233,231,230,8372,14046,232,253,234,146,147,25,24,14047,6120,23],"class_list":{"0":"post-279600","1":"post","2":"type-post","3":"status-publish","4":"format-standard","5":"has-post-thumbnail","7":"category-arte-y-diseno","8":"tag-arte","9":"tag-arte-y-diseno","10":"tag-arts","11":"tag-arts-and-design","12":"tag-decoracion","13":"tag-decoracion-de-interiores","14":"tag-design","15":"tag-discover","16":"tag-diseno","17":"tag-entertainment","18":"tag-entretenimiento","19":"tag-es","20":"tag-espana","21":"tag-ideas-decoracion","22":"tag-reformas","23":"tag-spain"},"share_on_mastodon":{"url":"https:\/\/pubeurope.com\/@es\/115690228063501223","error":""},"_links":{"self":[{"href":"https:\/\/www.europesays.com\/es\/wp-json\/wp\/v2\/posts\/279600","targetHints":{"allow":["GET"]}}],"collection":[{"href":"https:\/\/www.europesays.com\/es\/wp-json\/wp\/v2\/posts"}],"about":[{"href":"https:\/\/www.europesays.com\/es\/wp-json\/wp\/v2\/types\/post"}],"author":[{"embeddable":true,"href":"https:\/\/www.europesays.com\/es\/wp-json\/wp\/v2\/users\/2"}],"replies":[{"embeddable":true,"href":"https:\/\/www.europesays.com\/es\/wp-json\/wp\/v2\/comments?post=279600"}],"version-history":[{"count":0,"href":"https:\/\/www.europesays.com\/es\/wp-json\/wp\/v2\/posts\/279600\/revisions"}],"wp:featuredmedia":[{"embeddable":true,"href":"https:\/\/www.europesays.com\/es\/wp-json\/wp\/v2\/media\/279601"}],"wp:attachment":[{"href":"https:\/\/www.europesays.com\/es\/wp-json\/wp\/v2\/media?parent=279600"}],"wp:term":[{"taxonomy":"category","embeddable":true,"href":"https:\/\/www.europesays.com\/es\/wp-json\/wp\/v2\/categories?post=279600"},{"taxonomy":"post_tag","embeddable":true,"href":"https:\/\/www.europesays.com\/es\/wp-json\/wp\/v2\/tags?post=279600"}],"curies":[{"name":"wp","href":"https:\/\/api.w.org\/{rel}","templated":true}]}}