{"id":27961,"date":"2025-08-05T20:28:08","date_gmt":"2025-08-05T20:28:08","guid":{"rendered":"https:\/\/www.europesays.com\/es\/27961\/"},"modified":"2025-08-05T20:28:08","modified_gmt":"2025-08-05T20:28:08","slug":"el-pp-se-burla-del-nombramiento-de-un-director-del-gabinete-del-director-del-gabinete-de-sanchez-un-puesto-que-tambien-tuvo-rajoy","status":"publish","type":"post","link":"https:\/\/www.europesays.com\/es\/27961\/","title":{"rendered":"El PP se burla del nombramiento de un \u00abdirector del Gabinete del director del Gabinete de S\u00e1nchez\u00bb, un puesto que tambi\u00e9n tuvo Rajoy"},"content":{"rendered":"<p class=\"article-text\">\n        Varios miembros del PP se han burlado en las \u00faltimas horas del nombramiento de Jorge P\u00e9rez Naharro como\u201c nuevo director del Gabinete del director del Gabinete de Presidencia\u201d. \u201cLo publican en agosto para que no te enteres\u201d, ha difundido, por ejemplo, el diputado Sergio Sayas en X.\n    <\/p>\n<p class=\"article-text\">\n        El PP critica un puesto que ellos tambi\u00e9n ten\u00edan durante el gobierno de Mariano Rajoy en 2012. <a href=\"https:\/\/maldita.es\/malditateexplica\/20240930\/directora-gabinete-director-gabinete-nombramiento\/\" target=\"_blank\" data-mrf-recirculation=\"links-noticia\" class=\"link\" rel=\"nofollow noopener\">Como recordaba Maldita hace un a\u00f1o<\/a> por una pol\u00e9mica similar, en 2012 el Ejecutivo del PP elegi\u00f3 a Valentina Mart\u00ednez Ferro como directora del Gabinete del director del Gabinete de la Presidencia del Gobierno. La orden <a href=\"https:\/\/www.boe.es\/buscar\/doc.php?id=BOE-A-2012-732\" target=\"_blank\" data-mrf-recirculation=\"links-noticia\" class=\"link\" rel=\"nofollow noopener\">est\u00e1 en el BOE<\/a> y la firmaba Soraya S\u00e1enz de Santamar\u00eda, entonces vicepresidenta. El puesto, seg\u00fan explicaba Maldita, lleva existiendo desde al menos 2005.\n    <\/p>\n<p class=\"article-text\">\n        Los miembros del PP est\u00e1n difundiendo el pantallazo del Bolet\u00edn Oficial del Estado (BOE) de este martes con la designaci\u00f3n de Jorge P\u00e9rez Naharro como \u201cDirector del Gabinete del Director del Gabinete\u201d \u2014en sustituci\u00f3n de Ana Ruip\u00e9rez N\u00fa\u00f1ez\u2014 y lo acompa\u00f1an de mensajes que dan a entender que se trata de un invento nuevo, pese a que no es as\u00ed.\n    <\/p>\n<p class=\"article-text\">\n        \u201cYa tenemos jefe de gabinete del jefe de gabinete de S\u00e1nchez\u2026 s\u00f3lo han tenido que esperar a que fuera agosto para publicarlo en el BOE\u201d, dice el portavoz del Gobierno de la Comunidad de Madrid, Miguel \u00c1ngel Garc\u00eda Mart\u00edn. \u201c\u00a1Nos toman por tontos!\u201d, ha dicho tambi\u00e9n el diputado Antonio Rom\u00e1n.\n    <\/p>\n<blockquote class=\"twitter-tweet\" data-lang=\"es\"><p><a href=\"https:\/\/twitter.com\/X\/status\/1952634369731948776?ref_src=twsrc%5Etfw\" rel=\"nofollow noopener\" target=\"_blank\"><\/p><\/blockquote>\n<blockquote class=\"twitter-tweet\" data-lang=\"es\"><p><a href=\"https:\/\/twitter.com\/X\/status\/1952686936541257741?ref_src=twsrc%5Etfw\" rel=\"nofollow noopener\" target=\"_blank\"><\/p><\/blockquote>\n<p class=\"text\">\n        En alg\u00fan lugar hay algo que necesitas leer.\n    <\/p>\n<p>            <script async src=\"https:\/\/platform.twitter.com\/widgets.js\" charset=\"utf-8\"><\/script><\/p>\n","protected":false},"excerpt":{"rendered":"Varios miembros del PP se han burlado en las \u00faltimas horas del nombramiento de Jorge P\u00e9rez Naharro como\u201c&hellip;\n","protected":false},"author":2,"featured_media":27962,"comment_status":"","ping_status":"","sticky":false,"template":"","format":"standard","meta":{"footnotes":""},"categories":[8],"tags":[17,18,15175,411,25,24,13,14,15176,11,19,20,9,8033,10,15,16,956,3576,15178,199,23,12,15177,21,22],"class_list":{"0":"post-27961","1":"post","2":"type-post","3":"status-publish","4":"format-standard","5":"has-post-thumbnail","7":"category-espana","8":"tag-breaking-news","9":"tag-breakingnews","10":"tag-burla","11":"tag-director","12":"tag-es","13":"tag-espana","14":"tag-featured-news","15":"tag-featurednews","16":"tag-gabinete","17":"tag-headlines","18":"tag-latest-news","19":"tag-latestnews","20":"tag-news","21":"tag-nombramiento","22":"tag-noticias","23":"tag-noticias-destacadas","24":"tag-noticiasdestacadas","25":"tag-pp","26":"tag-puesto","27":"tag-rajoy","28":"tag-sanchez","29":"tag-spain","30":"tag-titulares","31":"tag-tuvo","32":"tag-ultimas-noticias","33":"tag-ultimasnoticias"},"share_on_mastodon":{"url":"","error":""},"_links":{"self":[{"href":"https:\/\/www.europesays.com\/es\/wp-json\/wp\/v2\/posts\/27961","targetHints":{"allow":["GET"]}}],"collection":[{"href":"https:\/\/www.europesays.com\/es\/wp-json\/wp\/v2\/posts"}],"about":[{"href":"https:\/\/www.europesays.com\/es\/wp-json\/wp\/v2\/types\/post"}],"author":[{"embeddable":true,"href":"https:\/\/www.europesays.com\/es\/wp-json\/wp\/v2\/users\/2"}],"replies":[{"embeddable":true,"href":"https:\/\/www.europesays.com\/es\/wp-json\/wp\/v2\/comments?post=27961"}],"version-history":[{"count":0,"href":"https:\/\/www.europesays.com\/es\/wp-json\/wp\/v2\/posts\/27961\/revisions"}],"wp:featuredmedia":[{"embeddable":true,"href":"https:\/\/www.europesays.com\/es\/wp-json\/wp\/v2\/media\/27962"}],"wp:attachment":[{"href":"https:\/\/www.europesays.com\/es\/wp-json\/wp\/v2\/media?parent=27961"}],"wp:term":[{"taxonomy":"category","embeddable":true,"href":"https:\/\/www.europesays.com\/es\/wp-json\/wp\/v2\/categories?post=27961"},{"taxonomy":"post_tag","embeddable":true,"href":"https:\/\/www.europesays.com\/es\/wp-json\/wp\/v2\/tags?post=27961"}],"curies":[{"name":"wp","href":"https:\/\/api.w.org\/{rel}","templated":true}]}}