{"id":279624,"date":"2025-12-09T15:24:11","date_gmt":"2025-12-09T15:24:11","guid":{"rendered":"https:\/\/www.europesays.com\/es\/279624\/"},"modified":"2025-12-09T15:24:11","modified_gmt":"2025-12-09T15:24:11","slug":"jesus-ramirez-entrenador-del-casademont-zaragoza-tenemos-un-ojo-en-el-fin-de-semana-el-periodico-de-aragon","status":"publish","type":"post","link":"https:\/\/www.europesays.com\/es\/279624\/","title":{"rendered":"Jes\u00fas Ram\u00edrez, entrenador del Casademont Zaragoza: &quot;Tenemos un ojo en el fin de semana&quot; &#8211; El Peri\u00f3dico de Arag\u00f3n"},"content":{"rendered":"<ol>\n<li><a href=\"https:\/\/news.google.com\/rss\/articles\/CBMiuwFBVV95cUxOcTlMR3JtRVczM3gxbzZVTllVRzU5RVBWYmNBZWV0WjhNeHNNVlh4QUdDdVM0dlBhLVpySVpFTTJOZDVwNmttTUtld0NzOUZWX2xxSUJ4cDB6NTNBcUZZRmxsUUdhbm5vd2o3TUpWR09wMVdvcWhMd2xzY1NxdDhYX1FLYm1yUExjME5Vdi1lalh3V2s1bGRJeDVLRHhpM3RyOXpGdlFiU1NROEtYY2NZamZpUEZQMEo3REhZ0gHAAUFVX3lxTE1FVjBkbDZDbTM0c2FJTU42cXpGZHJRaE5wTkpsTGdIUlBTMUdtZUlhX01VQklDVURZNUdfSmxVTjhxb1U2MlYzRkdUbVBEeVVjLW5ldEdXMk5CamlNQi1SWEN0NnhLdGVpLWoyZVdwS1B6WHZzZUQ5ZERuZmwzTFhsUGNUN1hrcTdjc3dZU1oxME05SXFwUkdVdjNaQ1dKQUlWQ1EzQ2dqaTljamh2Y1VpN1lHWlQxUWpZRF9rNlZWRg?oc=5\" target=\"_blank\" rel=\"nofollow noopener\">Jes\u00fas Ram\u00edrez, entrenador del Casademont Zaragoza: \u00abTenemos un ojo en el fin de semana\u00bb<\/a>&nbsp;&nbsp;El Peri\u00f3dico de Arag\u00f3n<\/li>\n<li><a href=\"https:\/\/news.google.com\/rss\/articles\/CBMi1AFBVV95cUxQNnhsMDRzSTB3UnI1V0J6ZGIyUlJQQWxuR3dacGhOdUZDbGVVODFDZWpIOGNvcTEwLTJMTGp4LU4waWg5bjhFQ1hTazJFSllxcDdJMnJmQVpYNjlhenFTQkFKSUpJZE9YaGxNRGhhQ2xDNF9NT0ZBNGRUeHlMN0gxRlJfeHFHYlNBNVJrNWFDR2IzcENNRE1DWUgxTEZQdmUwNExYdGwtR3l3N3hJSm95Y0tOemRRZXkwMGlKdFJ5TVA4dWVtTzNTaWZ6b1JXblpQMElzLdIB2gFBVV95cUxOLVpXdFlmMHZLMUw0bk1LTkd1ZjAzMVVqYkdzWjkwdHl3YjNMVjRacGszQWpRSjZhZ2Yta0R6cy0tamI3Nmg4bjh5RDBHX0hxbmwtNHNFSkFER0pRY1p6bE1IT016VHhKODFhVUMxZlJJQVpxeE1LRjRVUE1ZVE1RX3Z6X0xFUjdIbkJyQ2JOUXVTRkltUmVQVHhuczU2aW5yM09RUXhpLThyY3k1cjNBQ2F2UGpyREYxVDBhLTFYeTF2U081a1VxMlNZUlBoUGVhRUNXV0ttVGxyZw?oc=5\" target=\"_blank\" rel=\"nofollow noopener\">Horario y d\u00f3nde ver gratis el partido Casademont Zaragoza-Peristeri<\/a>&nbsp;&nbsp;heraldo.es<\/li>\n<li><a href=\"https:\/\/news.google.com\/rss\/articles\/CBMi9gFBVV95cUxQUGhoSmFDcGZkU0pRMENnZ1lIaWd4RjA3c2ZpYU1uSV9kdnJBa3dJbjM2M2k3RXpodzdoUVRBMzB1Q1FFbXNQN3FpTXBELXk2MDlkeThQdjE5RUpnQzllYmJVaFdOaTZiUkc5dXhLV1c4OFFkN0Y3cEZueTBlQlI3dW5Pa05KRWV6MFBILW9qbUg2Vk51cy1SX09Zc0Utc1dnWTFGWnNXOHczdDRrOTh0VTFGX291ck0yY2FtRHZXWnp2bUl4b1YwREJsUV8zaDA5Z0pDRjMtVVEybVNVWHg0dTJ3M0pENEFhT0VMY2lhTFl6NHYwR1E?oc=5\" target=\"_blank\" rel=\"nofollow noopener\">Jes\u00fas Ram\u00edrez, sobre la segunda fase de la FIBA Europe Cup: \u00abLos tres partidos de casa son casi como finales\u00bb<\/a>&nbsp;&nbsp;Arag\u00f3n Digital<\/li>\n<li><a href=\"https:\/\/news.google.com\/rss\/articles\/CBMiowFBVV95cUxNQ1dTaUhUVkt5YzNObXVoR3VnaTVRZ1pGMUVpOFZHLVlxdWtYR1JDc2RtWjFOVVJDdnZPMFVMVXhjVWNfNXZnd00wcFFESzRMcTdBNXRuOVBmaWduTDFvQUpCeTVjOVNDNWhGcFRaQzRkNzlGMDBCWDFQMURYOFpKbERybGlGM19BNWNBVXM4SW1ZcHlxVndlWkhXLUd1bW9ueU5B?oc=5\" target=\"_blank\" rel=\"nofollow noopener\">Jes\u00fas Ram\u00edrez: \u00abDebemos estar muy concentrados\u00bb<\/a>&nbsp;&nbsp;Arag\u00f3n Noticias (CARTV)<\/li>\n<li><a href=\"https:\/\/news.google.com\/rss\/articles\/CBMiuwFBVV95cUxPdHJkXzBfMDdoMTZLM2pVazI3TmJBdXF0QU9wYmJVQ2VvVVdkVjRad1pGU2ZUdU5veElBTGVyTGx2RDhZUkxIcDFEeW1ORUJHRG84aGZVTUt1aG85Y0dVLVlVUVc5M2szdDBrRC1tbHJKVm51QnhtbDYzSncxYmF2OU45M2xfYmo1WkZBQkVaa0s3clBVS2ZUYllHVU5MRVVOVklaejdrQ2JoekZZMGNoVGNuVVB3THUzVW9n?oc=5\" target=\"_blank\" rel=\"nofollow noopener\">Jes\u00fas Ram\u00edrez: \u00abLos tres partidos de casa son casi como finales\u00bb<\/a>&nbsp;&nbsp;Sport Arag\u00f3n<\/li>\n<\/ol>\n","protected":false},"excerpt":{"rendered":"Jes\u00fas Ram\u00edrez, entrenador del Casademont Zaragoza: \u00abTenemos un ojo en el fin de semana\u00bb&nbsp;&nbsp;El Peri\u00f3dico de Arag\u00f3n Horario&hellip;\n","protected":false},"author":2,"featured_media":279625,"comment_status":"","ping_status":"","sticky":false,"template":"","format":"standard","meta":{"footnotes":""},"categories":[269],"tags":[299,298,2511,5369,168,2226,25,24,46259,494,5782,831,1045,4794,23,167,491],"class_list":{"0":"post-279624","1":"post","2":"type-post","3":"status-publish","4":"format-standard","5":"has-post-thumbnail","7":"category-baloncesto","8":"tag-baloncesto","9":"tag-basketball","10":"tag-casademont","11":"tag-casademont-zaragoza","12":"tag-deportes","13":"tag-entrenador","14":"tag-es","15":"tag-espana","16":"tag-fiba-europe-cup","17":"tag-granada","18":"tag-jesus","19":"tag-liga-acb","20":"tag-partido","21":"tag-ramirez","22":"tag-spain","23":"tag-sports","24":"tag-zaragoza"},"share_on_mastodon":{"url":"https:\/\/pubeurope.com\/@es\/115690305267996814","error":""},"_links":{"self":[{"href":"https:\/\/www.europesays.com\/es\/wp-json\/wp\/v2\/posts\/279624","targetHints":{"allow":["GET"]}}],"collection":[{"href":"https:\/\/www.europesays.com\/es\/wp-json\/wp\/v2\/posts"}],"about":[{"href":"https:\/\/www.europesays.com\/es\/wp-json\/wp\/v2\/types\/post"}],"author":[{"embeddable":true,"href":"https:\/\/www.europesays.com\/es\/wp-json\/wp\/v2\/users\/2"}],"replies":[{"embeddable":true,"href":"https:\/\/www.europesays.com\/es\/wp-json\/wp\/v2\/comments?post=279624"}],"version-history":[{"count":0,"href":"https:\/\/www.europesays.com\/es\/wp-json\/wp\/v2\/posts\/279624\/revisions"}],"wp:featuredmedia":[{"embeddable":true,"href":"https:\/\/www.europesays.com\/es\/wp-json\/wp\/v2\/media\/279625"}],"wp:attachment":[{"href":"https:\/\/www.europesays.com\/es\/wp-json\/wp\/v2\/media?parent=279624"}],"wp:term":[{"taxonomy":"category","embeddable":true,"href":"https:\/\/www.europesays.com\/es\/wp-json\/wp\/v2\/categories?post=279624"},{"taxonomy":"post_tag","embeddable":true,"href":"https:\/\/www.europesays.com\/es\/wp-json\/wp\/v2\/tags?post=279624"}],"curies":[{"name":"wp","href":"https:\/\/api.w.org\/{rel}","templated":true}]}}