{"id":279626,"date":"2025-12-09T15:25:14","date_gmt":"2025-12-09T15:25:14","guid":{"rendered":"https:\/\/www.europesays.com\/es\/279626\/"},"modified":"2025-12-09T15:25:14","modified_gmt":"2025-12-09T15:25:14","slug":"maxima-preocupacion-en-el-real-madrid-con-las-lesiones","status":"publish","type":"post","link":"https:\/\/www.europesays.com\/es\/279626\/","title":{"rendered":"M\u00e1xima preocupaci\u00f3n en el Real Madrid con las lesiones"},"content":{"rendered":"<p data-gtm-element-container=\"modulo-texto-link\" class=\"paragraph\"><strong>El Real Madrid suma ya 23 jugadores lesionados, de los 25 de la plantilla<\/strong>,\u00a0 esta temporada, sobre todo en defensa, y eso es algo que preocupa especialmente en las altas esferas del club. No entienden que se produzcan tantas lesiones en tan poco espacio de tiempo.<\/p>\n<p data-gtm-element-container=\"modulo-texto-link\" class=\"paragraph\">En el club est\u00e1n analizando con lupa este aspecto\u00a0 que est\u00e1 mermando mucho el rendimiento del equipo.<strong> Xabi Alonso ll<\/strong>eg\u00f3 con un nuevo preparador f\u00edsico, con una nueva forma de entrenar a nivel f\u00edsico, y a ellos se\u00f1alan los responsables blancos por las lesiones. Entienden que la pretemporada ha sido at\u00edpica y que el calendario no ayuda, pero ellos no justifican las lesiones por esos aspectos.<\/p>\n<p>    Lee tambi\u00e9n<\/p>\n<p data-gtm-element-container=\"modulo-texto-link\" class=\"paragraph\"><strong>Ante esta situaci\u00f3n, en Valdebebas est\u00e1 comenzando a sonar el nombre de Pintu<\/strong>s. El preparador f\u00edsico de Ancelotti sigue en el Real Madrid, pero no con el primer equipo, ya que cuando lleg\u00f3 Xabi Alonso, dej\u00f3 de encargarse de la preparaci\u00f3n f\u00edsica del Real Madrid. Ante tantas lesiones, los responsables blancos est\u00e1n comenzando a pensar que prescindir de Pintus fue una mala decisi\u00f3n.\u00a0<\/p>\n<p data-gtm-element-container=\"modulo-texto-link\" class=\"paragraph\"><strong>Aunque lo cierto es que con Pintus en el primer equipo, las lesiones tambi\u00e9n eran una pesadilla en el Real Madrid<\/strong> y en el vestuario aparecieron voces de jugadores que no estaban muy de acuerdo con sus m\u00e9todos de entrenamiento.\u00a0\u00a0<\/p>\n","protected":false},"excerpt":{"rendered":"El Real Madrid suma ya 23 jugadores lesionados, de los 25 de la plantilla,\u00a0 esta temporada, sobre todo&hellip;\n","protected":false},"author":2,"featured_media":279627,"comment_status":"","ping_status":"","sticky":false,"template":"","format":"standard","meta":{"footnotes":""},"categories":[268],"tags":[168,25,24,280,282,281,23,167],"class_list":{"0":"post-279626","1":"post","2":"type-post","3":"status-publish","4":"format-standard","5":"has-post-thumbnail","7":"category-futbol","8":"tag-deportes","9":"tag-es","10":"tag-espana","11":"tag-football","12":"tag-futbol","13":"tag-soccer","14":"tag-spain","15":"tag-sports"},"share_on_mastodon":{"url":"https:\/\/pubeurope.com\/@es\/115690309414750085","error":""},"_links":{"self":[{"href":"https:\/\/www.europesays.com\/es\/wp-json\/wp\/v2\/posts\/279626","targetHints":{"allow":["GET"]}}],"collection":[{"href":"https:\/\/www.europesays.com\/es\/wp-json\/wp\/v2\/posts"}],"about":[{"href":"https:\/\/www.europesays.com\/es\/wp-json\/wp\/v2\/types\/post"}],"author":[{"embeddable":true,"href":"https:\/\/www.europesays.com\/es\/wp-json\/wp\/v2\/users\/2"}],"replies":[{"embeddable":true,"href":"https:\/\/www.europesays.com\/es\/wp-json\/wp\/v2\/comments?post=279626"}],"version-history":[{"count":0,"href":"https:\/\/www.europesays.com\/es\/wp-json\/wp\/v2\/posts\/279626\/revisions"}],"wp:featuredmedia":[{"embeddable":true,"href":"https:\/\/www.europesays.com\/es\/wp-json\/wp\/v2\/media\/279627"}],"wp:attachment":[{"href":"https:\/\/www.europesays.com\/es\/wp-json\/wp\/v2\/media?parent=279626"}],"wp:term":[{"taxonomy":"category","embeddable":true,"href":"https:\/\/www.europesays.com\/es\/wp-json\/wp\/v2\/categories?post=279626"},{"taxonomy":"post_tag","embeddable":true,"href":"https:\/\/www.europesays.com\/es\/wp-json\/wp\/v2\/tags?post=279626"}],"curies":[{"name":"wp","href":"https:\/\/api.w.org\/{rel}","templated":true}]}}