{"id":279639,"date":"2025-12-09T15:34:08","date_gmt":"2025-12-09T15:34:08","guid":{"rendered":"https:\/\/www.europesays.com\/es\/279639\/"},"modified":"2025-12-09T15:34:08","modified_gmt":"2025-12-09T15:34:08","slug":"no-puedo-ver-el-festival","status":"publish","type":"post","link":"https:\/\/www.europesays.com\/es\/279639\/","title":{"rendered":"\u00abNo puedo ver el festival&#8230;\u00bb"},"content":{"rendered":"<p style=\"\"><a href=\"https:\/\/www.abc.es\/play\/television\/eurovision\/revolucion-eurovision-israel-ira-certamen-espana-quedaria-20251204182129-nt.html\" title=\"www.abc.es\" data-voc-vtm-id=\"in-text-traffic\" data-mrf-link=\"www.abc.es\" rel=\"nofollow noopener\" target=\"_blank\">Espa\u00f1a<\/a><strong> no participar\u00e1 en Eurovisi\u00f3n 2026<\/strong> despu\u00e9s de que la organizaci\u00f3n confirmara que Israel seguir\u00e1 en el concurso, en un contexto marcado por la guerra en Gaza y el debate internacional sobre derechos humanos.<\/p>\n<p style=\"\">RTVE hab\u00eda planteado esa posibilidad con anterioridad y, tras  &#8230; la decisi\u00f3n del organismo europeo, hizo oficial la retirada, <strong>uni\u00e9ndose a otros pa\u00edses <\/strong>que tampoco participar\u00e1n en Eurovisi\u00f3n 2026 como Irlanda o Eslovenia, <a href=\"https:\/\/www.abc.es\/play\/television\/eurovision\/paises-bajos-irlanda-eslovenia-suman-boicot-espana-20251204192713-nt.html\" title=\"www.abc.es\" data-voc-vtm-id=\"in-text-traffic\" data-mrf-link=\"www.abc.es\" rel=\"nofollow noopener\" target=\"_blank\">entre otros<\/a>.<\/p>\n<p class=\"voc-p\" style=\"\">Esta decisi\u00f3n tambi\u00e9n implica que <strong>no se emitir\u00e1n las galas del festival <\/strong>en Espa\u00f1a en la pr\u00f3xima edici\u00f3n como cada a\u00f1o, algo fuera de lo com\u00fan y que est\u00e1 generando debate entre los eurofans.<\/p>\n<p class=\"voc-p\" style=\"\">Por su parte, el<a href=\"https:\/\/www.abc.es\/play\/television\/noticias\/ano-jose-pablo-lopez-frente-rtve-levantar-20251205040943-nt_amp.html\" title=\"www.abc.es\" data-voc-vtm-id=\"in-text-traffic\" data-mrf-link=\"www.abc.es\" rel=\"nofollow noopener\" target=\"_blank\"> presidente de RTVE<\/a>, <strong>Jos\u00e9 Pablo L\u00f3pez<\/strong>, ha criticado que Eurovisi\u00f3n ya no funciona como un simple concurso de m\u00fasica, se\u00f1alando tambi\u00e9n que las medidas internas de la Uni\u00f3n Europea de Radiodifusi\u00f3n (UER) para corregir estos problemas son insuficientes y que la neutralidad y transparencia del certamen est\u00e1n en duda.<\/p>\n<p class=\"voc-p\" style=\"\">Este hecho in\u00e9dito en la historia de Espa\u00f1a en Eurovisi\u00f3n ha causado<strong> un gran debate y divisi\u00f3n de opiniones<\/strong>, algo que se refleja tanto en redes sociales como en tertulias y charlas p\u00fablicas, donde muchos se muestran a favor de la decisi\u00f3n del ente p\u00fablico mientras que otros la consideran desmesurada. <\/p>\n<p>\nEmma Garc\u00eda se moja y opina sobre la retirada de Espa\u00f1a de Eurovisi\u00f3n 2026\n<\/p>\n<p class=\"voc-p\" style=\"\">En este escenario una de las figuras televisivas que se han atrevido a dejar clara su postura ha sido <strong>la presentadora Emma Garc\u00eda.<\/strong> Fue durante el programa &#8216;Fiesta&#8217; cuando se trat\u00f3 el tema de la retirada de Espa\u00f1a del certamen entre los colaboradores, contando con la palabra de <strong>Barei<\/strong>, representante espa\u00f1ola de Eurovisi\u00f3n en 2016. <\/p>\n<p class=\"voc-p\" style=\"\"><strong>Desde su punto de vista, el boicot deber\u00eda hacerse a todos los niveles<\/strong>, no solo en Eurovisi\u00f3n, y opinaba: \u00abSomos bastante incoherentes los seres humanos y nos cuesta ser incoherentes con las decisiones que tomamos\u00bb. <\/p>\n<p class=\"voc-p\" style=\"\">Por otro lado, el productor <strong>Alejandro Abad<\/strong>, representante espa\u00f1ol en el festival en 1994 y compositor de &#8216;Dile que la quiero&#8217;, canci\u00f3n con la que nos represent\u00f3 David Civera en 2001, opinaba a la contra de la posici\u00f3n de la cadena p\u00fablica: \u00abNo soy ajeno al dolor humano, pero hay otras f\u00f3rmulas. <strong>No yendo estamos apagando la m\u00fasica<\/strong>\u00bb. <\/p>\n<p>\n\u00abNo puedo estar viendo Eurovisi\u00f3n y no pensar en la guerra\u00bb\n<\/p>\n<p class=\"voc-p\" style=\"\">En ese momento,<strong> Emma Garc\u00eda <\/strong>decidi\u00f3 intervenir para opinar sin filtros estar a favor de que Espa\u00f1a no vaya a Eurovisi\u00f3n el a\u00f1o que viene: \u00ab<strong>Mientras suena esa canci\u00f3n, \u00bfsuenan las bombas? Yo es que no puedo estar viendo Eurovisi\u00f3n y no pensar en la guerra\u00bb<\/strong>.<\/p>\n<p class=\"voc-p\" style=\"\">Al concluir el debate, la presentadora ha querido reiterar su parecer ante la postura de RTVE: \u00ab\u00bfHa hecho bien Espa\u00f1a en salir de Eurovisi\u00f3n? Por mi parte, s\u00ed. <strong>Ojal\u00e1 que el a\u00f1o que viene estemos hablando de otra cosa. Ser\u00eda una buena noticia<\/strong>\u00bb, dejando muy claro lo que piensa. <\/p>\n","protected":false},"excerpt":{"rendered":"Espa\u00f1a no participar\u00e1 en Eurovisi\u00f3n 2026 despu\u00e9s de que la organizaci\u00f3n confirmara que Israel seguir\u00e1 en el concurso,&hellip;\n","protected":false},"author":2,"featured_media":279640,"comment_status":"","ping_status":"","sticky":false,"template":"","format":"standard","meta":{"footnotes":""},"categories":[91],"tags":[1611,9837,12525,146,147,25,24,24121,3142,31435,6881,3236,66175,57,23,16591],"class_list":{"0":"post-279639","1":"post","2":"type-post","3":"status-publish","4":"format-standard","5":"has-post-thumbnail","7":"category-entretenimiento","8":"tag-ano","9":"tag-clara","10":"tag-emma","11":"tag-entertainment","12":"tag-entretenimiento","13":"tag-es","14":"tag-espana","15":"tag-eurovision","16":"tag-garcia","17":"tag-hable","18":"tag-moja","19":"tag-ojala","20":"tag-participe","21":"tag-sobre","22":"tag-spain","23":"tag-viene"},"share_on_mastodon":{"url":"https:\/\/pubeurope.com\/@es\/115690344662690417","error":""},"_links":{"self":[{"href":"https:\/\/www.europesays.com\/es\/wp-json\/wp\/v2\/posts\/279639","targetHints":{"allow":["GET"]}}],"collection":[{"href":"https:\/\/www.europesays.com\/es\/wp-json\/wp\/v2\/posts"}],"about":[{"href":"https:\/\/www.europesays.com\/es\/wp-json\/wp\/v2\/types\/post"}],"author":[{"embeddable":true,"href":"https:\/\/www.europesays.com\/es\/wp-json\/wp\/v2\/users\/2"}],"replies":[{"embeddable":true,"href":"https:\/\/www.europesays.com\/es\/wp-json\/wp\/v2\/comments?post=279639"}],"version-history":[{"count":0,"href":"https:\/\/www.europesays.com\/es\/wp-json\/wp\/v2\/posts\/279639\/revisions"}],"wp:featuredmedia":[{"embeddable":true,"href":"https:\/\/www.europesays.com\/es\/wp-json\/wp\/v2\/media\/279640"}],"wp:attachment":[{"href":"https:\/\/www.europesays.com\/es\/wp-json\/wp\/v2\/media?parent=279639"}],"wp:term":[{"taxonomy":"category","embeddable":true,"href":"https:\/\/www.europesays.com\/es\/wp-json\/wp\/v2\/categories?post=279639"},{"taxonomy":"post_tag","embeddable":true,"href":"https:\/\/www.europesays.com\/es\/wp-json\/wp\/v2\/tags?post=279639"}],"curies":[{"name":"wp","href":"https:\/\/api.w.org\/{rel}","templated":true}]}}