{"id":279647,"date":"2025-12-09T15:38:08","date_gmt":"2025-12-09T15:38:08","guid":{"rendered":"https:\/\/www.europesays.com\/es\/279647\/"},"modified":"2025-12-09T15:38:08","modified_gmt":"2025-12-09T15:38:08","slug":"el-govern-decreta-la-emergencia-para-agilizar-las-medidas-de-contencion-de-la-peste-porcina-noticias-de-cataluna","status":"publish","type":"post","link":"https:\/\/www.europesays.com\/es\/279647\/","title":{"rendered":"El Govern decreta la emergencia para agilizar las medidas de contenci\u00f3n de la peste porcina | Noticias de Catalu\u00f1a"},"content":{"rendered":"<p class=\"\"><a href=\"https:\/\/elpais.com\/espana\/catalunya\/2025-12-08\/la-generalitat-asegura-que-el-foco-de-peste-porcina-sigue-contenido-y-confirma-que-corea-del-sur-seguira-importando-carne-de-cerdo.html\" target=\"_self\" rel=\"nofollow noopener\" title=\"https:\/\/elpais.com\/espana\/catalunya\/2025-12-08\/la-generalitat-asegura-que-el-foco-de-peste-porcina-sigue-contenido-y-confirma-que-corea-del-sur-seguira-importando-carne-de-cerdo.html\">El Govern ha decidido este martes decretar la emergencia para contener y paliar los efectos del brote de Peste Porcina Africana (PPA)<\/a> aflorado en Collserola (Barcelona) y que ha causado la muerte de 13 ejemplares por ese virus desencadenando el cierre de mercados. El Consell Executiu ha aprobado un paquete de ayudas de 10 millones de euros ampliable hasta 20 para las granjas del sector, adem\u00e1s de activar un paquete de 50 millones de euros del Institut Catal\u00e0 de Finances abierto ya desde la crisis de la dana. El acuerdo contempla, en virtud de la Ley de Contratos del Sector P\u00fablico, declarar la emergencia para cerrar por esa v\u00eda de urgencia la tramitaci\u00f3n de contratos de servicios, suministros y obras <a href=\"https:\/\/elpais.com\/espana\/catalunya\/2025-12-08\/la-generalitat-asegura-que-el-foco-de-peste-porcina-sigue-contenido-y-confirma-que-corea-del-sur-seguira-importando-carne-de-cerdo.html\" target=\"_self\" rel=\"nofollow noopener\" title=\"https:\/\/elpais.com\/espana\/catalunya\/2025-12-08\/la-generalitat-asegura-que-el-foco-de-peste-porcina-sigue-contenido-y-confirma-que-corea-del-sur-seguira-importando-carne-de-cerdo.html\">destinadas a la contenci\u00f3n del brote.<\/a><\/p>\n<p class=\"\">El plan abarca desde facilitar la adquisici\u00f3n de material veterinario, de laboratorio, veh\u00edculos, recogida y traslado de animales muertos, drones, trampas, armas, munici\u00f3n, alojamiento o la financiaci\u00f3n del alojamiento y la restauraci\u00f3n del personal implicado en las batidas para controlar el virus. Tras la celebraci\u00f3n de la reuni\u00f3n del Govern, Illa ha mantenido un encuentro con ganaderos en el Palau de la Generalitat. El president, <a href=\"https:\/\/elpais.com\/espana\/catalunya\/2025-12-08\/la-generalitat-asegura-que-el-foco-de-peste-porcina-sigue-contenido-y-confirma-que-corea-del-sur-seguira-importando-carne-de-cerdo.html\" target=\"_self\" rel=\"nofollow noopener\" title=\"https:\/\/elpais.com\/espana\/catalunya\/2025-12-08\/la-generalitat-asegura-que-el-foco-de-peste-porcina-sigue-contenido-y-confirma-que-corea-del-sur-seguira-importando-carne-de-cerdo.html\">que ha defendido la gesti\u00f3n que ha realizado el Govern de la crisis<\/a>, sostiene desde hace d\u00edas que en Catalu\u00f1a hay demasiados jabal\u00edes y esta tarde tendr\u00e1 sobre la mesa un plan para contenerlos y evitar la sobrepoblaci\u00f3n.<\/p>\n<p class=\"\"><a href=\"https:\/\/elpais.com\/espana\/catalunya\/2025-12-08\/la-generalitat-asegura-que-el-foco-de-peste-porcina-sigue-contenido-y-confirma-que-corea-del-sur-seguira-importando-carne-de-cerdo.html\" target=\"_self\" rel=\"nofollow noopener\" title=\"https:\/\/elpais.com\/espana\/catalunya\/2025-12-08\/la-generalitat-asegura-que-el-foco-de-peste-porcina-sigue-contenido-y-confirma-que-corea-del-sur-seguira-importando-carne-de-cerdo.html\">El conseller de Agricultura, \u00d2scar Ordeig, ha comparecido para afirmar que la lucha contra este brote<\/a> es \u201cuna marat\u00f3n\u201d, aunque ha deslizado que desde la semana pasada se mantiene el n\u00famero de 13 jabal\u00edes positivos. El<a href=\"https:\/\/elpais.com\/espana\/catalunya\/2025-12-06\/convivir-con-la-peste-porcina-en-el-campus-universitario-ha-venido-de-golpe-como-la-pandemia.html\" target=\"_self\" rel=\"nofollow noopener\" title=\"https:\/\/elpais.com\/espana\/catalunya\/2025-12-06\/convivir-con-la-peste-porcina-en-el-campus-universitario-ha-venido-de-golpe-como-la-pandemia.html\"> Govern ha acordado mantener las restricciones de acceso al Parc natural de Collserola<\/a> hasta el d\u00eda 14 salvo para los residentes o para quienes ejercen actividad econ\u00f3mica. \u201cLas limitaciones no se prolongar\u00e1n m\u00e1s de lo necesario\u201d, ha se\u00f1alado apuntando que su objetivo es tanto contener el foco como reabrir mercados.<\/p>\n<p class=\"\"><a href=\"https:\/\/elpais.com\/clima-y-medio-ambiente\/2025-12-05\/agricultura-investiga-si-el-virus-de-la-peste-porcina-africana-de-collserola-salio-de-un-laboratorio.html\" target=\"_self\" rel=\"nofollow noopener\" title=\"https:\/\/elpais.com\/clima-y-medio-ambiente\/2025-12-05\/agricultura-investiga-si-el-virus-de-la-peste-porcina-africana-de-collserola-salio-de-un-laboratorio.html\">Los agentes que est\u00e1n rastreando Collserola han acabado ya de peinar el \u00e1rea de los 6 kil\u00f3metros y este mismo martes <\/a>tienen previsto hacerlo en el c\u00edrculo entre los seis y los 10 kil\u00f3metros. Estas tareas se han realizado la mitad a pie, el 30% con drones y el 20% restante con unidades caninas. Ordeig ha subrayado que los 13 positivos se han hallado en el \u00e1rea de seis kil\u00f3metros y que, eso s\u00ed, siguen encontrando jabal\u00edes muertos, aunque no se puede confirmar aunque que sean positivos. El consejero ha se\u00f1alado que ya han empezado a trasladar a cerdos de las granjas los 20 kil\u00f3metros hasta los mataderos. De las 55 afectadas, en 39 ya se han realizado las PCR a los animales y han salido negativos. Hoy se acabar\u00e1n de hacer el resto.<\/p>\n<p class=\"\"><a href=\"https:\/\/elpais.com\/ciencia\/2025-12-03\/desarmados-ante-la-peor-pandemia-animal-de-la-historia.html\" target=\"_self\" rel=\"nofollow noopener\" title=\"https:\/\/elpais.com\/ciencia\/2025-12-03\/desarmados-ante-la-peor-pandemia-animal-de-la-historia.html\">\u201cNo queremos perder ganaderos. Nos jugamos la econom\u00eda, la empresa, el mundo rural\u201d, <\/a>ha afirmado el consejero, que ha se\u00f1alado que el sector les ha mostrado su preocupaci\u00f3n por la reputaci\u00f3n y la superpoblaci\u00f3n de la fauna cineg\u00e9tica. \u201cHay demasiados jabal\u00edes en el territorio y no hemos sido capaces de contenerlo\u201d, ha afirmado apuntando que provocan da\u00f1os en la agricultura, pueden generar enfermedades -ha citado la transmisi\u00f3n de tuberculosos- y desencadenan accidentes de tr\u00e1fico. \u201cEl plan busca capturar y reducir incidencias\u201d, ha dicho.<\/p>\n<p class=\"\"><a href=\"https:\/\/elpais.com\/espana\/catalunya\/2025-12-08\/la-generalitat-asegura-que-el-foco-de-peste-porcina-sigue-contenido-y-confirma-que-corea-del-sur-seguira-importando-carne-de-cerdo.html\" target=\"_self\" rel=\"nofollow noopener\" title=\"https:\/\/elpais.com\/espana\/catalunya\/2025-12-08\/la-generalitat-asegura-que-el-foco-de-peste-porcina-sigue-contenido-y-confirma-que-corea-del-sur-seguira-importando-carne-de-cerdo.html\">Tras el acuerdo con Corea, el Goverm est\u00e1 intensificando las gestiones diplom\u00e1ticas para reabrir los mercados de Jap\u00f3n y de Filipinas<\/a>. El sector exporta 3.000 millones de euros al a\u00f1o, 2.000 de ellos a Europa y el 80% del millar restante a Asia. Ordeig ha asegurado que no hay problema con el mercado de la UE m\u00e1s all\u00e1 de los 20 km y que es m\u00e1s complicado la reapertura del de China (unas ventas de 400 millones) por el acuerdo de regionalizaci\u00f3n (acepta importar salvo la provincia de Barcelona). Jap\u00f3n compra por 300 millones y Filipinas, por 100, una suma similar a la de Corea. <\/p>\n<p class=\"\">El comit\u00e9 de expertos que est\u00e1 analizando el brote inicia hoy sus tareas para saber el origen. <a href=\"https:\/\/elpais.com\/clima-y-medio-ambiente\/2025-12-05\/agricultura-investiga-si-el-virus-de-la-peste-porcina-africana-de-collserola-salio-de-un-laboratorio.html\" target=\"_self\" rel=\"nofollow noopener\" title=\"https:\/\/elpais.com\/clima-y-medio-ambiente\/2025-12-05\/agricultura-investiga-si-el-virus-de-la-peste-porcina-africana-de-collserola-salio-de-un-laboratorio.html\">El Ministerio de Agricultura est\u00e1 investigando si hubo una fuga de un laboratorio.<\/a> El laboratorio p\u00fablico Irta-Cresa, ubicado cerca de donde se encontr\u00f3 el primer ejemplar muerto. El comit\u00e9 est\u00e1 integrado por seis expertos y dos de ellos del Cresa, pero Ordeig ha rechazado cualquier suspicacia y ha asegurado que uno de ellos no es experto en bioseguridad y que solo facilitar\u00e1 la log\u00edstica. \u201cNo hay nadie que tenga m\u00e1s ganas de aclarar el origen. Tienen independencia y plena autonom\u00eda\u201d, ha asegurado.<\/p>\n","protected":false},"excerpt":{"rendered":"El Govern ha decidido este martes decretar la emergencia para contener y paliar los efectos del brote de&hellip;\n","protected":false},"author":2,"featured_media":279648,"comment_status":"","ping_status":"","sticky":false,"template":"","format":"standard","meta":{"footnotes":""},"categories":[8],"tags":[2077,3685,17,18,1980,25,24,5855,13,14,20155,11178,63370,11,2218,3564,19,20,9,10,15,16,65110,13347,47816,23,12,21,22],"class_list":{"0":"post-279647","1":"post","2":"type-post","3":"status-publish","4":"format-standard","5":"has-post-thumbnail","7":"category-espana","8":"tag-agricultura","9":"tag-animales","10":"tag-breaking-news","11":"tag-breakingnews","12":"tag-cataluna","13":"tag-es","14":"tag-espana","15":"tag-exportaciones","16":"tag-featured-news","17":"tag-featurednews","18":"tag-filipinas","19":"tag-govern-cataluna","20":"tag-granjas","21":"tag-headlines","22":"tag-infecciones","23":"tag-japon","24":"tag-latest-news","25":"tag-latestnews","26":"tag-news","27":"tag-noticias","28":"tag-noticias-destacadas","29":"tag-noticiasdestacadas","30":"tag-peste-porcina","31":"tag-salvador-illa","32":"tag-silvia-paneque","33":"tag-spain","34":"tag-titulares","35":"tag-ultimas-noticias","36":"tag-ultimasnoticias"},"share_on_mastodon":{"url":"","error":""},"_links":{"self":[{"href":"https:\/\/www.europesays.com\/es\/wp-json\/wp\/v2\/posts\/279647","targetHints":{"allow":["GET"]}}],"collection":[{"href":"https:\/\/www.europesays.com\/es\/wp-json\/wp\/v2\/posts"}],"about":[{"href":"https:\/\/www.europesays.com\/es\/wp-json\/wp\/v2\/types\/post"}],"author":[{"embeddable":true,"href":"https:\/\/www.europesays.com\/es\/wp-json\/wp\/v2\/users\/2"}],"replies":[{"embeddable":true,"href":"https:\/\/www.europesays.com\/es\/wp-json\/wp\/v2\/comments?post=279647"}],"version-history":[{"count":0,"href":"https:\/\/www.europesays.com\/es\/wp-json\/wp\/v2\/posts\/279647\/revisions"}],"wp:featuredmedia":[{"embeddable":true,"href":"https:\/\/www.europesays.com\/es\/wp-json\/wp\/v2\/media\/279648"}],"wp:attachment":[{"href":"https:\/\/www.europesays.com\/es\/wp-json\/wp\/v2\/media?parent=279647"}],"wp:term":[{"taxonomy":"category","embeddable":true,"href":"https:\/\/www.europesays.com\/es\/wp-json\/wp\/v2\/categories?post=279647"},{"taxonomy":"post_tag","embeddable":true,"href":"https:\/\/www.europesays.com\/es\/wp-json\/wp\/v2\/tags?post=279647"}],"curies":[{"name":"wp","href":"https:\/\/api.w.org\/{rel}","templated":true}]}}