{"id":279651,"date":"2025-12-09T15:43:13","date_gmt":"2025-12-09T15:43:13","guid":{"rendered":"https:\/\/www.europesays.com\/es\/279651\/"},"modified":"2025-12-09T15:43:13","modified_gmt":"2025-12-09T15:43:13","slug":"mexicano-carlos-ortiz-se-mantiene-segundo-en-abierto-de-australia","status":"publish","type":"post","link":"https:\/\/www.europesays.com\/es\/279651\/","title":{"rendered":"Mexicano Carlos Ortiz se mantiene segundo en Abierto de Australia"},"content":{"rendered":"<p>El otro mexicano que est\u00e1 en el torneo, Abraham Ancer mejor\u00f3 su juego en la tercera jornada y del puesto 28 pas\u00f3 al 18<\/p>\n<p>El mexicano <a href=\"https:\/\/www.espn.com.mx\/golf\/jugador\/_\/id\/5532\" target=\"_blank\" rel=\"nofollow noopener\"><strong>Carlos Ortiz<\/strong><\/a>, empatado con el surcoreano <strong>Si Woo Kim<\/strong> y el australiano <strong>Cam Smith<\/strong>, se encuentra en la segunda posici\u00f3n del Abierto de Australia de golf a solo dos golpes del l\u00edder, el dan\u00e9s <strong>Rasmus Neergard-Petersen.<\/strong><\/p>\n<p>Ortiz, de 34 a\u00f1os, firm\u00f3 una tarjeta de 66 golpes (5) tras hacer un &#8216;eagle&#8217; en el hoyo 3 y tres &#8216;birdies&#8217; en el 10, 14 y 17 en el campo del Royal Melbourne hasta sumar 201 impactos (-14).<\/p>\n<p><img class=\" lazyload lazyload\" data-image-container=\".inline-photo\" height=\"320\" width=\"570\"\/>Mexicano Carlos Ortiz se mantiene segundo en Abierto de Australia\u00a0Andy Cheung\/Getty Images<\/p>\n<p>Id\u00e9ntica tarjeta realiz\u00f3 Neergard-Petersen con siete &#8216;birdies&#8217; que no le terminaron de lucir tanto al cometer dos &#8216;bogeys&#8217; en los hoyos 5 y 10. Aun as\u00ed, es l\u00edder con 199 impactos (-14), dos menos que el propio Ortiz, Si Woo Kim y Cam Smith, todos a -12.<\/p>\n<p>El espa\u00f1ol Josele Ballester, ganador hace unas semanas en Arabia Saud\u00ed, tambi\u00e9n se ha metido en ese grupo de los primeros clasificados al situarse quinto con 202 golpes (-11) tras una brillante tercera jornada en la que efectu\u00f3 65 impactos, impulsado por seis &#8216;birdies&#8217;.<\/p>\n<p>El tambi\u00e9n espa\u00f1ol RafaCabrera Bello, que inici\u00f3 la jornada s\u00e9ptimo, cay\u00f3 al puesto 34 tras firmar una tarjeta de 73 golpes (+2) que le ha relegado de cualquier opci\u00f3n de victoria, igual que a Sebasti\u00e1n Garc\u00eda, en la posici\u00f3n 31 con 209 golpes (-4).<\/p>\n<p>El mexicano <a href=\"https:\/\/www.espn.com.mx\/golf\/jugador\/_\/id\/9261\" target=\"_blank\" rel=\"nofollow noopener\"><strong>Abraham Ancer<\/strong> <\/a>mejor\u00f3 su juego en la tercera jornada y del puesto 28 pas\u00f3 al 18 con una tarjeta de 67 golpes hasta sumar 207 impactos (-4), uno menos que el norirland\u00e9s Rory McIlroy, la gran figura del torneo, muy irregular en competici\u00f3n y que est\u00e1 en la posici\u00f3n 24 con 208 golpes (-5).<\/p>\n","protected":false},"excerpt":{"rendered":"El otro mexicano que est\u00e1 en el torneo, Abraham Ancer mejor\u00f3 su juego en la tercera jornada y&hellip;\n","protected":false},"author":2,"featured_media":279652,"comment_status":"","ping_status":"","sticky":false,"template":"","format":"standard","meta":{"footnotes":""},"categories":[275],"tags":[168,25,24,329,23,167],"class_list":{"0":"post-279651","1":"post","2":"type-post","3":"status-publish","4":"format-standard","5":"has-post-thumbnail","7":"category-golf","8":"tag-deportes","9":"tag-es","10":"tag-espana","11":"tag-golf","12":"tag-spain","13":"tag-sports"},"share_on_mastodon":{"url":"https:\/\/pubeurope.com\/@es\/115690380131627336","error":""},"_links":{"self":[{"href":"https:\/\/www.europesays.com\/es\/wp-json\/wp\/v2\/posts\/279651","targetHints":{"allow":["GET"]}}],"collection":[{"href":"https:\/\/www.europesays.com\/es\/wp-json\/wp\/v2\/posts"}],"about":[{"href":"https:\/\/www.europesays.com\/es\/wp-json\/wp\/v2\/types\/post"}],"author":[{"embeddable":true,"href":"https:\/\/www.europesays.com\/es\/wp-json\/wp\/v2\/users\/2"}],"replies":[{"embeddable":true,"href":"https:\/\/www.europesays.com\/es\/wp-json\/wp\/v2\/comments?post=279651"}],"version-history":[{"count":0,"href":"https:\/\/www.europesays.com\/es\/wp-json\/wp\/v2\/posts\/279651\/revisions"}],"wp:featuredmedia":[{"embeddable":true,"href":"https:\/\/www.europesays.com\/es\/wp-json\/wp\/v2\/media\/279652"}],"wp:attachment":[{"href":"https:\/\/www.europesays.com\/es\/wp-json\/wp\/v2\/media?parent=279651"}],"wp:term":[{"taxonomy":"category","embeddable":true,"href":"https:\/\/www.europesays.com\/es\/wp-json\/wp\/v2\/categories?post=279651"},{"taxonomy":"post_tag","embeddable":true,"href":"https:\/\/www.europesays.com\/es\/wp-json\/wp\/v2\/tags?post=279651"}],"curies":[{"name":"wp","href":"https:\/\/api.w.org\/{rel}","templated":true}]}}