{"id":279660,"date":"2025-12-09T15:49:16","date_gmt":"2025-12-09T15:49:16","guid":{"rendered":"https:\/\/www.europesays.com\/es\/279660\/"},"modified":"2025-12-09T15:49:16","modified_gmt":"2025-12-09T15:49:16","slug":"su-plan-mas-cool-con-toque-espanol-en-londres","status":"publish","type":"post","link":"https:\/\/www.europesays.com\/es\/279660\/","title":{"rendered":"su plan m\u00e1s &#8216;cool&#8217; con toque espa\u00f1ol en Londres"},"content":{"rendered":"<p id=\"esEu5Rdh0-\" data-wc=\"118\"><strong>Tatiana Santo Domingo ha comenzado la temporada festiva de la mejor forma posible<\/strong>. La empresaria y socialit\u00e9 ha acudido a uno de los restaurantes de moda de Londres para celebrar el lanzamiento de la colecci\u00f3n de una de sus lujosas amigas, Noor Fares, una dise\u00f1adora de joyas de lujo afincada en la ciudad del t\u00e9 y los scones. La esposa de Andrea Casiraghi, sobrino del actual soberano de M\u00f3naco, Alberto II, ha acudido al lujoso e \u00edntimo evento junto a su socia e \u00edntima, la tambi\u00e9n dise\u00f1adora <strong>Dana Alikhani<\/strong>, con quien cre\u00f3 la marca <strong>Muzungu Sisters<\/strong>, una firma de moda viajera cuya oficina se sit\u00faa en uno de los barrios m\u00e1s ic\u00f3nicos de la capital brit\u00e1nica: Notting Hill.\u00a0<\/p>\n<p> <img src=\"https:\/\/www.europesays.com\/es\/wp-content\/uploads\/2025\/12\/f8b27b4e5ac9-snapinstato591179584185395112440336766003676497153268592n.jpg\"   width=\"768\" height=\"1024\" loading=\"lazy\" decoding=\"async\" alt=\"Tatiana Santo Domingo junto a su amiga y socia, Dana Alikhani\" fetchpriority=\"auto\" class=\"image ho-image\"\/>\u00a9 @muzungusistersTatiana Santo Domingo junto a su amiga y socia, Dana Alikhani<\/p>\n<p id=\"eX_IIyHdUln\" data-wc=\"137\">Entre vinos artesanales y platos de piparras, Tatiana vivi\u00f3 una velada de lo m\u00e1s \u00edntima junto a su grupo de amigas m\u00e1s cool. Entre ellas se encontraba su socia, Dana, pero tambi\u00e9n<strong>\u00a0<\/strong><a class=\"hm-link ho-link\" href=\"https:\/\/www.hola.com\/moda\/20250707842501\/eugenie-electra-niarchos-estilo-tiara-reina-sofia\/\" rel=\"noopener nofollow\" target=\"_blank\" data-mrf-recirculation=\"article-body-link\">Eugenie Niarchos, nieta de Stavros Niarchos<\/a>, famoso armador griego que compet\u00eda con Aristoteles Onassis en cantidad de fortuna y notoriedad p\u00fablica. Actualmente, Eugenie se dedica, como su amiga Tatiana, al dise\u00f1o: <strong>tiene una marca emergente de joyas que fund\u00f3 en el a\u00f1o 2013, Venyx, inspirada en la naturaleza, el espacio y el arte<\/strong>. Junto a ella tambi\u00e9n estaba <strong>Margherita Maccapani Missoni<\/strong>, <a class=\"hm-link ho-link\" href=\"https:\/\/www.hola.com\/moda\/modelos\/2015102781724\/irina-lazareanu-agyness-deyn-it-girls\/\" data-mrf-recirculation=\"article-body-link\" rel=\"nofollow noopener\" target=\"_blank\">una famosa\u00a0it girl en los a\u00f1os 2000, creativa y futura heredera de la dinast\u00eda reina de los tejidos de punto.<\/a> Aunque Margherita trabaj\u00f3 en la empresa familiar, siendo directora creativa de la l\u00ednea &#8216;M Missoni&#8217;, actualmente tiene su propia marca de ropa: Maccapani.<\/p>\n<p> <img src=\"https:\/\/www.europesays.com\/es\/wp-content\/uploads\/2025\/12\/f08c686f04bb-snapinstato597838751185395112770336761571359131556102198n.jpg\"   width=\"768\" height=\"1024\" loading=\"lazy\" decoding=\"async\" alt=\"Tatiana Santo Domingo junto a su amiga y socia, Dana Alikhani, y Noor Fares, que presentaba una colecci\u00f3n de joyas, motivo de la celebraci\u00f3n entre amigas\" fetchpriority=\"auto\" class=\"image ho-image\"\/>\u00a9 @muzungusistersTatiana Santo Domingo junto a su amiga y socia, Dana Alikhani, y Noor Fares, que presentaba una colecci\u00f3n de joyas, motivo de la celebraci\u00f3n entre amigas<\/p>\n<p id=\"eW7xhWdmfI4\" data-wc=\"128\">En la imagen que la propia Tatiana ha compartido en sus redes sociales tambi\u00e9n distinguimos a <strong>Flavie Audi<\/strong>, una talentosa artista nacida en Par\u00eds y radicada en Londres que realiza obras art\u00edsticas con un elemento de lo m\u00e1s especial: el vidrio templado. Sin duda, la velada se convirti\u00f3 en un aut\u00e9ntico escaparate de lujo, exclusividad y talento independiente, pues todas las all\u00ed presentes cuentan con proyectos propios asociados a la creaci\u00f3n textil, la belleza, la joyer\u00eda o el arte. La escena fue una combinaci\u00f3n perfecta de <strong data-end=\"1212\" data-start=\"1182\">moda, amistad y buena mesa<\/strong>, todo envuelto en un ambiente cosmopolita pero con gui\u00f1os al Mediterr\u00e1neo. Un plan redondo que reforz\u00f3 la presencia de Santo Domingo en la escena cultural londinense y subray\u00f3, una vez m\u00e1s, su <strong>apoyo incondicional al talento emergente<\/strong>.<\/p>\n<p> <img src=\"https:\/\/www.europesays.com\/es\/wp-content\/uploads\/2025\/12\/3ad28dc7a2c5-snapinstato587552132185395112740336767051718037373160671n.jpg\"   width=\"768\" height=\"1024\" loading=\"lazy\" decoding=\"async\" alt=\"Tatiana ha compartido la velada junto a Eugenie Niarchos, \" fetchpriority=\"auto\" class=\"image ho-image\"\/>\u00a9 @muzungusistersTatiana ha compartido la velada junto a Eugenie Niarchos, Margherita Maccapani Missoni, Flavia Audi, Noor Fares y su amiga y socia Dana Alikhani<\/p>\n<p id=\"eROghdYX5xt\" data-wc=\"147\">La<strong>\u00a0celebraci\u00f3n de la colecci\u00f3n tuvo lugar en Sol&#8217;s, un restaurante londinense con un claro toque espa\u00f1ol<\/strong> que presenta en su men\u00fa, adem\u00e1s de vinos artesanales, algunos de los platos m\u00e1s populares de la gastronom\u00eda patria: <strong>croquetas de jam\u00f3n, tortilla de patatas, pimientos del padr\u00f3n o el plato de piparras<\/strong>, ese peque\u00f1o tesoro verde tan apreciado por los amantes de la cocina vasca,<strong>\u00a0que las amigas pidieron<\/strong> para celebrar la colecci\u00f3n de su amiga Noor Fares. El restaurante se ha convertido, en la capital brit\u00e1nica, en un punto de encuentro para quienes buscan un men\u00fa cuidado, divertido y diferente. La mesa, decorada con infinidad de velas y copas, dio el toque especial a la velada. Tampoco faltaron las rosas, un ingrediente extra que a\u00f1adi\u00f3 m\u00e1s lujo si cabe a la \u00edntima cita. De esta forma, Tatiana da la bienvenida a la Navidad de la mejor forma posible.\u00a0<\/p>\n<p> <img src=\"https:\/\/www.europesays.com\/es\/wp-content\/uploads\/2025\/12\/f81a6af9bcca-snapinstato574789100185395113190336768376660308299645200n.jpg\"   width=\"768\" height=\"1024\" loading=\"lazy\" decoding=\"async\" alt=\"Las piparras fueron uno de los platos estrella en la velada, una de las grandes delicias gastron\u00f3micas de la cocina vasca\" fetchpriority=\"auto\" class=\"image ho-image\"\/>\u00a9 @muzungusistersLas piparras fueron uno de los platos estrella en la velada, una de las grandes delicias gastron\u00f3micas de la cocina vasca<\/p>\n<p> <img src=\"https:\/\/www.europesays.com\/es\/wp-content\/uploads\/2025\/12\/9bf5a73198a2-snapinstato574344251185395112950336761672796254397247810n.jpg\"   width=\"768\" height=\"1024\" loading=\"lazy\" decoding=\"async\" alt=\"La mesa del restaurante Sol's en el que Tatiana ha celebrado la velada junto a alguna de sus amigas dise\u00f1adoras\" fetchpriority=\"auto\" class=\"image ho-image\"\/>\u00a9 @muzungusistersLa mesa del restaurante Sol&#8217;s en el que Tatiana ha celebrado la velada junto a alguna de sus amigas dise\u00f1adoras<\/p>\n<p> <img src=\"https:\/\/www.europesays.com\/es\/wp-content\/uploads\/2025\/12\/1be10c2c3202-snapinstato589111954185395112530336762987654591336675146n.jpg\"   width=\"768\" height=\"1024\" loading=\"lazy\" decoding=\"async\" alt=\"Velas, vino y flores: la espectacular mesa \" fetchpriority=\"auto\" class=\"image ho-image\"\/>Velas, vino y flores: la espectacular mesa <\/p>\n<p id=\"eL9tQgCYsK\" data-wc=\"172\">Aunque muy celosa de su intimidad, <a class=\"hm-link ho-link\" href=\"https:\/\/www.hola.com\/realeza\/casa_monaco\/20251119868378\/india-casiraghi-hija-pierre-atatiana-santo-domingo-estiron-mayor-heredera-2-imperios\/\" rel=\"noopener nofollow\" target=\"_blank\" data-mrf-recirculation=\"article-body-link\">Tatiana acompa\u00f1\u00f3 el pasado mes de noviembre a su marido, Andrea Casiraghi, a la celebraci\u00f3n del D\u00eda Nacional de M\u00f3naco<\/a>, una fecha se\u00f1alada en la que coincidi\u00f3 con toda la familia Grimaldi, que no dud\u00f3 en arropar a los pr\u00edncipes Alberto y Charlene. El matrimonio pos\u00f3 junto a su hija India Casiraghi, que acapar\u00f3 todos los flashes. A sus 10 a\u00f1os, India apareci\u00f3 sobre el Palacio Grimaldi muy alta y mayor. No hay duda que ha pegado un estir\u00f3n y que ya da muestras de su estilo. El linaje de India Casiraghi es de leyenda. No solo por ser nieta de la princesa Carolina, sino que tambi\u00e9n es<strong>\u00a0bisnieta de Grace Kelly, la estrella de Hollywood\u00a0<\/strong>que dej\u00f3 el s\u00e9ptimo arte para casarse con el pr\u00edncipe Rainiero. Si por parte de padre procede de una de las sagas m\u00e1s fascinantes de Europa, por parte de madre es bisnieta del industrial colombiano Julio Mario Santo Domingo, que lleg\u00f3 a ocupar el puesto 108 en la lista Forbes.\u00a0<\/p>\n<p> <img src=\"https:\/\/www.europesays.com\/es\/wp-content\/uploads\/2025\/11\/c0b1a7839c7c-dlu595007127.jpg\"   width=\"1024\" height=\"682\" loading=\"lazy\" decoding=\"async\" alt=\"India Casiraghi con sus padres en el D\u00eda Nacional de M\u00f3naco de 2025\" fetchpriority=\"auto\" class=\"image ho-image\"\/>\u00a9 GTRESIndia Casiraghi con sus padres en el D\u00eda Nacional de M\u00f3naco de 2025<\/p>\n","protected":false},"excerpt":{"rendered":"Tatiana Santo Domingo ha comenzado la temporada festiva de la mejor forma posible. La empresaria y socialit\u00e9 ha&hellip;\n","protected":false},"author":2,"featured_media":279661,"comment_status":"","ping_status":"","sticky":false,"template":"","format":"standard","meta":{"footnotes":""},"categories":[174],"tags":[67861,255,146,147,25,24,256,1027,17329,23,62683],"class_list":{"0":"post-279660","1":"post","2":"type-post","3":"status-publish","4":"format-standard","5":"has-post-thumbnail","7":"category-famosos","8":"tag-andrea-casiraghi","9":"tag-celebrities","10":"tag-entertainment","11":"tag-entretenimiento","12":"tag-es","13":"tag-espana","14":"tag-famosos","15":"tag-realeza","16":"tag-realeza-monaco","17":"tag-spain","18":"tag-tatiana-santo-domingo"},"share_on_mastodon":{"url":"https:\/\/pubeurope.com\/@es\/115690404610604025","error":""},"_links":{"self":[{"href":"https:\/\/www.europesays.com\/es\/wp-json\/wp\/v2\/posts\/279660","targetHints":{"allow":["GET"]}}],"collection":[{"href":"https:\/\/www.europesays.com\/es\/wp-json\/wp\/v2\/posts"}],"about":[{"href":"https:\/\/www.europesays.com\/es\/wp-json\/wp\/v2\/types\/post"}],"author":[{"embeddable":true,"href":"https:\/\/www.europesays.com\/es\/wp-json\/wp\/v2\/users\/2"}],"replies":[{"embeddable":true,"href":"https:\/\/www.europesays.com\/es\/wp-json\/wp\/v2\/comments?post=279660"}],"version-history":[{"count":0,"href":"https:\/\/www.europesays.com\/es\/wp-json\/wp\/v2\/posts\/279660\/revisions"}],"wp:featuredmedia":[{"embeddable":true,"href":"https:\/\/www.europesays.com\/es\/wp-json\/wp\/v2\/media\/279661"}],"wp:attachment":[{"href":"https:\/\/www.europesays.com\/es\/wp-json\/wp\/v2\/media?parent=279660"}],"wp:term":[{"taxonomy":"category","embeddable":true,"href":"https:\/\/www.europesays.com\/es\/wp-json\/wp\/v2\/categories?post=279660"},{"taxonomy":"post_tag","embeddable":true,"href":"https:\/\/www.europesays.com\/es\/wp-json\/wp\/v2\/tags?post=279660"}],"curies":[{"name":"wp","href":"https:\/\/api.w.org\/{rel}","templated":true}]}}