{"id":279662,"date":"2025-12-09T15:50:14","date_gmt":"2025-12-09T15:50:14","guid":{"rendered":"https:\/\/www.europesays.com\/es\/279662\/"},"modified":"2025-12-09T15:50:14","modified_gmt":"2025-12-09T15:50:14","slug":"tengo-el-placer-de-conocer-en-persona-a-la-gran-mayoria-de-mis-clientes-y-para-mi-este-es-el-mejor-de-los-premios","status":"publish","type":"post","link":"https:\/\/www.europesays.com\/es\/279662\/","title":{"rendered":"\u201cTengo el placer de conocer en persona a la gran mayor\u00eda de mis clientes y, para m\u00ed, este es el mejor de los premios\u201d"},"content":{"rendered":"<p class=\"paragraph\">En la calle General \u00c1lvarez de Castro, junto al Mercat de Santa Caterina, a escasos metros de la Catedral de Barcelona y los museos Picasso y Moco, se encuentra un estudio de pintura que funciona como taller, galer\u00eda y punto de encuentro para amantes del arte. Es el estudio de H\u00e9ctor Fern\u00e1ndez, pintor barcelon\u00e9s que cuenta con m\u00e1s de tres d\u00e9cadas dedicado a la creaci\u00f3n pl\u00e1stica. Entre lienzos, bocetos y pantallas recibe con los brazos abiertos a vecinos, coleccionistas internacionales y visitantes atra\u00eddos por la vitalidad creativa del lugar.<\/p>\n<p class=\"paragraph\">Su historia empieza mucho antes de abrir su estudio en el coraz\u00f3n de Barcelona. \u201cVengo de una familia dedicada a las artes pl\u00e1sticas, para m\u00ed dibujar y pintar era lo normal en mi casa\u201d, recuerda H\u00e9ctor Fern\u00e1ndez, hijo de un destacado autor de C\u00f3mics de los a\u00f1os 80 que public\u00f3 en Europa y EE.\u00a0UU. Sin duda, la influencia de ese caldo creativo en casa marc\u00f3 el destino de H\u00e9ctor, que estudi\u00f3 Bellas Artes y se licenci\u00f3 en 1994 en la especialidad de pintura.<\/p>\n<p><img decoding=\"async\" class=\"w-full\"   alt=\"Muestra de la diversidad t\u00e9cnica del artista, que integra obra pict\u00f3rica y creaciones digitales\" data-full-src=\"https:\/\/www.lavanguardia.com\/uploads\/2025\/11\/27\/69284a37ba89a.jpeg\" src=\"https:\/\/www.europesays.com\/es\/wp-content\/uploads\/2025\/12\/69284a37ba89a.jpeg\" width=\"449\" height=\"599\" loading=\"lazy\"\/>Muestra de la diversidad t\u00e9cnica del artista, que integra obra pict\u00f3rica y creaciones digitales<\/p>\n<p class=\"paragraph\">Un a\u00f1o despu\u00e9s empez\u00f3 su trayectoria como pintor profesional. Pas\u00f3 alrededor de diez a\u00f1os trabajando en el estudio familiar, desarrollando su propio lenguaje pict\u00f3rico y participando en sus primeras exposiciones. Primero llegaron las muestras colectivas y, con el tiempo, las galer\u00edas de Arte empezaron a confiarle exposiciones individuales. Aquella etapa le ense\u00f1\u00f3 el ritmo del mercado del Arte, la importancia del v\u00ednculo con los galeristas y tambi\u00e9n sus l\u00edmites y reglas.<\/p>\n<p class=\"paragraph\">Tras la crisis del 2008, H\u00e9ctor decidi\u00f3 tirarse a la piscina y abrir su propio estudio en el 2009. El primer local era un espacio peque\u00f1o, en una calle estrecha y oscura, all\u00ed estuvo diez a\u00f1os combinando dos actividades complementarias: impartiendo clases de dibujo y pintura y vendiendo sus obras. A base de trabajo y perseverancia, exposiciones y encargos, logr\u00f3 dar el siguiente salto y mudarse a un segundo local, esta vez mejor ubicado, con m\u00e1s luz y mejores condiciones. Sin embargo, al cabo de cinco a\u00f1os y por requerimiento del propietario tuvo que dejar el local, el golpe fue duro. La b\u00fasqueda de un nuevo espacio acab\u00f3 en su actual estudio\/galer\u00eda, mejor situado y con m\u00e1s superficie de exposici\u00f3n.<\/p>\n<p>Siempre he estado rodeado de l\u00e1pices y pinturas. Para m\u00ed el dibujo y la pintura son una actividad vital, vengo de una familia dedicada a la creaci\u00f3n art\u00edstica<\/p>\n<p class=\"paragraph\">Su estudio est\u00e1 abierto al p\u00fablico y sus singulares creaciones que tapizan las paredes y el mobiliario tienen precios pensados para todos los bolsillos. \u201cCreo que el arte tiene que ser accesible a todo el mundo\u201d. En lo art\u00edstico, H\u00e9ctor Fern\u00e1ndez se define como un pintor ecl\u00e9ctico. No le gustan demasiado las etiquetas, pero reconoce que trabaja con tem\u00e1ticas, t\u00e9cnicas y formatos diversos. Adem\u00e1s de su obra personal, realiza dibujo y pintura por encargo para particulares y coleccionistas de arte.<\/p>\n<p><img decoding=\"async\" class=\"w-full\"   alt=\"El estudio de H\u00e9ctor Fern\u00e1ndez cuenta\u00a0 con distintas piezas del artista, un recorrido donde se mezclan color, volumen y exploraci\u00f3n digital\" data-full-src=\"https:\/\/www.lavanguardia.com\/uploads\/2025\/11\/27\/69284aba8d895.jpeg\" src=\"https:\/\/www.europesays.com\/es\/wp-content\/uploads\/2025\/12\/69284aba8d895.jpeg\" width=\"449\" height=\"599\" loading=\"lazy\"\/>El estudio de H\u00e9ctor Fern\u00e1ndez cuenta\u00a0 con distintas piezas del artista, un recorrido donde se mezclan color, volumen y exploraci\u00f3n digital<\/p>\n<p class=\"paragraph\">Con los a\u00f1os su clientela se ha hecho internacional. Vende sus trabajos a personas de Barcelona y a turistas amantes del arte del norte de Europa y Estados Unidos. \u201cTengo clientes de todo el mundo y me hace especial ilusi\u00f3n cuando vuelven a Barcelona y pasan por el estudio de nuevo. Siempre les pido que me manden fotos de los cuadros colgados en sus casas; son como mis hijos, ver que est\u00e1n bien cuidados no tiene precio\u201d comenta Fern\u00e1ndez.<\/p>\n<p class=\"paragraph\">Su trabajo ha viajado tambi\u00e9n a trav\u00e9s de galer\u00edas de arte de todo el planeta. A ra\u00edz de un cliente galerista sueco surgi\u00f3 una exposici\u00f3n en Suecia y una relaci\u00f3n profesional que se ha convertido en amistad. En paralelo, ha participado en muestras y ferias en Europa y Estados Unidos y pr\u00f3ximamente tendr\u00e1 piezas en una exposici\u00f3n colectiva en una galer\u00eda de arte en Dubai. \u201cEstoy acostumbrado a gestionar expectativas y s\u00e9 que en el mundo del arte nada est\u00e1 garantizado\u201d, reconoce.<\/p>\n<p>Cada cambio de local ha sido fruto de mucho esfuerzo, pero tambi\u00e9n ha significado un paso adelante: M\u00e1s visibilidad, m\u00e1s p\u00fablico y m\u00e1s estabilidad<\/p>\n<p class=\"paragraph\">M\u00e1s all\u00e1 de la pintura, el artista siempre tuvo curiosidad por la creaci\u00f3n digital y el tratamiento de im\u00e1genes con ordenador, pero fue 2020 cuando lo que empez\u00f3 siendo un juego acab\u00f3 formando parte de su trabajo, se compr\u00f3 unas gafas de realidad virtual y descubri\u00f3 aplicaciones que le permit\u00edan modelar escenas en 3D, donde tambi\u00e9n pod\u00eda introducir sus dibujos y pinturas. Se abr\u00eda una nueva puerta a la imaginaci\u00f3n y desde entonces compagina la creaci\u00f3n pl\u00e1stica con un trabajo digital elaborado y con un alto contenido conceptual y sin usar Inteligencia Artificial.<\/p>\n<p class=\"paragraph\">\u201cCreo escenarios virtuales imaginarios, situ\u00f3 personajes, los ilumino, texturizo y busco la composici\u00f3n que deseo, la fotograf\u00edo y la convierto en una obra que luego imprimo en papel, aluminio y otros soportes\u201d, explica el artista. Este enfoque le ha llevado a exponer arte digital en Barcelona y, pr\u00f3ximamente, en Europa.<\/p>\n<p><img decoding=\"async\" class=\"w-full\"   alt=\"Fachada del estudio\/galer\u00eda de H\u00e9ctor Fern\u00e1ndez, en la calle\u00a0General \u00c1lvarez de Castro de Barcelona\" data-full-src=\"https:\/\/www.lavanguardia.com\/uploads\/2025\/11\/27\/69284b3dd4890.jpeg\" src=\"https:\/\/www.europesays.com\/es\/wp-content\/uploads\/2025\/12\/69284b3dd4890.jpeg\" width=\"449\" height=\"561\" loading=\"lazy\"\/>Fachada del estudio\/galer\u00eda de H\u00e9ctor Fern\u00e1ndez, en la calle\u00a0General \u00c1lvarez de Castro de Barcelona<\/p>\n<p class=\"paragraph\">Para Fern\u00e1ndez, la pintura suele ofrecer una lectura m\u00e1s directa, mientras que el arte digital deja paso m\u00e1s amplio a la interpretaci\u00f3n del espectador. Esa dualidad le permite conectar con p\u00fablicos diversos: coleccionistas tradicionales, personas atra\u00eddas por la tecnolog\u00eda y un p\u00fablico joven, a menudo extranjero, que se siente m\u00e1s pr\u00f3ximo a los lenguajes visuales contempor\u00e1neos.<\/p>\n<p class=\"paragraph\">Mirando hacia adelante, su horizonte pasa por seguir consolidando este doble camino, ampliar su presencia internacional y mantener su estudio como centro f\u00edsico de su actividad creativa. Quiere que quien entre en el local encuentre siempre algo nuevo, ya sea un cuadro reci\u00e9n terminado, un encargo en proceso o una impresi\u00f3n digital que todav\u00eda conserva ecos del espacio virtual donde naci\u00f3.<\/p>\n<p>Lecciones de Vanguardia<\/p>\n<p class=\"text\">\u201cUna carrera art\u00edstica necesita tiempo y perseverancia. Hoy mucha gente joven quiere resultados inmediatos, pero un oficio creativo se construye a lo largo de los a\u00f1os\u201d. <\/p>\n<p>\u201cHaz aquello que te gusta por encima de todo y acepta que al principio tendr\u00e1s que compaginarlo con otras cosas. Si eres constante y no te rindes, al final el trabajo acaba dando sus frutos\u201d.<\/p>\n<p>M\u00e1s informaci\u00f3n<\/p>\n<p>\u00a0Tel\u00e9fono: 931 173 910<\/p>\n","protected":false},"excerpt":{"rendered":"En la calle General \u00c1lvarez de Castro, junto al Mercat de Santa Caterina, a escasos metros de la&hellip;\n","protected":false},"author":2,"featured_media":279663,"comment_status":"","ping_status":"","sticky":false,"template":"","format":"standard","meta":{"footnotes":""},"categories":[173],"tags":[229,233,231,230,232,234,146,147,25,24,23],"class_list":{"0":"post-279662","1":"post","2":"type-post","3":"status-publish","4":"format-standard","5":"has-post-thumbnail","7":"category-arte-y-diseno","8":"tag-arte","9":"tag-arte-y-diseno","10":"tag-arts","11":"tag-arts-and-design","12":"tag-design","13":"tag-diseno","14":"tag-entertainment","15":"tag-entretenimiento","16":"tag-es","17":"tag-espana","18":"tag-spain"},"share_on_mastodon":{"url":"https:\/\/pubeurope.com\/@es\/115690407627723925","error":""},"_links":{"self":[{"href":"https:\/\/www.europesays.com\/es\/wp-json\/wp\/v2\/posts\/279662","targetHints":{"allow":["GET"]}}],"collection":[{"href":"https:\/\/www.europesays.com\/es\/wp-json\/wp\/v2\/posts"}],"about":[{"href":"https:\/\/www.europesays.com\/es\/wp-json\/wp\/v2\/types\/post"}],"author":[{"embeddable":true,"href":"https:\/\/www.europesays.com\/es\/wp-json\/wp\/v2\/users\/2"}],"replies":[{"embeddable":true,"href":"https:\/\/www.europesays.com\/es\/wp-json\/wp\/v2\/comments?post=279662"}],"version-history":[{"count":0,"href":"https:\/\/www.europesays.com\/es\/wp-json\/wp\/v2\/posts\/279662\/revisions"}],"wp:featuredmedia":[{"embeddable":true,"href":"https:\/\/www.europesays.com\/es\/wp-json\/wp\/v2\/media\/279663"}],"wp:attachment":[{"href":"https:\/\/www.europesays.com\/es\/wp-json\/wp\/v2\/media?parent=279662"}],"wp:term":[{"taxonomy":"category","embeddable":true,"href":"https:\/\/www.europesays.com\/es\/wp-json\/wp\/v2\/categories?post=279662"},{"taxonomy":"post_tag","embeddable":true,"href":"https:\/\/www.europesays.com\/es\/wp-json\/wp\/v2\/tags?post=279662"}],"curies":[{"name":"wp","href":"https:\/\/api.w.org\/{rel}","templated":true}]}}