{"id":279670,"date":"2025-12-09T16:00:10","date_gmt":"2025-12-09T16:00:10","guid":{"rendered":"https:\/\/www.europesays.com\/es\/279670\/"},"modified":"2025-12-09T16:00:10","modified_gmt":"2025-12-09T16:00:10","slug":"de-mulino-a-milei-los-lideres-que-arropan-a-maria-corina-machado-en-la-entrega-del-nobel-de-la-paz","status":"publish","type":"post","link":"https:\/\/www.europesays.com\/es\/279670\/","title":{"rendered":"De Mulino a Milei: los l\u00edderes que arropan a Mar\u00eda Corina Machado en la entrega del Nobel de la Paz"},"content":{"rendered":"<p class=\"\">Mar\u00eda Corina Machado se prepara para dar un paso m\u00e1s en su desaf\u00edo a Nicol\u00e1s Maduro. Si la l\u00edder de la oposici\u00f3n venezolana se presenta este mi\u00e9rcoles para <a href=\"https:\/\/elpais.com\/internacional\/2025-12-08\/se-sabe-algo-de-maria-corina-la-expectativa-sobre-la-presencia-de-la-lider-venezolana-en-oslo-crece-ante-la-entrega-del-nobel-de-la-paz.html\" target=\"_self\" rel=\"nofollow noopener\" title=\"https:\/\/elpais.com\/internacional\/2025-12-08\/se-sabe-algo-de-maria-corina-la-expectativa-sobre-la-presencia-de-la-lider-venezolana-en-oslo-crece-ante-la-entrega-del-nobel-de-la-paz.html\">recibir en persona<\/a> el Premio Nobel de La Paz, como se le espera, estar\u00e1 arropada en Oslo por cuatro presidentes latinoamericanos invitados personalmente por ella a la ceremonia: el paname\u00f1o <a href=\"https:\/\/elpais.com\/america\/2024-05-06\/jose-raul-mulino-una-campana-expres-con-una-imagen-de-hombre-de-pocas-palabras-y-mano-dura.html\" target=\"_self\" rel=\"nofollow noopener\" title=\"https:\/\/elpais.com\/america\/2024-05-06\/jose-raul-mulino-una-campana-expres-con-una-imagen-de-hombre-de-pocas-palabras-y-mano-dura.html\">Jos\u00e9 Ra\u00fal Mulino<\/a>, el ecuatoriano Daniel Noboa, el paraguayo Santiago Pe\u00f1a y el argentino Javier Milei. Todos ellos han manifestado en voz alta su rechazo al fraude electoral perpetrado por el heredero de Hugo Ch\u00e1vez, sometido ahora mismo a una enorme presi\u00f3n por el despliegue militar en el Caribe ordenado por el estadounidense Donald Trump. \u201cSus d\u00edas [en el poder] est\u00e1n contados\u201d, ha insistido el republicano en una entrevista con Politico publicada este mismo mi\u00e9rcoles.<\/p>\n<p class=\"\">Mulino, quien viaj\u00f3 desde el domingo, fue el primero en llegar a Noruega, donde ya ha sostenido encuentros con la madre, la hermana y la hija de Machado. Desde el momento en que asumi\u00f3 la Presidencia de Panam\u00e1, el 1 de julio de 2024, manifest\u00f3 su apoyo a los esfuerzos de Machado por poner en marcha una transici\u00f3n a la democracia, y a finales de ese mes rompi\u00f3 relaciones despu\u00e9s de que Maduro se autoproclam\u00f3 ganador de las presidenciales del 28 de julio sin mostrar ninguna evidencia de ese resultado. Por el contrario, la oposici\u00f3n ha exhibido la mayor\u00eda de las actas que demuestran el triunfo de Edmundo Gonz\u00e1lez Urrutia, despu\u00e9s exiliado en Espa\u00f1a, quien aterriz\u00f3 este martes en el pa\u00eds n\u00f3rdico. Panam\u00e1 se ofreci\u00f3 a resguardar las preciadas actas, que han sido validadas por el <a href=\"https:\/\/elpais.com\/america\/2025-02-18\/el-centro-carter-da-por-buenas-las-actas-de-la-oposicion-y-certifica-que-edmundo-gonzalez-gano-las-elecciones.html\" target=\"_self\" rel=\"nofollow noopener\" title=\"https:\/\/elpais.com\/america\/2025-02-18\/el-centro-carter-da-por-buenas-las-actas-de-la-oposicion-y-certifica-que-edmundo-gonzalez-gano-las-elecciones.html\">Centro Carter<\/a> y presentadas ante la <a href=\"https:\/\/elpais.com\/america\/2024-10-02\/el-centro-carter-presenta-a-la-oea-las-actas-originales-de-la-votacion-en-venezuela-que-otorgan-la-victoria-de-edmundo-gonzalez.html\" target=\"_self\" rel=\"nofollow noopener\" title=\"https:\/\/elpais.com\/america\/2024-10-02\/el-centro-carter-presenta-a-la-oea-las-actas-originales-de-la-votacion-en-venezuela-que-otorgan-la-victoria-de-edmundo-gonzalez.html\">Organizaci\u00f3n de Estados Americanos<\/a> (OEA), en Washington.<\/p>\n<p class=\"\">\u201cAqu\u00ed estoy acompa\u00f1\u00e1ndola. No vamos a retroceder ni un cent\u00edmetro hasta lograr que el Gobierno electo de Venezuela tome las riendas del poder, porque as\u00ed lo quiso el pueblo de Venezuela\u201d, le dijo Mulino en Oslo a los familiares de la l\u00edder venezolana. \u201cEsas actas que confirman el triunfo arrollador de Edmundo y Mar\u00eda Corina las tenemos en Panam\u00e1\u201d, ha reivindicado. En el tablero de la geopol\u00edtica, Panam\u00e1 fue tambi\u00e9n el primer pa\u00eds se\u00f1alado por la agresiva pol\u00edtica exterior de Trump, quien prometi\u00f3 en su investidura, a comienzos de a\u00f1o, <a href=\"https:\/\/elpais.com\/america\/2025-01-21\/trump-insiste-en-recuperar-el-canal-de-panama-en-su-investidura.html\" target=\"_self\" rel=\"nofollow noopener\" title=\"https:\/\/elpais.com\/america\/2025-01-21\/trump-insiste-en-recuperar-el-canal-de-panama-en-su-investidura.html\">retomar para Estados Unidos el canal<\/a> interoce\u00e1nico que atraviesa el istmo. Aunque Mulino, un pragm\u00e1tico, ha hecho malabares para exhibir afinidad con Washington, tambi\u00e9n ha reivindicado con insistencia que \u201cel canal es y seguir\u00e1 siendo de Panam\u00e1\u201d. Desde entonces, se ha rebajado la presencia china, un reclamo recurrente del republicano. <\/p>\n<p class=\"\">Otro de los mayores defensores de la oposici\u00f3n venezolana en la regi\u00f3n ha sido el argentino Milei, muy alineado con los intereses de Trump. A mitad de su mandato, Milei parti\u00f3 este lunes desde Buenos Aires hacia Oslo para mostrar una vez m\u00e1s su apoyo a la Nobel de la Paz, informa <b>Mar Centenera<\/b>. Su hermana y secretaria de la Presidencia, Karina Milei, y el canciller, Pablo Quirno, acompa\u00f1an al l\u00edder ultra en el viaje rel\u00e1mpago. El argentino se ha mostrado como un ferviente aliado de Machado desde las presidenciales de 2024, que tild\u00f3 de fraudulentas. En ese momento, Milei volvi\u00f3 a llamar dictador a Maduro y le exigi\u00f3 que \u201creconozca la derrota luego de a\u00f1os de socialismo, miseria, decadencia y muerte\u201d. <\/p>\n<p class=\"\">La oposici\u00f3n a Maduro ha sido uno de los ejes de la pol\u00edtica exterior de Milei. En marzo de 2024 recibi\u00f3 en la embajada argentina de Caracas a seis colaboradores de Machado que vivieron asediados por las fuerzas chavistas durante m\u00e1s de un a\u00f1o. La tensi\u00f3n entre los dos pa\u00edses tuvo su punto \u00e1lgido en los d\u00edas posteriores a la votaci\u00f3n venezolana, cuando Maduro orden\u00f3 expulsar a todos los diplom\u00e1ticos argentinos y los asilados quedaron al cuidado de Brasil, que asumi\u00f3 el control de la embajada argentina. <\/p>\n<p class=\"\">El Gobierno argentino ha lanzado dardos contra el chavismo en cada foro internacional en el que ha participado durante los \u00faltimos dos a\u00f1os. Sin embargo, Milei ha moderado sus insultos directos contra Maduro para evitar perjudicar al gendarme argentino Nahuel Gallo, detenido cuando cruz\u00f3 por tierra desde Colombia a Venezuela, hace ya un a\u00f1o. La Canciller\u00eda sostiene que su detenci\u00f3n es \u201carbitraria\u201d, \u201cilegal\u201d y \u201cconstituye un claro caso de desaparici\u00f3n forzada y una flagrante violaci\u00f3n del derecho internacional\u201d.<\/p>\n<p class=\"\">Tambi\u00e9n los dem\u00e1s invitados, el ecuatoriano Noboa y el <a href=\"https:\/\/elpais.com\/internacional\/2023-08-15\/el-conservador-santiago-pena-asume-como-nuevo-presidente-de-paraguay.html\" target=\"_self\" rel=\"nofollow noopener\" title=\"https:\/\/elpais.com\/internacional\/2023-08-15\/el-conservador-santiago-pena-asume-como-nuevo-presidente-de-paraguay.html\">paraguayo Castro<\/a>, dos mandatarios conservadores, han dado muestras de sinton\u00eda con Washington. Noboa se reuni\u00f3 en marzo con Trump en Florida \u2013en anticipo de las elecciones que gan\u00f3 el 13 de abril\u2013, ha manifestado su apoyo en la lucha contra el narcotr\u00e1fico y el crimen transnacional en medio del despliegue militar en el Caribe \u2013y en menor medida en el Pac\u00edfico\u2013. Incluso someti\u00f3 a referendo la posibilidad de que regresaran las bases militares estadounidenses a territorio ecuatoriano, aunque perdi\u00f3 esa consulta popular. Castro, por su parte, ha apoyado la agenda de control migratorio promovida desde la Casa Blanca y fue el \u00fanico presidente sudamericano invitado a la Cumbre de la Paz en Egipto.<\/p>\n<p class=\"\">A los m\u00e1s esc\u00e9pticos, la entrega del Nobel a Machado, acompa\u00f1ada por los cuatro mandatarios, les recuerda el experimento del diputado opositor <a href=\"https:\/\/elpais.com\/america-colombia\/2023-04-26\/de-abrazar-a-guaido-a-forzar-su-salida-a-medianoche-el-giro-de-la-diplomacia-colombiana-frente-a-venezuela.html\" target=\"_self\" rel=\"nofollow noopener\" title=\"https:\/\/elpais.com\/america-colombia\/2023-04-26\/de-abrazar-a-guaido-a-forzar-su-salida-a-medianoche-el-giro-de-la-diplomacia-colombiana-frente-a-venezuela.html\">Juan Guaid\u00f3<\/a>, que lleg\u00f3 a ser reconocido como presidente encargado de Venezuela por m\u00e1s de 50 pa\u00edses en tiempos del primer Trump. Se present\u00f3 al mundo en C\u00facuta, en el <a href=\"https:\/\/elpais.com\/internacional\/2019\/02\/19\/actualidad\/1550589677_411095.html\" target=\"_self\" rel=\"nofollow noopener\" title=\"https:\/\/elpais.com\/internacional\/2019\/02\/19\/actualidad\/1550589677_411095.html\">megaconcierto<\/a> organizado la v\u00edspera del fallido intento por ingresar ayudas a Venezuela el 23 de febrero de 2019, <a href=\"https:\/\/elpais.com\/internacional\/2019\/02\/24\/actualidad\/1550975596_039874.html\" rel=\"nofollow noopener\" target=\"_blank\">el famoso 23F<\/a>. All\u00ed fue recibido como un h\u00e9roe por el entonces presidente colombiano, Iv\u00e1n Duque, promotor del fallido cerco diplom\u00e1tico sobre Maduro; el chileno Sebasti\u00e1n Pi\u00f1era y el paraguayo Mario Abdo Ben\u00edtez, todos de corte conservador. Bajo la mirada del mundo, al d\u00eda siguiente, la prometida \u201cavalancha humanitaria\u201d se <a href=\"https:\/\/elpais.com\/internacional\/2019\/02\/24\/actualidad\/1550975596_039874.html\" target=\"_self\" rel=\"nofollow noopener\" title=\"https:\/\/elpais.com\/internacional\/2019\/02\/24\/actualidad\/1550975596_039874.html\">estrell\u00f3 en los puentes<\/a> fronterizos con las armas y los gases lacrim\u00f3genos de los militares leales al chavismo. Para entonces, Guaid\u00f3 ya hab\u00eda jurado como mandatario interino y logr\u00f3 cruzar de manera clandestina la frontera a pesar de tener prohibida la salida de su pa\u00eds. El objetivo era derrocar a Maduro, poner en marcha una transici\u00f3n y convocar elecciones libres. Pero la estrella de Guaid\u00f3 se apag\u00f3 y acab\u00f3 en el exilio.<\/p>\n<p class=\"\">M\u00e1s all\u00e1 de los ecos, mucho ha cambiado desde entonces. Ni siquiera el colombiano Gustavo Petro, un cr\u00edtico del despliegue militar en el Caribe <a href=\"https:\/\/elpais.com\/america-colombia\/2025-10-19\/donald-trump-y-gustavo-petro-dos-lideres-en-colision-permanente.html\" target=\"_self\" rel=\"nofollow noopener\" title=\"https:\/\/elpais.com\/america-colombia\/2025-10-19\/donald-trump-y-gustavo-petro-dos-lideres-en-colision-permanente.html\">enfrentado<\/a> permanentemente con Trump, ha <a href=\"https:\/\/elpais.com\/america\/2025-01-10\/edmundo-gonzalez-o-nicolas-maduro-a-quien-reconoce-cada-pais-como-presidente-de-venezuela.html\" target=\"_self\" rel=\"nofollow noopener\" title=\"https:\/\/elpais.com\/america\/2025-01-10\/edmundo-gonzalez-o-nicolas-maduro-a-quien-reconoce-cada-pais-como-presidente-de-venezuela.html\">reconocido<\/a> el supuesto triunfo de Maduro en las elecciones. Los dos principales vecinos de Venezuela gobernados por l\u00edderes progresistas, Colombia y el Brasil de Luiz In\u00e1cio Lula da Silva, aunque no est\u00e9n presentes en Oslo, intentaron mediar para lograr una salida negociada entre el Gobierno y la oposici\u00f3n \u2013acompa\u00f1ados en un primer momento por M\u00e9xico\u2013. Incluso Petro celebr\u00f3 en su d\u00eda, a su manera particular, la noticia del Nobel: \u201cDe Mar\u00eda Corina espero que ayude a que su pa\u00eds consiga el di\u00e1logo para mantener la paz\u201d. <\/p>\n","protected":false},"excerpt":{"rendered":"Mar\u00eda Corina Machado se prepara para dar un paso m\u00e1s en su desaf\u00edo a Nicol\u00e1s Maduro. Si la&hellip;\n","protected":false},"author":2,"featured_media":279671,"comment_status":"","ping_status":"","sticky":false,"template":"","format":"standard","meta":{"footnotes":""},"categories":[42],"tags":[889,17,18,1196,1803,7336,352,13,14,11,61,62,63,64,4245,67862,19,20,1804,4371,9,1194,25064,4907,10,15,16,958,12,21,22,1192,65,66,67],"class_list":{"0":"post-279670","1":"post","2":"type-post","3":"status-publish","4":"format-standard","5":"has-post-thumbnail","7":"category-internacional","8":"tag-america","9":"tag-breaking-news","10":"tag-breakingnews","11":"tag-chavismo","12":"tag-colombia","13":"tag-daniel-noboa","14":"tag-donald-trump","15":"tag-featured-news","16":"tag-featurednews","17":"tag-headlines","18":"tag-internacional","19":"tag-international","20":"tag-international-news","21":"tag-internationalnews","22":"tag-javier-milei","23":"tag-jose-raul-mulino","24":"tag-latest-news","25":"tag-latestnews","26":"tag-latinoamerica","27":"tag-maria-corina-machado","28":"tag-news","29":"tag-nicolas-maduro","30":"tag-nobel-de-la-paz","31":"tag-noruega","32":"tag-noticias","33":"tag-noticias-destacadas","34":"tag-noticiasdestacadas","35":"tag-oposicion-politica","36":"tag-titulares","37":"tag-ultimas-noticias","38":"tag-ultimasnoticias","39":"tag-venezuela","40":"tag-world","41":"tag-world-news","42":"tag-worldnews"},"share_on_mastodon":{"url":"","error":"Validation failed: Text character limit of 500 exceeded"},"_links":{"self":[{"href":"https:\/\/www.europesays.com\/es\/wp-json\/wp\/v2\/posts\/279670","targetHints":{"allow":["GET"]}}],"collection":[{"href":"https:\/\/www.europesays.com\/es\/wp-json\/wp\/v2\/posts"}],"about":[{"href":"https:\/\/www.europesays.com\/es\/wp-json\/wp\/v2\/types\/post"}],"author":[{"embeddable":true,"href":"https:\/\/www.europesays.com\/es\/wp-json\/wp\/v2\/users\/2"}],"replies":[{"embeddable":true,"href":"https:\/\/www.europesays.com\/es\/wp-json\/wp\/v2\/comments?post=279670"}],"version-history":[{"count":0,"href":"https:\/\/www.europesays.com\/es\/wp-json\/wp\/v2\/posts\/279670\/revisions"}],"wp:featuredmedia":[{"embeddable":true,"href":"https:\/\/www.europesays.com\/es\/wp-json\/wp\/v2\/media\/279671"}],"wp:attachment":[{"href":"https:\/\/www.europesays.com\/es\/wp-json\/wp\/v2\/media?parent=279670"}],"wp:term":[{"taxonomy":"category","embeddable":true,"href":"https:\/\/www.europesays.com\/es\/wp-json\/wp\/v2\/categories?post=279670"},{"taxonomy":"post_tag","embeddable":true,"href":"https:\/\/www.europesays.com\/es\/wp-json\/wp\/v2\/tags?post=279670"}],"curies":[{"name":"wp","href":"https:\/\/api.w.org\/{rel}","templated":true}]}}