{"id":279736,"date":"2025-12-09T16:48:15","date_gmt":"2025-12-09T16:48:15","guid":{"rendered":"https:\/\/www.europesays.com\/es\/279736\/"},"modified":"2025-12-09T16:48:15","modified_gmt":"2025-12-09T16:48:15","slug":"portal-de-noticias-del-gobierno-de-canarias-365","status":"publish","type":"post","link":"https:\/\/www.europesays.com\/es\/279736\/","title":{"rendered":"Portal de Noticias del Gobierno de Canarias"},"content":{"rendered":"<blockquote>\n<p>Entre los temas tratados se abord\u00f3 la consolidaci\u00f3n de las las Zonas de Aceleraci\u00f3n de Renovables (ZAR) y los avances en el decreto del 20 % de participaci\u00f3n local<\/p>\n<p>Zapata: \u201cEl di\u00e1logo permanente con los cabildos insulares es esencial para garantizar que la energ\u00eda limpia llegue a todas las islas, respetando sus singularidades y protegiendo su patrimonio natural\u201d<\/p>\n<\/blockquote>\n<p>La Consejer\u00eda de Transici\u00f3n Ecol\u00f3gica y Energ\u00eda del Gobierno de Canarias, encabezada por Mariano H. Zapata, y la Federaci\u00f3n Canaria de Islas (FECAI), han celebrado hoy una nueva reuni\u00f3n de trabajo para abordar los principales desaf\u00edos de la transici\u00f3n energ\u00e9tica en el Archipi\u00e9lago.<\/p>\n<p>Entre los asuntos tratados destacan el desarrollo de las Zonas de Aceleraci\u00f3n de Renovables (ZAR), cuyos protocolos ya se han aprobado en Lanzarote y La Gomera, y los avances en torno al decreto que garantiza un 20 % de participaci\u00f3n local en los proyectos renovables en suelo de m\u00e1s de 2 MW.<\/p>\n<p>El consejero Mariano H. Zapata subray\u00f3 que \u201cel di\u00e1logo permanente con los cabildos insulares a trav\u00e9s de la FECAI es esencial para garantizar que la energ\u00eda limpia llegue a todas las islas, respetando sus singularidades y protegiendo su patrimonio natural\u201d.<\/p>\n<p>Asimismo, Zapata afirm\u00f3 que \u201cgracias a este trabajo coordinado, las ZAR suponen una herramienta clave para acelerar la penetraci\u00f3n de renovables con seguridad jur\u00eddica, transparencia y consenso territorial\u201d, recordando que \u201cestas \u00e1reas estrat\u00e9gicas ya han sido aprobadas en Lanzarote y La Gomera\u201d y confiando en que pr\u00f3ximamente se puedan sumar el resto de islas.<\/p>\n<p>En cuanto al decreto del 20 % de participaci\u00f3n local en proyectos de energ\u00edas renovables el consejero a\u00f1adi\u00f3 que \u201ceste mecanismo refuerza la justicia social en la transici\u00f3n energ\u00e9tica: no solo promovemos energ\u00edas limpias, sino que aseguramos que parte del valor generado revierta en las comunidades locales, algo esencial para garantizar la aceptaci\u00f3n de estas nuevas instalaciones por parte de la sociedad\u201d.<\/p>\n<p>De esta forma, el consejero inform\u00f3 a los integrantes de la FECAI acerca de los avances en la redacci\u00f3n de este decreto, as\u00ed como las distintas peticiones que se han planteado sobre el mismo en la Mesa de la Energ\u00eda Renovable que celebra la Consejer\u00eda junto con los principales representantes del sector en el Archipi\u00e9lago.<\/p>\n<p>Zapata destac\u00f3 la importancia de esta reuni\u00f3n para seguir avanzado en asuntos que son una prioridad para Canarias. \u201cEl cambio clim\u00e1tico es una realidad en nuestras islas y avanzar hacia la descarbonizaci\u00f3n y la adaptaci\u00f3n de nuestro Archipi\u00e9lago es tarea de todas las instituciones\u201d.<\/p>\n","protected":false},"excerpt":{"rendered":"Entre los temas tratados se abord\u00f3 la consolidaci\u00f3n de las las Zonas de Aceleraci\u00f3n de Renovables (ZAR) y&hellip;\n","protected":false},"author":2,"featured_media":18769,"comment_status":"","ping_status":"","sticky":false,"template":"","format":"standard","meta":{"footnotes":""},"categories":[5],"tags":[17,18,25,24,13,14,11,19,20,9,10,15,16,23,12,21,22],"class_list":{"0":"post-279736","1":"post","2":"type-post","3":"status-publish","4":"format-standard","5":"has-post-thumbnail","7":"category-titulares","8":"tag-breaking-news","9":"tag-breakingnews","10":"tag-es","11":"tag-espana","12":"tag-featured-news","13":"tag-featurednews","14":"tag-headlines","15":"tag-latest-news","16":"tag-latestnews","17":"tag-news","18":"tag-noticias","19":"tag-noticias-destacadas","20":"tag-noticiasdestacadas","21":"tag-spain","22":"tag-titulares","23":"tag-ultimas-noticias","24":"tag-ultimasnoticias"},"share_on_mastodon":{"url":"https:\/\/pubeurope.com\/@es\/115690635379743558","error":""},"_links":{"self":[{"href":"https:\/\/www.europesays.com\/es\/wp-json\/wp\/v2\/posts\/279736","targetHints":{"allow":["GET"]}}],"collection":[{"href":"https:\/\/www.europesays.com\/es\/wp-json\/wp\/v2\/posts"}],"about":[{"href":"https:\/\/www.europesays.com\/es\/wp-json\/wp\/v2\/types\/post"}],"author":[{"embeddable":true,"href":"https:\/\/www.europesays.com\/es\/wp-json\/wp\/v2\/users\/2"}],"replies":[{"embeddable":true,"href":"https:\/\/www.europesays.com\/es\/wp-json\/wp\/v2\/comments?post=279736"}],"version-history":[{"count":0,"href":"https:\/\/www.europesays.com\/es\/wp-json\/wp\/v2\/posts\/279736\/revisions"}],"wp:featuredmedia":[{"embeddable":true,"href":"https:\/\/www.europesays.com\/es\/wp-json\/wp\/v2\/media\/18769"}],"wp:attachment":[{"href":"https:\/\/www.europesays.com\/es\/wp-json\/wp\/v2\/media?parent=279736"}],"wp:term":[{"taxonomy":"category","embeddable":true,"href":"https:\/\/www.europesays.com\/es\/wp-json\/wp\/v2\/categories?post=279736"},{"taxonomy":"post_tag","embeddable":true,"href":"https:\/\/www.europesays.com\/es\/wp-json\/wp\/v2\/tags?post=279736"}],"curies":[{"name":"wp","href":"https:\/\/api.w.org\/{rel}","templated":true}]}}