{"id":279737,"date":"2025-12-09T16:52:11","date_gmt":"2025-12-09T16:52:11","guid":{"rendered":"https:\/\/www.europesays.com\/es\/279737\/"},"modified":"2025-12-09T16:52:11","modified_gmt":"2025-12-09T16:52:11","slug":"emiliano-grillo-junior-open-2025-comienza-la-segunda-edicion-del-egjo-en-pilara-gc","status":"publish","type":"post","link":"https:\/\/www.europesays.com\/es\/279737\/","title":{"rendered":"Emiliano Grillo Junior Open 2025. Comienza la segunda edici\u00f3n del EGJO en Pilar\u00e1 GC"},"content":{"rendered":"<p><img fetchpriority=\"high\" decoding=\"async\" class=\"alignnone size-full wp-image-117879\" src=\"https:\/\/www.europesays.com\/es\/wp-content\/uploads\/2025\/12\/EGJO-2025-_-Dia-1-64-copia.jpeg\" alt=\"\" width=\"1903\" height=\"640\"  \/><\/p>\n<p>Pilar\u00e1 GC se prepara para convertirse en el epicentro del golf juvenil latinoamericano con la segunda edici\u00f3n del Emiliano Grillo Junior Open. Cientodiecisiete \u00a0jugadores provenientes de doce pa\u00edses estar\u00e1n presentes en Pilar para competir en un torneo que, en apenas un a\u00f1o, se consolid\u00f3 como una de las plataformas m\u00e1s influyentes de Latinoam\u00e9rica para impulsar el desarrollo de j\u00f3venes talentos y acercarlos a oportunidades educativas y deportivas en los Estados Unidos.<\/p>\n<p>El campeonato forma parte de la International Pathway Series (IPS) de la American Junior Golf Association (AJGA) y est\u00e1 integrado al calendario del Junior Nations Golf League (JUNGLE). Con el apoyo institucional de la Asociaci\u00f3n Argentina de Golf (AAG), el EGJO ofrece un marco competitivo de primer nivel: otorga puntos para el Performance Based Entry (PBE) de la AJGA y premiar\u00e1 a los ganadores de este a\u00f1o con un acceso directo al Orlando International Amateur, uno de los eventos juveniles m\u00e1s prestigiosos del mundo.<\/p>\n<p>Por otra parte, este lunes se llev\u00f3 a cabo la vuelta de pr\u00e1ctica, en la que los participantes ajustaron sus estrategias y midieron la velocidad de los sinuosos greens de Pilar\u00e1 Golf, presentados esta semana en excelentes condiciones. A partir del martes, comenzar\u00e1 oficialmente la competencia con salidas programadas desde las 08:00, dando inicio a la primera ronda de juego.<\/p>\n<p>Pilar\u00e1 Golf, la primera cancha Jack Nicklaus Signature de Sudam\u00e9rica, ofrece un escenario ideal para un torneo de esta magnitud: fairways amplios y ondulados, greens desafiantes y un dise\u00f1o que exige precisi\u00f3n y mucha estrategia. \u201cLa cancha la van a encontrar en impecables condiciones\u201d, asegur\u00f3 Federico Molina, gerente de Gesti\u00f3n de Pilar\u00e1. \u201cPara el club es un orgullo recibir un torneo tan grande y ver llegar chicos de tantos pa\u00edses\u201d.<\/p>\n<p>El debut del EGJO, disputado en 2024, dej\u00f3 nombres que hoy ya figuran en rankings internacionales y programas de elite: el estadounidense Angelo Martinez y la argentina Lara Foigel, campeones de la edici\u00f3n inaugural, confirmaron el impacto que estos torneos pueden tener en el desarrollo temprano de un jugador.<\/p>\n<p>La segunda edici\u00f3n del torneo es organizada por Fourwinds Sports &amp; Entertainment y Bluedotputt y cuenta con el auspicio de KIA, Fast Track, Philips TV &amp; Sound, Under Armour, Garmin, Callaway, FullSport, Altro, Villavicencio, Guaymall\u00e9n, Netcalls y Datacenter, y con el apoyo de la AAG, AJGA y JUNGLE.<\/p>\n","protected":false},"excerpt":{"rendered":"Pilar\u00e1 GC se prepara para convertirse en el epicentro del golf juvenil latinoamericano con la segunda edici\u00f3n del&hellip;\n","protected":false},"author":2,"featured_media":279738,"comment_status":"","ping_status":"","sticky":false,"template":"","format":"standard","meta":{"footnotes":""},"categories":[275],"tags":[168,25,24,329,23,167],"class_list":{"0":"post-279737","1":"post","2":"type-post","3":"status-publish","4":"format-standard","5":"has-post-thumbnail","7":"category-golf","8":"tag-deportes","9":"tag-es","10":"tag-espana","11":"tag-golf","12":"tag-spain","13":"tag-sports"},"share_on_mastodon":{"url":"https:\/\/pubeurope.com\/@es\/115690651583794254","error":""},"_links":{"self":[{"href":"https:\/\/www.europesays.com\/es\/wp-json\/wp\/v2\/posts\/279737","targetHints":{"allow":["GET"]}}],"collection":[{"href":"https:\/\/www.europesays.com\/es\/wp-json\/wp\/v2\/posts"}],"about":[{"href":"https:\/\/www.europesays.com\/es\/wp-json\/wp\/v2\/types\/post"}],"author":[{"embeddable":true,"href":"https:\/\/www.europesays.com\/es\/wp-json\/wp\/v2\/users\/2"}],"replies":[{"embeddable":true,"href":"https:\/\/www.europesays.com\/es\/wp-json\/wp\/v2\/comments?post=279737"}],"version-history":[{"count":0,"href":"https:\/\/www.europesays.com\/es\/wp-json\/wp\/v2\/posts\/279737\/revisions"}],"wp:featuredmedia":[{"embeddable":true,"href":"https:\/\/www.europesays.com\/es\/wp-json\/wp\/v2\/media\/279738"}],"wp:attachment":[{"href":"https:\/\/www.europesays.com\/es\/wp-json\/wp\/v2\/media?parent=279737"}],"wp:term":[{"taxonomy":"category","embeddable":true,"href":"https:\/\/www.europesays.com\/es\/wp-json\/wp\/v2\/categories?post=279737"},{"taxonomy":"post_tag","embeddable":true,"href":"https:\/\/www.europesays.com\/es\/wp-json\/wp\/v2\/tags?post=279737"}],"curies":[{"name":"wp","href":"https:\/\/api.w.org\/{rel}","templated":true}]}}