{"id":279759,"date":"2025-12-09T17:09:16","date_gmt":"2025-12-09T17:09:16","guid":{"rendered":"https:\/\/www.europesays.com\/es\/279759\/"},"modified":"2025-12-09T17:09:16","modified_gmt":"2025-12-09T17:09:16","slug":"un-avion-militar-se-estrella-en-un-embalse-y-deja-siete-muertos","status":"publish","type":"post","link":"https:\/\/www.europesays.com\/es\/279759\/","title":{"rendered":"un avi\u00f3n militar se estrella en un embalse y deja siete muertos"},"content":{"rendered":"<p class=\"c-paragraph\">Un <b>avi\u00f3n de transporte militar<\/b> An-22 Ant\u00f3nov se ha estrellado este martes en la regi\u00f3n rusa de Iv\u00e1novo, a unos 250 kil\u00f3metros de Mosc\u00fa. El accidente tuvo lugar a las 12.00 horas, cuando, seg\u00fan testigos presenciales,\u00a0<b>el aparato comenz\u00f3 a desintegrarse repentinamente en el aire<\/b><b>\u00a0<\/b>cerca del embalse de Uv\u00f3dskoye, a 250 kil\u00f3metros al noreste de Mosc\u00fa, seg\u00fan publica la agencia TASS.<\/p>\n<p class=\"c-paragraph\">Seg\u00fan las primeras informaciones, los siete tripulantes murieron en el accidente, y sus cuerpos ya han sido rescatados del embalse de la regi\u00f3n de Iv\u00e1novo por buzos del equipo de emergencias. El Ministerio de Defensa ruso, que no ha confirmado las bajas, ha informado de que el avi\u00f3n se estrell\u00f3 en una zona deshabitada y que los equipos de b\u00fasqueda ya han comenzado sus labores.<\/p>\n<p class=\"c-paragraph\">La aeronave, \u00faltimo ejemplar en servicio del modelo An-22 llevaba m\u00e1s de 50 a\u00f1os en servicio, se encontraba en maniobras de prueba tras una reparaci\u00f3n. Seg\u00fan los medios locales rusos, <b>es probable que cayese debido a fallos t\u00e9cnicos.<\/b><\/p>\n<p class=\"c-paragraph\">Las autoridades rusas ya han abierto una investigaci\u00f3n con el accidente, sin que hayan sugerido en ning\u00fan momento que el incidente este relacionado con la guerra en Ucrania.<\/p>\n<p class=\"c-paragraph\">El An-22 es el avi\u00f3n sovi\u00e9tico turboh\u00e9lice m\u00e1s grande del mundo, dise\u00f1ado para el transporte de armas, equipo militar y tropas a larga distancia.\u00a0En 2024, las Fuerzas Aeroespaciales Rusas anunciaron que el modelo ser\u00eda dado de baja.<\/p>\n","protected":false},"excerpt":{"rendered":"Un avi\u00f3n de transporte militar An-22 Ant\u00f3nov se ha estrellado este martes en la regi\u00f3n rusa de Iv\u00e1novo,&hellip;\n","protected":false},"author":2,"featured_media":279760,"comment_status":"","ping_status":"","sticky":false,"template":"","format":"standard","meta":{"footnotes":""},"categories":[42],"tags":[4205,20034,3197,17,18,13,14,11,61,62,63,64,19,20,9,10,15,16,1614,12,21,22,16743,65,66,67],"class_list":{"0":"post-279759","1":"post","2":"type-post","3":"status-publish","4":"format-standard","5":"has-post-thumbnail","7":"category-internacional","8":"tag-accidente","9":"tag-aereo","10":"tag-avion","11":"tag-breaking-news","12":"tag-breakingnews","13":"tag-featured-news","14":"tag-featurednews","15":"tag-headlines","16":"tag-internacional","17":"tag-international","18":"tag-international-news","19":"tag-internationalnews","20":"tag-latest-news","21":"tag-latestnews","22":"tag-news","23":"tag-noticias","24":"tag-noticias-destacadas","25":"tag-noticiasdestacadas","26":"tag-rusia","27":"tag-titulares","28":"tag-ultimas-noticias","29":"tag-ultimasnoticias","30":"tag-un","31":"tag-world","32":"tag-world-news","33":"tag-worldnews"},"share_on_mastodon":{"url":"https:\/\/pubeurope.com\/@es\/115690718216099477","error":""},"_links":{"self":[{"href":"https:\/\/www.europesays.com\/es\/wp-json\/wp\/v2\/posts\/279759","targetHints":{"allow":["GET"]}}],"collection":[{"href":"https:\/\/www.europesays.com\/es\/wp-json\/wp\/v2\/posts"}],"about":[{"href":"https:\/\/www.europesays.com\/es\/wp-json\/wp\/v2\/types\/post"}],"author":[{"embeddable":true,"href":"https:\/\/www.europesays.com\/es\/wp-json\/wp\/v2\/users\/2"}],"replies":[{"embeddable":true,"href":"https:\/\/www.europesays.com\/es\/wp-json\/wp\/v2\/comments?post=279759"}],"version-history":[{"count":0,"href":"https:\/\/www.europesays.com\/es\/wp-json\/wp\/v2\/posts\/279759\/revisions"}],"wp:featuredmedia":[{"embeddable":true,"href":"https:\/\/www.europesays.com\/es\/wp-json\/wp\/v2\/media\/279760"}],"wp:attachment":[{"href":"https:\/\/www.europesays.com\/es\/wp-json\/wp\/v2\/media?parent=279759"}],"wp:term":[{"taxonomy":"category","embeddable":true,"href":"https:\/\/www.europesays.com\/es\/wp-json\/wp\/v2\/categories?post=279759"},{"taxonomy":"post_tag","embeddable":true,"href":"https:\/\/www.europesays.com\/es\/wp-json\/wp\/v2\/tags?post=279759"}],"curies":[{"name":"wp","href":"https:\/\/api.w.org\/{rel}","templated":true}]}}