{"id":279761,"date":"2025-12-09T17:10:15","date_gmt":"2025-12-09T17:10:15","guid":{"rendered":"https:\/\/www.europesays.com\/es\/279761\/"},"modified":"2025-12-09T17:10:15","modified_gmt":"2025-12-09T17:10:15","slug":"el-gobierno-renuncia-finalmente-a-60-000-millones-de-los-prestamos-europeos","status":"publish","type":"post","link":"https:\/\/www.europesays.com\/es\/279761\/","title":{"rendered":"El Gobierno renuncia finalmente a 60.000 millones de los pr\u00e9stamos europeos"},"content":{"rendered":"\n<p> El Consejo de Ministros ha aprobado este martes una nueva adenda, que deber\u00eda ser la definitiva, del Plan de Recuperaci\u00f3n, para la recta final de los fondos europeos que termina el pr\u00f3ximo a\u00f1o. El nuevo texto <strong>renuncia a unos 60.200 millones de euros<\/strong> de pr\u00e9stamos con el objetivo de centrarse en los casi 25.000 millones de transferencias que tiene asignadas Espa\u00f1a, algo m\u00e1s del 30% del total que ten\u00eda Espa\u00f1a asignada. Esto es, solicitar\u00e1 unos 22.800 millones de euros, poco m\u00e1s del <strong>27% de los cr\u00e9ditos<\/strong>. En total, el Plan de Recuperaci\u00f3n de Espa\u00f1a pasa a ser de 103.000 millones de euros, frente a los 163.000 millones que ten\u00eda disponibles. <\/p>\n<p> Lo que no se conoce todav\u00eda es el detalle de los <strong>proyectos que se eliminar\u00e1n<\/strong> del Plan de Recuperaci\u00f3n. El Gobierno est\u00e1 ultimando la negociaci\u00f3n del nuevo texto con la Comisi\u00f3n Europea, por lo que no ha dado muchos detalles sobre su contenido. <\/p>\n<p> Lo que s\u00ed ha explicado el Gobierno es que los pr\u00e9stamos a los que renuncia Espa\u00f1a ser\u00e1n compensados con<strong> financiaci\u00f3n nacional<\/strong> aportada por el Tesoro P\u00fablico. El objetivo es mantener el impulso inversor y la financiaci\u00f3n al tejido productivo soportada con recursos nacionales aprovechando la reducci\u00f3n de la prima de riesgo de Espa\u00f1a. El pa\u00eds se financia pr\u00e1cticamente igual que la Comisi\u00f3n Europea en los tramos largos, de modo que el beneficio de recurrir a los fondos europeos para los cr\u00e9ditos era m\u00ednimo. <\/p>\n<p> La nueva adenda tambi\u00e9n elimina algunos hitos importantes que el Gobierno ten\u00eda atascados desde el inicio del plan con el objetivo de que Espa\u00f1a pueda aprovechar el 100% de las transferencias asignadas. En concreto, el ministro de Econom\u00eda, Carlos Cuerpo, ha se\u00f1alado dos la aprobaci\u00f3n de la <strong><a href=\"https:\/\/www.elconfidencial.com\/inmobiliario\/suelo\/2025-01-25\/espana-perdera-fondos-ue-ley-suelo-2025_4050198\/\" target=\"_self\" rel=\"nofollow noopener\">Ley del Suelo<\/a><\/strong>, que est\u00e1 bloqueada por el Congreso, y la <a href=\"https:\/\/www.elconfidencial.com\/economia\/2023-10-04\/bruselas-retrasa-dos-objetivos-reformas-espana_3747205\/\" target=\"_self\" rel=\"nofollow noopener\">Ley de la Autoridad del Cliente Financiero<\/a>, que se est\u00e1 tramitando en el Congreso pero que tambi\u00e9n tiene muchas dificultades. En el caso de la Ley del Suelo, este hito se sustituye por la creaci\u00f3n (ya completada) de la nueva empresa p\u00fablica de vivienda (Sepes). <\/p>\n<p>              <img decoding=\"async\" class=\"inTextNews__img\" alt=\"Foto: gobierno-descarta-pedir-creditos-europeos-invertir\" src=\"https:\/\/www.europesays.com\/es\/wp-content\/uploads\/2025\/12\/f.elconfidencial.com\/original\/78f\/61a\/640\/78f61a640b13fbb340d5d91baf408b31.jpg\"  \/>     <\/p>\n<p>TE PUEDE INTERESAR<\/p>\n<p>      <a class=\"inTextNews__title\" href=\"https:\/\/www.elconfidencial.com\/economia\/2025-12-03\/gobierno-descarta-pedir-creditos-europeos-invertir_4258979\/\" onclick=\"window.ECCO.emit(&#039;amplitude&#039;, { dataEventName: &#039;click_related_article_module&#039;, data: { related_article_url: &#039;https:\/\/www.elconfidencial.com\/economia\/2025-12-03\/gobierno-descarta-pedir-creditos-europeos-invertir_4258979\/&#039;, related_article_author: &#039;Javier G. Jorr\u00edn&#039;, related_article_section: &#039;economia&#039; } })\" rel=\"nofollow noopener\" target=\"_blank\"> El Gobierno pone fin al man\u00e1 de los fondos UE: qui\u00e9n tirar\u00e1 ahora de la inversi\u00f3n p\u00fablica <\/a>   <\/p>\n<p>    J. J.   <\/p>\n<p> Lo que no ha podido hacer el Gobierno es eliminar uno de los hitos que m\u00e1s problemas le est\u00e1 causando: la <strong><a href=\"https:\/\/www.elconfidencial.com\/economia\/2025-01-21\/cuerpo-el-gobierno-aprobara-el-impuesto-al-diesel_4047709\/\" target=\"_self\" rel=\"nofollow noopener\">subida del impuesto al di\u00e9sel<\/a><\/strong> para equipararlo con la gasolina. El Ejecutivo trat\u00f3 de aprobar este compromiso hace ahora un a\u00f1o, pero el Congreso volvi\u00f3 a rechazarlo. La Comisi\u00f3n Europea ha rechazado eliminar este hito, por lo que Espa\u00f1a tendr\u00e1 que aprobarlo si quiere recibir la totalidad de las transferencias. <\/p>\n<p> La nueva adenda incluye la modificaci\u00f3n o eliminaci\u00f3n de, al menos, <strong>160 hitos<\/strong> del plan. La mayor parte de estos cambios son t\u00e9cnicos para eliminar algunos requisitos que restaban operatividad a los fondos europeos y frenaban su ritmo de ejecuci\u00f3n. Cuerpo ha explicado que la nueva adenda del Plan de Recuperaci\u00f3n tiene tres objetivos fundamentales. El primero es la \u00absimplificaci\u00f3n de la carga administrativa\u00bb. El segundo es el \u00abrefuerzo de nuevas inversiones\u00bb que se consideran prioritarias, y que incluyen 2.500 millones para la descarbonizaci\u00f3n o la contribuci\u00f3n de 300 millones al programa europeo de supercomputaci\u00f3n. Y el tercero, el \u00abmantenimiento del grado de ambici\u00f3n del plan\u00bb. Aunque el Gobierno renuncia al grueso de los cr\u00e9ditos, estos instrumentos financieros seguir\u00e1n activos, pero con financiaci\u00f3n nacional. <\/p>\n<p class=\"bodyObject bodyBlockquote\">\u00abLa brecha del coste de financiaci\u00f3n con la Comisi\u00f3n pr\u00e1cticamente se ha cerrado\u00bb<\/p>\n<p> Cuerpo ha anunciado una primera dotaci\u00f3n de <strong>13.000 millones de euros al ICO<\/strong> para mantener vivas algunos de los proyectos que inicialmente se pretend\u00edan financiar con fondos europeos. El ministro ha se\u00f1alado que una de las ventajas de este cambio es que la financiaci\u00f3n nacional evita los tr\u00e1mites burocr\u00e1ticos y legales que establece la Comisi\u00f3n (da m\u00e1s flexibilidad a Espa\u00f1a) y que permite su extensi\u00f3n m\u00e1s all\u00e1 del a\u00f1o 2026. <\/p>\n<p> \u00abLos pr\u00e9stamos del plan de recuperaci\u00f3n que pusimos como una red de seguridad, van a estar disponibles, pero con una red de seguridad nacional\u00bb, ha subrayado Cuerpo en la rueda de prensa posterior al Consejo de Ministros. El Gobierno est\u00e1 ultimando los \u00faltimos detalles de la adenda con las instituciones europeas y espera tener la aprobaci\u00f3n definitiva antes de Navidades. El <strong>calendario de pagos<\/strong> que est\u00e1 negociando Econom\u00eda quedar\u00eda condensado en dos peticiones: una que podr\u00eda realizar el Gobierno a inicios del pr\u00f3ximo a\u00f1o y otra, al final del verano. Con estas dos entregas, Espa\u00f1a culminar\u00eda la ejecuci\u00f3n del Plan de Recuperaci\u00f3n. <\/p>\n<p> El Consejo de Ministros ha aprobado este martes una nueva adenda, que deber\u00eda ser la definitiva, del Plan de Recuperaci\u00f3n, para la recta final de los fondos europeos que termina el pr\u00f3ximo a\u00f1o. El nuevo texto <strong>renuncia a unos 60.200 millones de euros<\/strong> de pr\u00e9stamos con el objetivo de centrarse en los casi 25.000 millones de transferencias que tiene asignadas Espa\u00f1a, algo m\u00e1s del 30% del total que ten\u00eda Espa\u00f1a asignada. Esto es, solicitar\u00e1 unos 22.800 millones de euros, poco m\u00e1s del <strong>27% de los cr\u00e9ditos<\/strong>. En total, el Plan de Recuperaci\u00f3n de Espa\u00f1a pasa a ser de 103.000 millones de euros, frente a los 163.000 millones que ten\u00eda disponibles. <\/p>\n","protected":false},"excerpt":{"rendered":"El Consejo de Ministros ha aprobado este martes una nueva adenda, que deber\u00eda ser la definitiva, del Plan&hellip;\n","protected":false},"author":2,"featured_media":279762,"comment_status":"","ping_status":"","sticky":false,"template":"","format":"standard","meta":{"footnotes":""},"categories":[8],"tags":[17,18,25,24,13,14,11,19,20,9,10,15,16,23,12,21,22],"class_list":{"0":"post-279761","1":"post","2":"type-post","3":"status-publish","4":"format-standard","5":"has-post-thumbnail","7":"category-espana","8":"tag-breaking-news","9":"tag-breakingnews","10":"tag-es","11":"tag-espana","12":"tag-featured-news","13":"tag-featurednews","14":"tag-headlines","15":"tag-latest-news","16":"tag-latestnews","17":"tag-news","18":"tag-noticias","19":"tag-noticias-destacadas","20":"tag-noticiasdestacadas","21":"tag-spain","22":"tag-titulares","23":"tag-ultimas-noticias","24":"tag-ultimasnoticias"},"share_on_mastodon":{"url":"https:\/\/pubeurope.com\/@es\/115690722461087396","error":""},"_links":{"self":[{"href":"https:\/\/www.europesays.com\/es\/wp-json\/wp\/v2\/posts\/279761","targetHints":{"allow":["GET"]}}],"collection":[{"href":"https:\/\/www.europesays.com\/es\/wp-json\/wp\/v2\/posts"}],"about":[{"href":"https:\/\/www.europesays.com\/es\/wp-json\/wp\/v2\/types\/post"}],"author":[{"embeddable":true,"href":"https:\/\/www.europesays.com\/es\/wp-json\/wp\/v2\/users\/2"}],"replies":[{"embeddable":true,"href":"https:\/\/www.europesays.com\/es\/wp-json\/wp\/v2\/comments?post=279761"}],"version-history":[{"count":0,"href":"https:\/\/www.europesays.com\/es\/wp-json\/wp\/v2\/posts\/279761\/revisions"}],"wp:featuredmedia":[{"embeddable":true,"href":"https:\/\/www.europesays.com\/es\/wp-json\/wp\/v2\/media\/279762"}],"wp:attachment":[{"href":"https:\/\/www.europesays.com\/es\/wp-json\/wp\/v2\/media?parent=279761"}],"wp:term":[{"taxonomy":"category","embeddable":true,"href":"https:\/\/www.europesays.com\/es\/wp-json\/wp\/v2\/categories?post=279761"},{"taxonomy":"post_tag","embeddable":true,"href":"https:\/\/www.europesays.com\/es\/wp-json\/wp\/v2\/tags?post=279761"}],"curies":[{"name":"wp","href":"https:\/\/api.w.org\/{rel}","templated":true}]}}