{"id":279768,"date":"2025-12-09T17:20:11","date_gmt":"2025-12-09T17:20:11","guid":{"rendered":"https:\/\/www.europesays.com\/es\/279768\/"},"modified":"2025-12-09T17:20:11","modified_gmt":"2025-12-09T17:20:11","slug":"el-real-murcia-rival-del-betis-en-la-copa-del-rey","status":"publish","type":"post","link":"https:\/\/www.europesays.com\/es\/279768\/","title":{"rendered":"El Real Murcia, rival del Betis en la Copa del Rey"},"content":{"rendered":"\n<p>M\u00e1s noticias<\/p>\n<p><a class=\"info_masnoticias\" href=\"https:\/\/www.eldesmarque.com\/futbol\/real-betis\/\" rel=\"nofollow noopener\" target=\"_blank\"><br \/>\nM\u00e1s de<br \/>\nM\u00e1s noticias de<br \/>\nReal Betis<br \/>\n<\/a><\/p>\n<p>El <strong>Real Murcia<\/strong> ser\u00e1 el rival del <strong>Real Betis<\/strong> en los dieciseisavos de final de la Copa del Rey. Esta eliminatoria seguir\u00e1 siendo a partido \u00fanico y <strong>se disputar\u00e1 en el Estadio Enrique Roca. <\/strong>El equipo dirigido por Adri\u00e1n Colunga, que viene de ganar el derbi al Cartagena, es el actual<strong> cuarto clasificado de Primera RFEF, <\/strong>y en la ronda anterior elimin\u00f3 al C\u00e1diz CF.<\/p>\n<p>Los de Manuel Pellegrini han cumplido el tr\u00e1mite de las dos primeras rondas, goleando <a href=\"https:\/\/www.eldesmarque.com\/futbol\/real-betis\/20251030\/palma-rio-betis-directo-jornada-copa-rey-goles-mejores-jugadas-ultima-hora-d1rect0_300797041.html\" rel=\"nofollow noopener\" target=\"_blank\">al <strong>Atl\u00e9tico Palma del R\u00edo (1-7)<\/strong><\/a>, de categor\u00eda no profesional, y en \u00faltima instancia <a href=\"https:\/\/www.eldesmarque.com\/futbol\/real-betis\/20251203\/torrent-betis-directo-copa-del-rey-goles-mejores-jugadas-ultima-hora-d1rect0_300824842.html\" rel=\"nofollow noopener\" target=\"_blank\">al <strong>Torrent (1-4)<\/strong><\/a>, actualmente peleando por no descender a Tercera RFEF. <strong>Rodrigo Riquelme<\/strong> ha sido el principal activo del Real Betis en la competici\u00f3n, convirti\u00e9ndose con cinco goles en el m\u00e1ximo artillero de la Copa del Rey.<\/p>\n<p>\u00bfCu\u00e1ndo y d\u00f3nde juega el Betis?<\/p>\n<p>A expensas de conocer el horario definitivo, s\u00ed es seguro que el Real Betis disputar\u00e1 esta eliminatoria de dieciseisavos de final <strong>el pr\u00f3ximo 18 de diciembre.<\/strong> Ese mismo lunes previo visita al Rayo Vallecano, por lo que por norma \u00fanicamente puede jugar la Copa del Rey el d\u00eda jueves.<\/p>\n<p>Esta ronda tiene la particularidad de ser la primera en la que participen los cuatro equipos que disputan la Supercopa de Espa\u00f1a. Real Madrid, FC Barcelona, Atl\u00e9tico de Madrid y Athletic Club quedaron exentos en las dos eliminatorias anteriores y por si fuera poco en estos dieciseisavos de final quedan encuadrados con rivales de Primera y Segunda RFEF.<\/p>\n<p>Al menos tres bajas seguras<\/p>\n<p>Para ese encuentro, y a expensas de c\u00f3mo evolucionen Isco Alarc\u00f3n, Junior Firpo o H\u00e9ctor Beller\u00edn, ya es seguro que <strong>Manuel Pellegrini no podr\u00e1 disponer de Sofyan Amrabat, Ez Abde ni C\u00e9dric Bakambu.<\/strong> La FIFA obliga al Real Betis a ceder a sus internacionales el d\u00eda 15 de diciembre, justo antes de la visita al Rayo Vallecano, por lo que los tres citados, que se encontrar\u00e1n disputando la Copa \u00c1frica, no podr\u00e1n estar en dicho encuentro. De hecho el club ha liberado ya al centrocampista, quien a petici\u00f3n de los servicios m\u00e9dicos de su pa\u00eds continuar\u00e1 su recuperaci\u00f3n en Marruecos.<\/p>\n<p>As\u00ed quedan los emparejamientos<\/p>\n<p>Ourense-Athletic Club.<br \/>Atl\u00e9tico Baleares-Atl\u00e9tico de Madrid.<br \/>Talavera-Real Madrid.<br \/>Guadalajara-Bar\u00e7a.<br \/>Real Murcia-Real Betis.<br \/>Eldense-Real Sociedad.<br \/>Burgos-Getafe.<br \/>Cultural Leonesa-Levante.<br \/>Eibar-Elche.<br \/>D\u00e9por-Mallorca.<br \/>Racing Santander-Villarreal.<br \/>Sporting-Valencia.<br \/>Huesca-Osasuna.<br \/>Granada-Rayo Vallecano.<br \/>Albacete-Celta.<br \/>Alav\u00e9s-Sevilla.<\/p>\n<p><img loading=\"lazy\" decoding=\"async\" src=\"https:\/\/www.europesays.com\/es\/wp-content\/uploads\/2025\/12\/a986c3dbc045fe5c1376cdd859e1caba22de9f7cwjpg.jpg\" width=\"660\" height=\"440\" alt=\"Rodrigo Riquelme celebra su gol al Torrent (Foto: EFE)\"\/><br \/>\nRodrigo Riquelme celebra su gol al Torrent (Foto: EFE)<\/p>\n","protected":false},"excerpt":{"rendered":"M\u00e1s noticias M\u00e1s de M\u00e1s noticias de Real Betis El Real Murcia ser\u00e1 el rival del Real Betis&hellip;\n","protected":false},"author":2,"featured_media":279769,"comment_status":"","ping_status":"","sticky":false,"template":"","format":"standard","meta":{"footnotes":""},"categories":[268],"tags":[168,25,24,280,282,281,23,167],"class_list":{"0":"post-279768","1":"post","2":"type-post","3":"status-publish","4":"format-standard","5":"has-post-thumbnail","7":"category-futbol","8":"tag-deportes","9":"tag-es","10":"tag-espana","11":"tag-football","12":"tag-futbol","13":"tag-soccer","14":"tag-spain","15":"tag-sports"},"share_on_mastodon":{"url":"https:\/\/pubeurope.com\/@es\/115690761899312691","error":""},"_links":{"self":[{"href":"https:\/\/www.europesays.com\/es\/wp-json\/wp\/v2\/posts\/279768","targetHints":{"allow":["GET"]}}],"collection":[{"href":"https:\/\/www.europesays.com\/es\/wp-json\/wp\/v2\/posts"}],"about":[{"href":"https:\/\/www.europesays.com\/es\/wp-json\/wp\/v2\/types\/post"}],"author":[{"embeddable":true,"href":"https:\/\/www.europesays.com\/es\/wp-json\/wp\/v2\/users\/2"}],"replies":[{"embeddable":true,"href":"https:\/\/www.europesays.com\/es\/wp-json\/wp\/v2\/comments?post=279768"}],"version-history":[{"count":0,"href":"https:\/\/www.europesays.com\/es\/wp-json\/wp\/v2\/posts\/279768\/revisions"}],"wp:featuredmedia":[{"embeddable":true,"href":"https:\/\/www.europesays.com\/es\/wp-json\/wp\/v2\/media\/279769"}],"wp:attachment":[{"href":"https:\/\/www.europesays.com\/es\/wp-json\/wp\/v2\/media?parent=279768"}],"wp:term":[{"taxonomy":"category","embeddable":true,"href":"https:\/\/www.europesays.com\/es\/wp-json\/wp\/v2\/categories?post=279768"},{"taxonomy":"post_tag","embeddable":true,"href":"https:\/\/www.europesays.com\/es\/wp-json\/wp\/v2\/tags?post=279768"}],"curies":[{"name":"wp","href":"https:\/\/api.w.org\/{rel}","templated":true}]}}