{"id":279788,"date":"2025-12-09T17:32:11","date_gmt":"2025-12-09T17:32:11","guid":{"rendered":"https:\/\/www.europesays.com\/es\/279788\/"},"modified":"2025-12-09T17:32:11","modified_gmt":"2025-12-09T17:32:11","slug":"lituania-declara-el-estado-de-emergencia-para-hacer-frente-a-la-oleada-de-globos-procedentes-de-bielorrusia-internacional","status":"publish","type":"post","link":"https:\/\/www.europesays.com\/es\/279788\/","title":{"rendered":"Lituania declara el estado de emergencia para hacer frente a la oleada de globos procedentes de Bielorrusia | Internacional"},"content":{"rendered":"<p class=\"\">Las autoridades de Lituania han declarado este martes el estado de emergencia en todo el pa\u00eds por el env\u00edo de globos con mercanc\u00eda de contrabando desde <a href=\"https:\/\/elpais.com\/internacional\/2024-03-17\/asi-funciona-la-red-global-que-sostiene-a-putin.html\" target=\"_self\" rel=\"nofollow noopener\" title=\"https:\/\/elpais.com\/internacional\/2024-03-17\/asi-funciona-la-red-global-que-sostiene-a-putin.html\">la vecina Bielorrusia, aliada del Kremlin<\/a>. La oleada de globos de helio, generalmente cargados con cigarrillos, de las \u00faltimas semanas, ha forzado a cerrar el aeropuerto de Vilnius, la capital lituana, en m\u00e1s de una decena de ocasiones. El Gobierno ha equiparado estos incidentes con posibles \u201cactos de terrorismo\u201d, que ponen en peligro la seguridad del pa\u00eds b\u00e1ltico y constituyen \u201cataques h\u00edbridos\u201d orquestados por el r\u00e9gimen de Aleksandr Lukashenko.<\/p>\n<p class=\"\">\u201cEl estado de emergencia se ha declarado no solo por las interrupciones de la aviaci\u00f3n civil, sino tambi\u00e9n por motivos de seguridad nacional\u201d, ha subrayado este martes el ministro del Interior, Vladislav Kondratovic, en una reuni\u00f3n del Gobierno retransmitida en directo por televisi\u00f3n. El Gobierno lituano ha reclamado al Parlamento que conceda a las Fuerzas Armadas poderes para actuar en colaboraci\u00f3n con la polic\u00eda, los guardias fronterizos y las fuerzas de seguridad durante el estado de emergencia, para frenar la oleada de globos y garantizar la seguridad de la aviaci\u00f3n civil, seg\u00fan ha explicado Kondratovic. El ej\u00e9rcito podr\u00e1 utilizar la fuerza para llevar a cabo estas funciones, ha declarado el ministro de Defensa, Robertas Kaunas. Las medidas de emergencia se mantendr\u00e1n hasta que el Gobierno las revoque.<\/p>\n<p class=\"\">\u201cDebido a la amenaza continua para los intereses de seguridad nacional del Estado y al peligro para la vida humana, la salud, la propiedad y el medio ambiente que representan los ataques de globos lanzados desde Bielorrusia hacia territorio lituano y que transportan contrabando, se declara un estado de emergencia a nivel nacional en todo el pa\u00eds\u201d, ha puntualizado poco despu\u00e9s el Ejecutivo lituano en un comunicado.<\/p>\n<p class=\"\">La primera ministra, Inga Ruginiene, ha se\u00f1alado que \u201cen la lucha contra los ataques h\u00edbridos de Bielorrusia, debemos tomar las medidas m\u00e1s estrictas y defender las zonas m\u00e1s afectadas\u201d. \u201cLa poblaci\u00f3n no experimentar\u00e1 inconveniente alguno a ra\u00edz de la declaraci\u00f3n del estado de emergencia\u201d, ha agregado Ruginiene.<\/p>\n<p class=\"\">Lukashenko ha criticado la medida del pa\u00eds b\u00e1ltico y ha afirmado que el Gobierno lituano estaba exagerando los incidentes con los globos de contrabandistas y que Bielorrusia \u201cno busca una guerra\u201d con sus vecinos. \u201cLo que dicen hoy los lituanos es imposible y poco realista\u201d, ha declarado <a href=\"https:\/\/elpais.com\/television\/2025-01-31\/la-tristeza-de-svetlana-tijanovskaya-por-la-bielorrusia-que-no-pudo-ser.html\" target=\"_self\" rel=\"nofollow noopener\" title=\"https:\/\/elpais.com\/television\/2025-01-31\/la-tristeza-de-svetlana-tijanovskaya-por-la-bielorrusia-que-no-pudo-ser.html\">el dictador bielorruso<\/a> en un discurso retransmitido por la agencia de noticias estatal Belta. \u201cSe est\u00e1 exagerando y politizando el tema\u201d, ha agregado. El presidente de Bielorrusia ha subrayado que, tras consultar a varios pilotos, le aseguraron que incluso en el caso improbable de que los globos alcanzaran mucha altura no representar\u00edan un riesgo para la aviaci\u00f3n civil.<\/p>\n<p class=\"\">El contrabando de cigarrillos a trav\u00e9s de globos enfrenta a Lituania y Bielorrusia desde hace meses, lo que llev\u00f3 incluso a Vilnius a finales de octubre a cerrar provisionalmente la frontera entre ambos pa\u00edses.<\/p>\n<p class=\"\">Desde octubre, <a href=\"https:\/\/elpais.com\/internacional\/2025-11-29\/clases-de-drones-para-ninos-la-ultima-iniciativa-de-lituania-para-hacer-frente-a-la-amenaza-rusa.html\" target=\"_self\" rel=\"nofollow noopener\" title=\"https:\/\/elpais.com\/internacional\/2025-11-29\/clases-de-drones-para-ninos-la-ultima-iniciativa-de-lituania-para-hacer-frente-a-la-amenaza-rusa.html\">el aeropuerto de Vilnius ha tenido que cerrar m\u00e1s de 60 horas<\/a> en total debido a la amenaza que representan los globos procedentes de Bielorrusia, lo que afect\u00f3 a m\u00e1s de 350 vuelos y aproximadamente 51.000 pasajeros, de acuerdo con cifras del Gobierno lituano.<\/p>\n<p class=\"\">La presidenta de la Comisi\u00f3n Europea, Ursula von der Leyen, declar\u00f3 el 1 de diciembre que la situaci\u00f3n en la frontera entre Lituania y Bielorrusia estaba empeorando y calific\u00f3 las incursiones de globos como \u201cataques h\u00edbridos\u201d del r\u00e9gimen de Lukashenko \u201ccompletamente inaceptables\u201d.<\/p>\n<p class=\"\">Lituania tambi\u00e9n impuso el estado de emergencia en 2021 en la regi\u00f3n fronteriza con Bielorrusia por lo que califica como <a href=\"https:\/\/elpais.com\/internacional\/2023-06-15\/palizas-hambre-frio-y-muerte-en-el-agujero-negro-de-la-frontera-entre-bielorrusia-y-letonia.html\" target=\"_self\" rel=\"nofollow noopener\" title=\"https:\/\/elpais.com\/internacional\/2023-06-15\/palizas-hambre-frio-y-muerte-en-el-agujero-negro-de-la-frontera-entre-bielorrusia-y-letonia.html\">una campa\u00f1a de Minsk para instrumentalizar a migrantes<\/a> y forzarlos a intentar cruzar ilegalmente a territorio de la Uni\u00f3n Europea. Al a\u00f1o siguiente, Vilnius volvi\u00f3 a imponer el estado de emergencia tras el inicio de la guerra en Ucrania, por temor a que el pa\u00eds b\u00e1ltico tambi\u00e9n pudiera convertirse en un objetivo de Rusia.<\/p>\n","protected":false},"excerpt":{"rendered":"Las autoridades de Lituania han declarado este martes el estado de emergencia en todo el pa\u00eds por el&hellip;\n","protected":false},"author":2,"featured_media":279789,"comment_status":"","ping_status":"","sticky":false,"template":"","format":"standard","meta":{"footnotes":""},"categories":[42],"tags":[1161,67876,31499,17,18,13,14,2069,7082,11,61,62,63,64,19,20,14551,9,10,15,16,12,9568,21,22,1617,1707,67877,65,66,67],"class_list":{"0":"post-279788","1":"post","2":"type-post","3":"status-publish","4":"format-standard","5":"has-post-thumbnail","7":"category-internacional","8":"tag-aeropuertos","9":"tag-alexandr-lukashenko","10":"tag-bielorrusia","11":"tag-breaking-news","12":"tag-breakingnews","13":"tag-featured-news","14":"tag-featurednews","15":"tag-fronteras","16":"tag-guerra-de-rusia-en-ucrania","17":"tag-headlines","18":"tag-internacional","19":"tag-international","20":"tag-international-news","21":"tag-internationalnews","22":"tag-latest-news","23":"tag-latestnews","24":"tag-lituania","25":"tag-news","26":"tag-noticias","27":"tag-noticias-destacadas","28":"tag-noticiasdestacadas","29":"tag-titulares","30":"tag-trafico-aereo","31":"tag-ultimas-noticias","32":"tag-ultimasnoticias","33":"tag-union-europea","34":"tag-ursula-von-der-leyen","35":"tag-vilna","36":"tag-world","37":"tag-world-news","38":"tag-worldnews"},"share_on_mastodon":{"url":"","error":"Validation failed: Text character limit of 500 exceeded"},"_links":{"self":[{"href":"https:\/\/www.europesays.com\/es\/wp-json\/wp\/v2\/posts\/279788","targetHints":{"allow":["GET"]}}],"collection":[{"href":"https:\/\/www.europesays.com\/es\/wp-json\/wp\/v2\/posts"}],"about":[{"href":"https:\/\/www.europesays.com\/es\/wp-json\/wp\/v2\/types\/post"}],"author":[{"embeddable":true,"href":"https:\/\/www.europesays.com\/es\/wp-json\/wp\/v2\/users\/2"}],"replies":[{"embeddable":true,"href":"https:\/\/www.europesays.com\/es\/wp-json\/wp\/v2\/comments?post=279788"}],"version-history":[{"count":0,"href":"https:\/\/www.europesays.com\/es\/wp-json\/wp\/v2\/posts\/279788\/revisions"}],"wp:featuredmedia":[{"embeddable":true,"href":"https:\/\/www.europesays.com\/es\/wp-json\/wp\/v2\/media\/279789"}],"wp:attachment":[{"href":"https:\/\/www.europesays.com\/es\/wp-json\/wp\/v2\/media?parent=279788"}],"wp:term":[{"taxonomy":"category","embeddable":true,"href":"https:\/\/www.europesays.com\/es\/wp-json\/wp\/v2\/categories?post=279788"},{"taxonomy":"post_tag","embeddable":true,"href":"https:\/\/www.europesays.com\/es\/wp-json\/wp\/v2\/tags?post=279788"}],"curies":[{"name":"wp","href":"https:\/\/api.w.org\/{rel}","templated":true}]}}