{"id":279790,"date":"2025-12-09T17:33:12","date_gmt":"2025-12-09T17:33:12","guid":{"rendered":"https:\/\/www.europesays.com\/es\/279790\/"},"modified":"2025-12-09T17:33:12","modified_gmt":"2025-12-09T17:33:12","slug":"primera-jornada-contra-el-estatuto-marco","status":"publish","type":"post","link":"https:\/\/www.europesays.com\/es\/279790\/","title":{"rendered":"primera jornada contra el Estatuto Marco"},"content":{"rendered":"<p>                                                                <strong class=\"font-medium\">Qu\u00e9 pueden y qu\u00e9 no pueden hacer los m\u00e9dicos en servicios m\u00ednimos durante la huelga<\/strong><\/p>\n<p>Durante la <a href=\"https:\/\/www.redaccionmedica.com\/secciones\/sanidad-hoy\/el-sueldo-sanitario-se-hunde-en-plena-huelga-medica-por-el-estatuto-marco-4787\" target=\"_blank\" title=\"Noticias de la Huelga M\u00e9dica en Redacci\u00f3n M\u00e9dica\" rel=\"nofollow noopener\">huelga m\u00e9dica,<\/a> el cumplimiento de los servicios m\u00ednimos se convierte en una pieza clave para garantizar la atenci\u00f3n urgente e inaplazable. Seg\u00fan las directrices comunicadas a los profesionales, estos servicios aseguran la asistencia esencial, aunque no permiten mantener la actividad habitual de los centros sanitarios.<\/p>\n<p>Los facultativos designados como servicios m\u00ednimos est\u00e1n obligados a cumplir esa asignaci\u00f3n. Esto incluye asegurar la continuidad de tratamientos y cuidados cr\u00edticos ya iniciados, como di\u00e1lisis, oncolog\u00eda, cuidados intensivos o urgencias, siempre dentro del marco de actividades estrictamente recogidas como m\u00ednimas. Estar de huelga no exime de responsabilidad cl\u00ednica: quienes trabajan en servicios m\u00ednimos deben atender a los pacientes asignados con profesionalidad, sin extender la jornada ni asumir cargas adicionales.<\/p>\n<p>En paralelo, los m\u00e9dicos con servicios m\u00ednimos no deben reemplazar a compa\u00f1eros que s\u00ed est\u00e1n secundando la huelga. El objetivo es no actuar como \u201cescudo\u201d que permita mantener una falsa normalidad asistencial. Tampoco deben asumir tareas administrativas, docentes o de gesti\u00f3n que no sean imprescindibles para garantizar la asistencia m\u00ednima establecida.<\/p>\n<p>La jornada laboral no puede ampliarse por motivo de la huelga. Si la actividad asignada no puede completarse dentro del horario, debe comunicarse a la jefatura para que determine c\u00f3mo proceder. En todo caso, los facultativos deben evitar decisiones cl\u00ednicas arriesgadas o actuaciones que comprometan la seguridad del paciente ante la falta de recursos. Los <a href=\"https:\/\/www.redaccionmedica.com\/secciones\/formacion\" target=\"_blank\" title=\"Noticias MIR en Redacci\u00f3n M\u00e9dica\" rel=\"nofollow noopener\">M\u00e9dicos Internos Residentes (MIR)<\/a> tambi\u00e9n pueden ser incluidos en los servicios m\u00ednimos. Y, parad\u00f3jicamente, en muchos centros, la presencia de profesionales en d\u00edas no festivos de Navidad ser\u00e1 incluso inferior a la fijada en esta resoluci\u00f3n.<\/p>\n<p>Claves sindicales para la huelga m\u00e9dica.<a href=\"https:\/\/www.redaccionmedica.com\/secciones\/medicina\/de-cirugias-oncologicas-al-rol-del-mir-los-medicos-se-lian-con-la-huelga-9191\" target=\"_blank\" title=\"De cirug\u00edas oncol\u00f3gicas al rol del MIR: &#039;l\u00edo m\u00e9dico&#039; con la huelga\" rel=\"nofollow noopener\"> De cirug\u00edas oncol\u00f3gicas al rol del MIR<\/a>, informa Adrian Mateos<\/p>\n","protected":false},"excerpt":{"rendered":"Qu\u00e9 pueden y qu\u00e9 no pueden hacer los m\u00e9dicos en servicios m\u00ednimos durante la huelga Durante la huelga&hellip;\n","protected":false},"author":2,"featured_media":279791,"comment_status":"","ping_status":"","sticky":false,"template":"","format":"standard","meta":{"footnotes":""},"categories":[8],"tags":[17,18,25,24,13,14,11,19,20,9,10,15,16,23,12,21,22],"class_list":{"0":"post-279790","1":"post","2":"type-post","3":"status-publish","4":"format-standard","5":"has-post-thumbnail","7":"category-espana","8":"tag-breaking-news","9":"tag-breakingnews","10":"tag-es","11":"tag-espana","12":"tag-featured-news","13":"tag-featurednews","14":"tag-headlines","15":"tag-latest-news","16":"tag-latestnews","17":"tag-news","18":"tag-noticias","19":"tag-noticias-destacadas","20":"tag-noticiasdestacadas","21":"tag-spain","22":"tag-titulares","23":"tag-ultimas-noticias","24":"tag-ultimasnoticias"},"share_on_mastodon":{"url":"https:\/\/pubeurope.com\/@es\/115690812609448510","error":""},"_links":{"self":[{"href":"https:\/\/www.europesays.com\/es\/wp-json\/wp\/v2\/posts\/279790","targetHints":{"allow":["GET"]}}],"collection":[{"href":"https:\/\/www.europesays.com\/es\/wp-json\/wp\/v2\/posts"}],"about":[{"href":"https:\/\/www.europesays.com\/es\/wp-json\/wp\/v2\/types\/post"}],"author":[{"embeddable":true,"href":"https:\/\/www.europesays.com\/es\/wp-json\/wp\/v2\/users\/2"}],"replies":[{"embeddable":true,"href":"https:\/\/www.europesays.com\/es\/wp-json\/wp\/v2\/comments?post=279790"}],"version-history":[{"count":0,"href":"https:\/\/www.europesays.com\/es\/wp-json\/wp\/v2\/posts\/279790\/revisions"}],"wp:featuredmedia":[{"embeddable":true,"href":"https:\/\/www.europesays.com\/es\/wp-json\/wp\/v2\/media\/279791"}],"wp:attachment":[{"href":"https:\/\/www.europesays.com\/es\/wp-json\/wp\/v2\/media?parent=279790"}],"wp:term":[{"taxonomy":"category","embeddable":true,"href":"https:\/\/www.europesays.com\/es\/wp-json\/wp\/v2\/categories?post=279790"},{"taxonomy":"post_tag","embeddable":true,"href":"https:\/\/www.europesays.com\/es\/wp-json\/wp\/v2\/tags?post=279790"}],"curies":[{"name":"wp","href":"https:\/\/api.w.org\/{rel}","templated":true}]}}