{"id":279796,"date":"2025-12-09T17:43:08","date_gmt":"2025-12-09T17:43:08","guid":{"rendered":"https:\/\/www.europesays.com\/es\/279796\/"},"modified":"2025-12-09T17:43:08","modified_gmt":"2025-12-09T17:43:08","slug":"directo-sorteo-del-rival-del-sporting-en-la-copa-sera-de-primera-pero-la-normativa-excluye-a-4-clubes-del-bombo-la-voz-de-asturias","status":"publish","type":"post","link":"https:\/\/www.europesays.com\/es\/279796\/","title":{"rendered":"Directo: Sorteo del rival del Sporting en la Copa, ser\u00e1 de Primera, pero la normativa excluye a 4 clubes del bombo &#8211; La Voz de Asturias"},"content":{"rendered":"<ol>\n<li><a href=\"https:\/\/news.google.com\/rss\/articles\/CBMi7AFBVV95cUxPSkNRaWhZQzNONHY1TXJ2U2F3eGZhbkNCSFg3M2FLd2pQOThCVHpZRl9Pd09WTmV6QlNReW5rOVJjOEFnbzhXRVc4Y3BHa1Y4c1I0WENSX1BOckYzVmpTMjZXc0kydXhRWmlGcnhsc21YYm50Z2VfZy1fR2MyNEdxZ01HbnNHM2J0bDZKbi1CTjlJN3VTN080ZTZoY3dlSDJ4cHA4Y2lZVF9UT29wRGx0ZjF2V2JqSWt4NlgwRTl5dkh0ZUtGUW51MzVTRzJGUnlRNkYtb0p0M0szMTByMHladDB4V0hhZG9YMU04dNIBiAJBVV95cUxQajI1eUVYRmdqMGtLQmtHeDRvNTdCZ0dZRkhxXzRqZF9HRWUzazIwWGprbGJ2R3psQjZ5M2lDcUV1NGxtLXU0RzFOcUE5d2NpM1E0dGlUdENEWFE5X0dSdEVDX1Q2QXJRM19qb3FUbldReUdtOVdJRUFPbmJKN0pxelV2Z3NQTDA1UlNBNnRVeXI3SEVlR0pLQmR4aDdMNnhtWW1mMkNUb2VfVjB4R2hrODc3Q2MtN3lXdkdRcUtTMEduaEtGZGZKc1RZamxCYVJQYThXUzZZeTlIQkhQeGx0U3B0LXhhbVJuVExjX2R3eERGUGw1SVBkemtuR3Uyc2ZCaG13MmpPbUs?oc=5\" target=\"_blank\" rel=\"nofollow noopener\">Directo: Sorteo del rival del Sporting en la Copa, ser\u00e1 de Primera, pero la normativa excluye a 4 clubes del bombo<\/a>&nbsp;&nbsp;La Voz de Asturias<\/li>\n<li><a href=\"https:\/\/news.google.com\/rss\/articles\/CBMilAFBVV95cUxNSXYxd1JUSjdEX1Rpdlk2LXkwMWhlWnE3R1NMQzdMakJrTFhfRmlsYTNGczktTDBfQTZPeGtGY2gxZll6eGt4V2tYTHFDRnAtbklnQmxMRUh2bjhFcC0wSXd3LTcxZEk3ZEtVRW1KSDJwS3I4VFE1MGx4RE9KRXRZa0xSYldoSm8xRVZ6RG9acmhrckdB0gGoAUFVX3lxTE90alFQWEVkb1lEMTJQZUh0T0ZXNGRzdE05aGFIN3dZYTdsSWJhQmFPZkJvdWdpSFVTb2pFRjdSdFBkbHR0WlRSVHZDX3d0OHJYS2FoNTJmN1g1aGNzelY3OGZZdHgzdzFrNWgxcWxlcncxamtRak9rdnUzRHRDMHlPRlV5d1o0QzJhQ21kWDhBSF8zaWdyd2NPalRTam5SYW9uUFlKcDIxRQ?oc=5\" target=\"_blank\" rel=\"nofollow noopener\">El Valencia visitar\u00e1 a un \u2018cl\u00e1sico\u2019 en la Copa<\/a>&nbsp;&nbsp;Diario AS<\/li>\n<li><a href=\"https:\/\/news.google.com\/rss\/articles\/CBMiywFBVV95cUxQQ1hhNmY0N2x1RmlqTkJPUDB5dlViYTJ2LWNFeDZTdHNXZ0E1MDNvS2NQd0ZHRElId0xMNDJoejd3Z2pQdmpkbVdMd3Q1bk16dmhsSXBWNFFBX09JQWl1YkZIWEZiWUNmNmJKV1I5c3ZFOUdTdDR1alg4RGlJUVpUMWp6S1UwQ0hYUEU1ZURhdFJPNHpZQXZQS2ZqdWViTHhQSnB6cU9pZ2ZmZGJYS2VmdWRmUDJtdWFVNENLZ3duWkw0M1Y0eVc3U19RWQ?oc=5\" target=\"_blank\" rel=\"nofollow noopener\">Conoce algunas curiosidades del pr\u00f3ximo partido de Copa del Valencia CF frente al Real Sporting de Gij\u00f3n<\/a>&nbsp;&nbsp;Valencia CF<\/li>\n<li><a href=\"https:\/\/news.google.com\/rss\/articles\/CBMi3wFBVV95cUxNSXhPTi1HcW9lZHFQZjhJQW1SWVRpbDVmNGRfQ1U5cllQV3JYWmJHcnozWlZkMkFuSHdnbDBEWGJUXzh2dGw5UEY2TzFJM0xfZDFPMUdZeF9FN0ZpZ0phOFBDUFNwRW44eC1zd1RCcE1yTGhQekFnb1djUTFoX1dBdUdONU9kM1VSRTJ6UE05SFlxMXFVclBVS0NEN25ZSU5EV0RnMks5NGZqN1cxZlBHUXhrU1lhRHAzTWR5Z0RfbUxjb2RPdlBxaGE3ZmpBOTZsWHhYemNaclVYVEM5UXBF0gHfAUFVX3lxTE12TTB6Um9ObGhrVzFmV3JxMWp4cUFOSWpOQ0pzX1k5eFFPdjFORi1GbUVxV21lcm9fNzBJckpULVZnYk9va0pRYmJwWGNuU3dWZEVHZmlkUDVCWlFGQXBMbVljMmZJQUlEdmJmNm1HZHItZ2VhRXgxSExyR1BKcG9VX2tYS1dlLTR4MnVFRVFCRGlSV3RrTFBDcktpNGsxcHZiZUhGOHpmZ3ktRkVpTHJHZXY3am5UUjdYYmNFUm1DTnNmWFlxU2x6dFVJTW81b3JGdG05MEVDS3JsdmZFSjQ?oc=5\" target=\"_blank\" rel=\"nofollow noopener\">Valencia &#8211; Sporting, nueva eliminatoria de Copa: del d\u00eda que Marcelino evit\u00f3 el despido a la \u00faltima &#8216;alegr\u00eda&#8217; de Gattuso<\/a>&nbsp;&nbsp;MARCA<\/li>\n<li><a href=\"https:\/\/news.google.com\/rss\/articles\/CBMikwFBVV95cUxNTVVUWjZwX24yOExEcDBNREswQmVncEhCYW9SbHhDdUJobVJIZHA4ZzJvZjZoWU9QREhnZEVPRVRNQThnY2hrOXM3RFRtV1FnZHkxN0txdWpUNWNXQkNLS1gxa1RoaHRlVGMyRWZxYVJzSkJHTXg2VGdzMXIzbnp0dGZKaVY0OEo0N2FHRG9XSWcyTWc?oc=5\" target=\"_blank\" rel=\"nofollow noopener\">El Valencia CF ya tiene rival de Copa del Rey: Sporting de Gij\u00f3n<\/a>&nbsp;&nbsp;Superdeporte<\/li>\n<\/ol>\n","protected":false},"excerpt":{"rendered":"Directo: Sorteo del rival del Sporting en la Copa, ser\u00e1 de Primera, pero la normativa excluye a 4&hellip;\n","protected":false},"author":2,"featured_media":214410,"comment_status":"","ping_status":"","sticky":false,"template":"","format":"standard","meta":{"footnotes":""},"categories":[268],"tags":[168,25,24,280,282,281,23,4783,167],"class_list":{"0":"post-279796","1":"post","2":"type-post","3":"status-publish","4":"format-standard","5":"has-post-thumbnail","7":"category-futbol","8":"tag-deportes","9":"tag-es","10":"tag-espana","11":"tag-football","12":"tag-futbol","13":"tag-soccer","14":"tag-spain","15":"tag-sporting-de-gijon","16":"tag-sports"},"share_on_mastodon":{"url":"https:\/\/pubeurope.com\/@es\/115690851775521727","error":""},"_links":{"self":[{"href":"https:\/\/www.europesays.com\/es\/wp-json\/wp\/v2\/posts\/279796","targetHints":{"allow":["GET"]}}],"collection":[{"href":"https:\/\/www.europesays.com\/es\/wp-json\/wp\/v2\/posts"}],"about":[{"href":"https:\/\/www.europesays.com\/es\/wp-json\/wp\/v2\/types\/post"}],"author":[{"embeddable":true,"href":"https:\/\/www.europesays.com\/es\/wp-json\/wp\/v2\/users\/2"}],"replies":[{"embeddable":true,"href":"https:\/\/www.europesays.com\/es\/wp-json\/wp\/v2\/comments?post=279796"}],"version-history":[{"count":0,"href":"https:\/\/www.europesays.com\/es\/wp-json\/wp\/v2\/posts\/279796\/revisions"}],"wp:featuredmedia":[{"embeddable":true,"href":"https:\/\/www.europesays.com\/es\/wp-json\/wp\/v2\/media\/214410"}],"wp:attachment":[{"href":"https:\/\/www.europesays.com\/es\/wp-json\/wp\/v2\/media?parent=279796"}],"wp:term":[{"taxonomy":"category","embeddable":true,"href":"https:\/\/www.europesays.com\/es\/wp-json\/wp\/v2\/categories?post=279796"},{"taxonomy":"post_tag","embeddable":true,"href":"https:\/\/www.europesays.com\/es\/wp-json\/wp\/v2\/tags?post=279796"}],"curies":[{"name":"wp","href":"https:\/\/api.w.org\/{rel}","templated":true}]}}