{"id":279805,"date":"2025-12-09T17:49:14","date_gmt":"2025-12-09T17:49:14","guid":{"rendered":"https:\/\/www.europesays.com\/es\/279805\/"},"modified":"2025-12-09T17:49:14","modified_gmt":"2025-12-09T17:49:14","slug":"critica-de-la-pelicula-golpes-con-luis-tosar-en-lados-opuestos","status":"publish","type":"post","link":"https:\/\/www.europesays.com\/es\/279805\/","title":{"rendered":"Cr\u00edtica de la pel\u00edcula &#8216;Golpes&#8217; con Luis Tosar: En lados opuestos"},"content":{"rendered":"<p>            Cr\u00edtica de la pel\u00edcula &#8216;Golpes&#8217; con Luis Tosar: En lados opuestos                <\/p>\n<p>Cr\u00edtica de la pel\u00edcula &#8216;Golpes&#8217; con Luis Tosar: En lados opuestos<\/p>\n<p>                    Exclusivo suscriptoresOPINI\u00d3N<\/p>\n<p class=\"paragraph\">No pocos actores acaban sintiendo la inquietud de dirigir, inclinaci\u00f3n creativa que tambi\u00e9n brota en los guionistas. Golpes es la primera pel\u00edcula de Rafael Cobos, colaborador de Alberto Rodr\u00edguez en Grupo 7, La isla m\u00ednima, El hombre de las mil caras, Modelo 77 o la reciente Los Tigres, quien debut\u00f3 en su nueva faceta con la miniserie El hijo zurdo. Cobos mira al cine quinqui,<b> al subg\u00e9nero sobre delincuencia, m\u00e1rgenes y drogas tan representativo <\/b>de los a\u00f1os de la Transici\u00f3n. La \u00e9poca reflejada, la din\u00e1mica de atracos, el objetivo del dinero r\u00e1pido, los riesgos asumidos y los ecos alusivos al vivir deprisa manifiestan su inspiraci\u00f3n en una base tem\u00e1tica que aplica en combinaci\u00f3n con la fuerza del thriller espa\u00f1ol contempor\u00e1neo. Con la solidez de los trabajos de Rodr\u00edguez, Cobos desprende personalidad y dimensi\u00f3n en la historia del ladr\u00f3n y el polic\u00eda interpretados por Jes\u00fas Carroza y Luis Tosar, dos hermanos en lados opuestos.<\/p>\n<p>            Conforme a los criterios de<br \/>\n            <a class=\"trustproject_img\" id=\"trustproject_img\" href=\"https:\/\/thetrustproject.org\/\" target=\"_blank\" rel=\"nofollow noopener\" aria-label=\"Trust Project\"><img decoding=\"async\" loading=\"lazy\" src=\"https:\/\/www.heraldo.es\/images\/Trust-Logo-Horizontal.svg\" alt=\"Logo Trust Project\" width=\"200\" height=\"34\"\/><\/a><\/p>\n<p>        <a href=\"https:\/\/www.henneo.com\/\" title=\"Grupo Henneo\" class=\"logo\" rel=\"nofollow noopener\" target=\"_blank\"><br \/>\n            <img decoding=\"async\" src=\"https:\/\/www.heraldo.es\/images\/logo_henneo_gris.svg\" alt=\"Logo Henneo\" width=\"559\" height=\"389\" loading=\"lazy\"\/><br \/>\n        <\/a><\/p>\n<p>\u00a9 HERALDO DE ARAGON EDITORA, S.L.U.<br \/>Tel\u00e9fono 976 765 000 \/ &#8211; P\u00ba. Independencia, 29, 50001 Zaragoza &#8211; CIF: B99288763 &#8211; Inscrita en el Registro Mercantil de Zaragoza al Tomo 3796, Libro 0, Folio 177, Secci\u00f3n 8, Hoja Z-50564<br \/>Queda prohibida toda reproducci\u00f3n sin permiso escrito de la empresa a los efectos del art\u00edculo 32.1, p\u00e1rrafo segundo, de la Ley de Propiedad Intelectual<\/p>\n<p>\n                P\u00ba Independencia, 29, 50001 Zaragoza<br \/> Tel\u00e9fono 976 765 000\n            <\/p>\n<p>                    Actualmente tu navegador no permite ejecutar JavaScript. Para poder disfrutar de nuestro contenido es necesario que lo permita.<br \/>\n                                        <img decoding=\"async\" loading=\"lazy\" alt=\"Heraldo logo\" src=\"https:\/\/dkumiip2e9ary.cloudfront.net\/xalok\/heraldo\/especiales\/hola-de-nuevo\/logo-heraldo.svg\" width=\"215\" height=\"43\"\/><\/p>\n","protected":false},"excerpt":{"rendered":"Cr\u00edtica de la pel\u00edcula &#8216;Golpes&#8217; con Luis Tosar: En lados opuestos Cr\u00edtica de la pel\u00edcula &#8216;Golpes&#8217; con Luis&hellip;\n","protected":false},"author":2,"featured_media":279806,"comment_status":"","ping_status":"","sticky":false,"template":"","format":"standard","meta":{"footnotes":""},"categories":[169],"tags":[177,146,147,25,24,176,12677,15752,175,23],"class_list":{"0":"post-279805","1":"post","2":"type-post","3":"status-publish","4":"format-standard","5":"has-post-thumbnail","7":"category-cine","8":"tag-cine","9":"tag-entertainment","10":"tag-entretenimiento","11":"tag-es","12":"tag-espana","13":"tag-film","14":"tag-golpes","15":"tag-luis-tosar","16":"tag-movies","17":"tag-spain"},"share_on_mastodon":{"url":"https:\/\/pubeurope.com\/@es\/115690875709618695","error":""},"_links":{"self":[{"href":"https:\/\/www.europesays.com\/es\/wp-json\/wp\/v2\/posts\/279805","targetHints":{"allow":["GET"]}}],"collection":[{"href":"https:\/\/www.europesays.com\/es\/wp-json\/wp\/v2\/posts"}],"about":[{"href":"https:\/\/www.europesays.com\/es\/wp-json\/wp\/v2\/types\/post"}],"author":[{"embeddable":true,"href":"https:\/\/www.europesays.com\/es\/wp-json\/wp\/v2\/users\/2"}],"replies":[{"embeddable":true,"href":"https:\/\/www.europesays.com\/es\/wp-json\/wp\/v2\/comments?post=279805"}],"version-history":[{"count":0,"href":"https:\/\/www.europesays.com\/es\/wp-json\/wp\/v2\/posts\/279805\/revisions"}],"wp:featuredmedia":[{"embeddable":true,"href":"https:\/\/www.europesays.com\/es\/wp-json\/wp\/v2\/media\/279806"}],"wp:attachment":[{"href":"https:\/\/www.europesays.com\/es\/wp-json\/wp\/v2\/media?parent=279805"}],"wp:term":[{"taxonomy":"category","embeddable":true,"href":"https:\/\/www.europesays.com\/es\/wp-json\/wp\/v2\/categories?post=279805"},{"taxonomy":"post_tag","embeddable":true,"href":"https:\/\/www.europesays.com\/es\/wp-json\/wp\/v2\/tags?post=279805"}],"curies":[{"name":"wp","href":"https:\/\/api.w.org\/{rel}","templated":true}]}}