{"id":279811,"date":"2025-12-09T17:52:08","date_gmt":"2025-12-09T17:52:08","guid":{"rendered":"https:\/\/www.europesays.com\/es\/279811\/"},"modified":"2025-12-09T17:52:08","modified_gmt":"2025-12-09T17:52:08","slug":"la-compania-nacional-de-danza-inaugura-su-temporada-en-el-teatro-de-la-zarzuela-servimedia","status":"publish","type":"post","link":"https:\/\/www.europesays.com\/es\/279811\/","title":{"rendered":"La Compa\u00f1\u00eda Nacional de Danza inaugura su temporada en el Teatro de la Zarzuela &#8211; Servimedia"},"content":{"rendered":"<ol>\n<li><a href=\"https:\/\/news.google.com\/rss\/articles\/CBMipwFBVV95cUxNakZkaTQzOVUzN0dIREtUUHZzZmI0WnI2RkZPTHd0bWNKMUM2TmxycC14TXp6WC1SZnpQTWplRGhSdjBFVndZNDdNa3hTYmE2RlJYaWVZMm15NVZOWjF4bVFUUF9KdjktS18yVUNKek91OWdQUjB3RHBaaEV6MlBKbW9GcVZmQTNfNTRzeDZnVS1lRmcxdEZfMTBMb1ZzZXJmRDU3N2VBMA?oc=5\" target=\"_blank\" rel=\"nofollow noopener\">La Compa\u00f1\u00eda Nacional de Danza inaugura su temporada en el Teatro de la Zarzuela<\/a>&nbsp;&nbsp;Servimedia<\/li>\n<li><a href=\"https:\/\/news.google.com\/rss\/articles\/CBMimgFBVV95cUxQM21XMnl1U1d3UlFyd0pZWVRhSF90X3NDaTRLdGJFMlNpR1hnZDc3Um1nWGtIVFh6cC1LVExoRVJPaHRqRDhZWnM0aWpNdGNfbVBpTy02YmtXSHJZbEZZZ0VmS1g3YTBtMVNPQXhCZDhZRDE1N3FHdTR4NVY2NzRtOU5sdHJxTmhKQWhDWkVzSFM4dWhVVW9EenhR?oc=5\" target=\"_blank\" rel=\"nofollow noopener\">Un retraso, una luz da\u00f1ina y un ballet legendario<\/a>&nbsp;&nbsp;ABC<\/li>\n<li><a href=\"https:\/\/news.google.com\/rss\/articles\/CBMi1wFBVV95cUxQXy1IR1hmY0hKYzJBMmYzOUxJd2U3c1FUWmNkbzBRazJ4Nlp4SzRpcGVJV2dveFpxNlgzUGo1N0xvODB1U3l0MFJOMllaVDFCLUE1ZFN5bV9TVHlNWFJlWnBzYm14clgwb2Z0c2FNNGJfYW9HSmtOdUNzR3JPeVhaMkJudWRtRkthUDh1SkZoTzZCbFR2U2NsLTFJSnVKclUtM0xPWlRDcWVnX1ROQ0lJcnRPNUlzTndkQ0ZZSm1DNGJTaWNISmxRamctc3BOS05kSWtsZGZvSdIB1wFBVV95cUxQTUR4blJtZ3hZbXdQcGFudzVJNHZqVVNMamhYc1RSUFBUbFRLc05BT0ptV2VhWVIwWmN5bXJhcnNEVGxnVzRIQUdxaEpJTWtsaWFnS2RHUDdRQWp2M2NpWWlJeE1FQTF6MEJiZzRyWXhnamp4Ykczb2k3c0RpRWJLOEpScWN2SnRGNk00STQwMU1Ja2Y2QnFtQV9wcXFhZ3p0dk1lQUJyMmZaUnNvUEcwQUc2WllHRzBvY04xOVdBc3FLM0Z4dUc4aEx4YlhhaklLdXVGYWpYOA?oc=5\" target=\"_blank\" rel=\"nofollow noopener\">Los tres core\u00f3grafos m\u00e1s cotizados del planeta se re\u00fanen en La Zarzuela: atento a los cuerpos, dicen m\u00e1s de lo que muestran<\/a>&nbsp;&nbsp;El Peri\u00f3dico de Espa\u00f1a<\/li>\n<li><a href=\"https:\/\/news.google.com\/rss\/articles\/CBMipAFBVV95cUxOV1UzVDMzNFVxSHc3TjNKLUJScERKLUk1VEQxUy1jY3dMQzE5TlExZ28ydGhpR196SkpkRVN0eG5ia21qS3JEd09uSE5Qb3NtYlpvblJDTEw2NTgwYkV4b1AtOEFvcmJKeGZvSHRFRkw5cS1ad2U3M2JRMmdRZWoxOHBpVDBTLU96emdjTVI3MWw0LWo1MFdkOHVvWElTWHktSGJkUg?oc=5\" target=\"_blank\" rel=\"nofollow noopener\">La Compa\u00f1\u00eda Nacional de Danza estrena NumEros en el Teatro de la Zarzuela<\/a>&nbsp;&nbsp;danzaballet.com<\/li>\n<li><a href=\"https:\/\/news.google.com\/rss\/articles\/CBMivwFBVV95cUxOWTYtYXhMTnZ0d05OYkdrOGdKYUNPNnVLZ1dPdTFQc3QxNGc0dldpT3VObVRMUXYwaVM5Z1ZEdTFmTllwZnlUV1ItTzZVajNPazNTMUZCYVJIQVdINGMxbjczekRmdkhOcS0xR185TjlLdjdubTFMbnc4UHZRYXhnektyR2NvYTBsdW5ZQ3dvdEJUQ1J1SmR5SHBLdzV6b1RxQUR0bkc3Y3ZST01lRkIycFJiYXFIUzdtU1JSN0hnbw?oc=5\" target=\"_blank\" rel=\"nofollow noopener\">La CND inaugura temporada en la Zarzuela con el estreno de \u2018NumEros\u2019 hasta el 21 de diciembre<\/a>&nbsp;&nbsp;Madrid Actual<\/li>\n<\/ol>\n","protected":false},"excerpt":{"rendered":"La Compa\u00f1\u00eda Nacional de Danza inaugura su temporada en el Teatro de la Zarzuela&nbsp;&nbsp;Servimedia Un retraso, una luz&hellip;\n","protected":false},"author":2,"featured_media":103142,"comment_status":"","ping_status":"","sticky":false,"template":"","format":"standard","meta":{"footnotes":""},"categories":[91],"tags":[6848,67880,146,147,25,24,67881,492,23,67879],"class_list":{"0":"post-279811","1":"post","2":"type-post","3":"status-publish","4":"format-standard","5":"has-post-thumbnail","7":"category-entretenimiento","8":"tag-autonomias","9":"tag-comapnia-nacioanlde-danza","10":"tag-entertainment","11":"tag-entretenimiento","12":"tag-es","13":"tag-espana","14":"tag-muriel-romero","15":"tag-sociedad","16":"tag-spain","17":"tag-teatrod-e-la-zarzuela"},"share_on_mastodon":{"url":"https:\/\/pubeurope.com\/@es\/115690887265202646","error":""},"_links":{"self":[{"href":"https:\/\/www.europesays.com\/es\/wp-json\/wp\/v2\/posts\/279811","targetHints":{"allow":["GET"]}}],"collection":[{"href":"https:\/\/www.europesays.com\/es\/wp-json\/wp\/v2\/posts"}],"about":[{"href":"https:\/\/www.europesays.com\/es\/wp-json\/wp\/v2\/types\/post"}],"author":[{"embeddable":true,"href":"https:\/\/www.europesays.com\/es\/wp-json\/wp\/v2\/users\/2"}],"replies":[{"embeddable":true,"href":"https:\/\/www.europesays.com\/es\/wp-json\/wp\/v2\/comments?post=279811"}],"version-history":[{"count":0,"href":"https:\/\/www.europesays.com\/es\/wp-json\/wp\/v2\/posts\/279811\/revisions"}],"wp:featuredmedia":[{"embeddable":true,"href":"https:\/\/www.europesays.com\/es\/wp-json\/wp\/v2\/media\/103142"}],"wp:attachment":[{"href":"https:\/\/www.europesays.com\/es\/wp-json\/wp\/v2\/media?parent=279811"}],"wp:term":[{"taxonomy":"category","embeddable":true,"href":"https:\/\/www.europesays.com\/es\/wp-json\/wp\/v2\/categories?post=279811"},{"taxonomy":"post_tag","embeddable":true,"href":"https:\/\/www.europesays.com\/es\/wp-json\/wp\/v2\/tags?post=279811"}],"curies":[{"name":"wp","href":"https:\/\/api.w.org\/{rel}","templated":true}]}}