{"id":279815,"date":"2025-12-09T17:55:12","date_gmt":"2025-12-09T17:55:12","guid":{"rendered":"https:\/\/www.europesays.com\/es\/279815\/"},"modified":"2025-12-09T17:55:12","modified_gmt":"2025-12-09T17:55:12","slug":"segundo-dia-de-enfrentamientos-entre-camboya-y-tailandia","status":"publish","type":"post","link":"https:\/\/www.europesays.com\/es\/279815\/","title":{"rendered":"Segundo d\u00eda de enfrentamientos entre Camboya y Tailandia"},"content":{"rendered":"<p>Los <strong>enfrentamientos fronterizos entre Camboya y Tailandia<\/strong> han continuado este martes por segundo d\u00eda consecutivo y dejan ya<strong> m\u00e1s de una decena de muertos<\/strong>. Tambi\u00e9n hay decenas de heridos y m\u00e1s de <strong>medio mill\u00f3n de desplazados<\/strong>.<\/p>\n<p>El Ministerio de Defensa de Camboya asegura que <strong>nueve civiles han muerto desde el lunes<\/strong> y otras 20 personas han resultado heridas de gravedad, mientras que las autoridades tailandesas afirman que<strong> tres de sus soldados han muerto<\/strong> y hay 29 heridos. <\/p>\n<p>Ambas partes se acusan de bombardear zonas civiles y Tailandia asegura que llevar\u00e1 hasta el final sus planes militares. <\/p>\n<p>El conflicto parte de una disputa hist\u00f3rica por la frontera establecida hace un m\u00e1s de siglo, cuando Francia ocupaba parte de la pen\u00ednsula de Indochina. Ambos pa\u00edses del sudeste asi\u00e1tico ya llegaron a las armas a finales de julio. Entonces los enfrentamientos, que se cobraron la vida de casi medio centenar de personas, terminaron con un <a href=\"https:\/\/www.rtve.es\/noticias\/20251026\/trump-anuncia-acuerdo-historico-paz-tailandia-camboya\/16786924.shtml\" target=\"_blank\" rel=\"nofollow noopener\">alto el fuego mediado por el presidente de EE.UU., Donald Trump, Malasia y China<\/a>.<\/p>\n<p>Un alto asesor del primer ministro de Camboya ha anunciado que el pa\u00eds est\u00e1 dispuesto a <strong>conversaciones bilaterales <\/strong>con Tailandia. No obstante, Bangkok ha exigido a Camboya sinceridad y dar el <strong>primer paso para reducir la tensi\u00f3n<\/strong> entre ambos pa\u00edses, ha informado Reuters tras una entrevista al ministro de Exteriores de Tailandia.  <\/p>\n<p>Varios templos hinduistas, escenario de enfrentamientos <\/p>\n<p>Los combates se han extendido a nuevos frentes a lo largo de la <strong>frontera com\u00fan, de 820 kil\u00f3metros de largo<\/strong>. Este martes se han registrado enfrentamientos alrededor de los templos hinduistas de Ta Kwai (tambi\u00e9n conocido como Ta Krabei) y Ta Muen Thom, ambos cerca de la frontera entre la provincia tailandesa de Surin y la camboyana de Oddar Meanchey, seg\u00fan informa el Ej\u00e9rcito tailand\u00e9s y recoge Efe. Los templos no tienen significaci\u00f3n estrat\u00e9gica, pero s\u00ed propagand\u00edstica. <\/p>\n<p>Tailandia asegura que su Marina ha llevado a cabo operaciones en la provincia de Trat para expulsar a soldados camboyanos, y que su aviaci\u00f3n ha bombardeado varios objetivos. El Ej\u00e9rcito tailand\u00e9s, superior en capacidades al de su vecino, asegura que solo bombardea objetivos militares leg\u00edtimos, y acusa a <strong>Camboya<\/strong> de usar artiller\u00eda, cohetes y drones.  <\/p>\n<p>Por su parte, el Ministerio de Defensa camboyano asegura que no tiene m\u00e1s opci\u00f3n que defenderse y acusa a Tailandia de bombardear \u00abindiscriminada y brutalmente \u00e1reas residenciales civiles\u00bb. <\/p>\n<p>Los combates han obligado a <strong>casi 55.000 personas a dejar sus hogares en Camboya<\/strong>, mientras <strong>en Tailandia el n\u00famero de desplazados se acerca a los 440.000<\/strong>.<\/p>\n<p>Residentes evacuados por los combates fronterizos entre Camboya y Tailandia en la provincia de Siem Reap, en Camboya.\u00a0TANG CHHIN SOTHY \/ AFP<\/p>\n<p>El primer ministro tailand\u00e9s, Anutin Charnvirakul, <strong>ha descartado cualquier di\u00e1logo<\/strong> y ha advertido de que sus Fuerzas Armadas llevar\u00e1n hasta el final sus planes. \u00abNo podemos parar ahora. Hemos dado nuestro compromiso a las Fuerzas Armadas para que lleven a cabo totalmente las operaciones planeadas. El Gobierno est\u00e1 dando todo el apoyo\u00bb. <\/p>\n<p>Por su parte, Hun Sen, ex primer ministro de Camboya y una figura influyente en el pa\u00eds, ha dicho que Camboya \u00abnecesita la paz\u00bb pero est\u00e1 forzada a contraatacar \u00abpara defender su territorio\u00bb del \u00abej\u00e9rcito invasor\u00bb. <\/p>\n<p>Llamamientos a la paz<\/p>\n<p>El secretario general de la ONU,<strong> Ant\u00f3nio Guterres<\/strong>, ha urgido las partes a \u00abevitar una mayor escalada\u00bb y a \u00abrenovar su compromiso con el alto el fuego y utilizar todos los mecanismos de di\u00e1logo para encontrar una soluci\u00f3n duradera\u00bb. <\/p>\n<p>El secretario de Estado de Estados Unidos, <strong>Marco Rubio<\/strong>, ha llamado a ambas partes al <strong>cese de las hostilidades<\/strong>, a la protecci\u00f3n de los civiles y a retomar las medidas de distensi\u00f3n acordadas en octubre. Por su parte, el Gobierno de China ha pedido tambi\u00e9n \u00abmoderaci\u00f3n\u00bb como \u00abamigo y vecino cercano de Camboya y Tailandia\u00bb. <\/p>\n<p>La disputa se remonta a un acuerdo en 1907 entre el entonces Reino de Siam (actual Tailandia) y Francia (que ocupaba el territorio que ahora es Camboya) para intercambiar el control de algunas regiones y establecer una l\u00ednea que definiera la frontera entre ambas naciones. Sin embargo, seg\u00fan las autoridades tailandesas, la demarcaci\u00f3n real de la frontera se desviaba del texto de aquel tratado, incluido el territorio alrededor del templo de Preah Vihear y otros puntos fronterizos.<\/p>\n","protected":false},"excerpt":{"rendered":"Los enfrentamientos fronterizos entre Camboya y Tailandia han continuado este martes por segundo d\u00eda consecutivo y dejan ya&hellip;\n","protected":false},"author":2,"featured_media":279816,"comment_status":"","ping_status":"","sticky":false,"template":"","format":"standard","meta":{"footnotes":""},"categories":[42],"tags":[17,18,13,14,11,61,62,63,64,19,20,9,10,15,16,12,21,22,65,66,67],"class_list":{"0":"post-279815","1":"post","2":"type-post","3":"status-publish","4":"format-standard","5":"has-post-thumbnail","7":"category-internacional","8":"tag-breaking-news","9":"tag-breakingnews","10":"tag-featured-news","11":"tag-featurednews","12":"tag-headlines","13":"tag-internacional","14":"tag-international","15":"tag-international-news","16":"tag-internationalnews","17":"tag-latest-news","18":"tag-latestnews","19":"tag-news","20":"tag-noticias","21":"tag-noticias-destacadas","22":"tag-noticiasdestacadas","23":"tag-titulares","24":"tag-ultimas-noticias","25":"tag-ultimasnoticias","26":"tag-world","27":"tag-world-news","28":"tag-worldnews"},"share_on_mastodon":{"url":"https:\/\/pubeurope.com\/@es\/115690899015303715","error":""},"_links":{"self":[{"href":"https:\/\/www.europesays.com\/es\/wp-json\/wp\/v2\/posts\/279815","targetHints":{"allow":["GET"]}}],"collection":[{"href":"https:\/\/www.europesays.com\/es\/wp-json\/wp\/v2\/posts"}],"about":[{"href":"https:\/\/www.europesays.com\/es\/wp-json\/wp\/v2\/types\/post"}],"author":[{"embeddable":true,"href":"https:\/\/www.europesays.com\/es\/wp-json\/wp\/v2\/users\/2"}],"replies":[{"embeddable":true,"href":"https:\/\/www.europesays.com\/es\/wp-json\/wp\/v2\/comments?post=279815"}],"version-history":[{"count":0,"href":"https:\/\/www.europesays.com\/es\/wp-json\/wp\/v2\/posts\/279815\/revisions"}],"wp:featuredmedia":[{"embeddable":true,"href":"https:\/\/www.europesays.com\/es\/wp-json\/wp\/v2\/media\/279816"}],"wp:attachment":[{"href":"https:\/\/www.europesays.com\/es\/wp-json\/wp\/v2\/media?parent=279815"}],"wp:term":[{"taxonomy":"category","embeddable":true,"href":"https:\/\/www.europesays.com\/es\/wp-json\/wp\/v2\/categories?post=279815"},{"taxonomy":"post_tag","embeddable":true,"href":"https:\/\/www.europesays.com\/es\/wp-json\/wp\/v2\/tags?post=279815"}],"curies":[{"name":"wp","href":"https:\/\/api.w.org\/{rel}","templated":true}]}}