{"id":279817,"date":"2025-12-09T17:56:09","date_gmt":"2025-12-09T17:56:09","guid":{"rendered":"https:\/\/www.europesays.com\/es\/279817\/"},"modified":"2025-12-09T17:56:09","modified_gmt":"2025-12-09T17:56:09","slug":"joaquim-bosch-repasa-los-aspectos-discutibles-juridicamente-de-la-sentencia-de-garcia-ortiz-no-pudo-ser-el-filtrador-tribunales","status":"publish","type":"post","link":"https:\/\/www.europesays.com\/es\/279817\/","title":{"rendered":"Joaquim Bosch repasa los aspectos \u00abdiscutibles jur\u00eddicamente\u00bb de la sentencia de Garc\u00eda Ortiz: \u00abNo pudo ser el filtrador\u00bb | Tribunales"},"content":{"rendered":"<p>El Tribunal Supremo ha dado a conocer los detalles de la sentencia que condena al exfiscal general del Estado, <a href=\"https:\/\/cadenaser.com\/nacional\/2025\/12\/09\/el-supremo-condena-a-alvaro-garcia-ortiz-por-filtrar-el-correo-en-el-que-el-novio-de-ayuso-admitia-sus-delitos-fiscales-y-por-la-nota-de-prensa-cadena-ser\/\" target=\"_blank\" rel=\"noreferrer nofollow noopener\" title=\"https:\/\/cadenaser.com\/nacional\/2025\/12\/09\/el-supremo-condena-a-alvaro-garcia-ortiz-por-filtrar-el-correo-en-el-que-el-novio-de-ayuso-admitia-sus-delitos-fiscales-y-por-la-nota-de-prensa-cadena-ser\/\">\u00c1lvaro Garc\u00eda Ortiz<\/a>, casi tres semanas despu\u00e9s de que conoci\u00e9semos el resultado de un juicio sin precedentes. El alto tribunal recuerda que el fiscal no puede responder a una noticia falsa mediante la comisi\u00f3n de un delito y aunque no cuestiona el testimonio de los periodistas, no ha tenido en cuenta, que la mayor\u00eda de los que pasaron por el juicio, apuntaron a una fuente distinta al fiscal general del Estado.<\/p>\n<p>M\u00e1s informaci\u00f3n<\/p>\n<p>El magistrado Joaquim Bosch ha reconocido en Hora 14 que la sentencia tiene aspectos que son \u00abdiscutibles jur\u00eddicamente\u00bb. \u00abLa muestra m\u00e1s clara es que hay un<a href=\"https:\/\/cadenaser.com\/nacional\/2025\/12\/09\/dos-juezas-del-supremo-no-ven-pruebas-contra-el-fiscal-en-su-voto-particular-se-desmintio-una-acusacion-falsa-cadena-ser\/\" target=\"_blank\" rel=\"noreferrer nofollow noopener\" title=\"https:\/\/cadenaser.com\/nacional\/2025\/12\/09\/dos-juezas-del-supremo-no-ven-pruebas-contra-el-fiscal-en-su-voto-particular-se-desmintio-una-acusacion-falsa-cadena-ser\/\"> voto particular de dos magistradas<\/a> que es bastante cr\u00edtico con la argumentaci\u00f3n y plantea que hay periodistas, de cuatro medios distintos y de larga trayectoria, que han prestado un testimonio y han declarado que el fiscal no pudo ser el filtrador porque no era su fuente\u00bb, ha dicho. <\/p>\n<p>Bosch sostiene que la valoraci\u00f3n de estas declaraciones ha podido ser \u00abinsuficiente\u00bb y, al mismo tiempo, se\u00f1ala que \u00abno hay prueba directa\u00bb, tal y como reconocen los cinco magistrados que han apoyado la condena a Garc\u00eda Ortiz, para culpabilizarle a \u00e9l, o la persona de su entorno, a la que tampoco se ha nombrado. <\/p>\n<p>El magistrado reconoce que la l\u00f3gica de la sentencia sobre la nota informativa de la Fiscal\u00eda que se lanz\u00f3 para desmentir la versi\u00f3n promovida por el entorno de la presidenta de la Comunidad de Madrid, Isabel D\u00edaz Ayuso, es \u00abcorrecta\u00bb, a la vez que explica que lo incorrecto hubiese sido basar la condena en la nota de prensa. \u00abSi se conecta la filtraci\u00f3n con la nota, lo que dice la sala es que oficializa una filtraci\u00f3n que tiene car\u00e1cter delictivo\u00bb, destaca, para justificar la conexi\u00f3n que realiza el Supremo. <\/p>\n<p>Hay otros aspectos, como por ejemplo, el borrado de los datos del tel\u00e9fono del exfiscal general del Estado, en los que Bosch considera que \u00abpueden vulnerar la jurisprudencia del Constitucional\u00bb. \u00abHay elementos de desproporci\u00f3n en c\u00f3mo se hizo la incautaci\u00f3n de esos dispositivos\u00bb, al igual que se\u00f1ala la presunci\u00f3n de inocencia, el derecho fundamenta la intimidad o a no declarar. <\/p>\n<p>La llegada de Peramato no cierra la herida en la Fiscal\u00eda<\/p>\n<p>Este mismo martes el Consejo de Ministros ha formalizado el nombramiento de <a href=\"https:\/\/cadenaser.com\/nacional\/2025\/12\/09\/el-consejo-de-ministros-formaliza-el-nombramiento-de-teresa-peramato-como-nueva-fiscal-general-del-estado-cadena-ser\/\" target=\"_blank\" rel=\"noreferrer nofollow noopener\" title=\"https:\/\/cadenaser.com\/nacional\/2025\/12\/09\/el-consejo-de-ministros-formaliza-el-nombramiento-de-teresa-peramato-como-nueva-fiscal-general-del-estado-cadena-ser\/\">Teresa Peramato<\/a> como nueva fiscal general del Estado. Sin embargo, el magistrado afirma que la herida abierta en la Fiscal\u00eda no se cura con el relevo. \u00abLas altas instituciones del Estado han quedado tocadas\u00bb, se\u00f1ala, especialmente, al haber sido conectadas con una causa de origen pol\u00edtico, como en la investigaci\u00f3n a la pareja de Ayuso, Alberto Gonz\u00e1lez Amador. <\/p>\n<p>\u00abEn un contexto tan politizado, hubiera sido muy deseable que la condena no hubiera generado dudas y que el Supremo hubiera quedado al margen de la batalla pol\u00edtica\u00bb, insiste. Joaquim Bosch afirma que la \u00fanica manera de recuperar el respeto a las instituciones es \u00abrespetando las normas del juego\u00bb. \u00abHay otros organismos como el Constitucional o la justicia europea que forman parte del ordenamiento jur\u00eddico y esa institucional es la que tenemos que defender\u00bb, concluye. <\/p>\n","protected":false},"excerpt":{"rendered":"El Tribunal Supremo ha dado a conocer los detalles de la sentencia que condena al exfiscal general del&hellip;\n","protected":false},"author":2,"featured_media":279818,"comment_status":"","ping_status":"","sticky":false,"template":"","format":"standard","meta":{"footnotes":""},"categories":[8],"tags":[17,18,25,24,13,14,11,19,20,9,10,15,16,23,12,21,22],"class_list":{"0":"post-279817","1":"post","2":"type-post","3":"status-publish","4":"format-standard","5":"has-post-thumbnail","7":"category-espana","8":"tag-breaking-news","9":"tag-breakingnews","10":"tag-es","11":"tag-espana","12":"tag-featured-news","13":"tag-featurednews","14":"tag-headlines","15":"tag-latest-news","16":"tag-latestnews","17":"tag-news","18":"tag-noticias","19":"tag-noticias-destacadas","20":"tag-noticiasdestacadas","21":"tag-spain","22":"tag-titulares","23":"tag-ultimas-noticias","24":"tag-ultimasnoticias"},"share_on_mastodon":{"url":"https:\/\/pubeurope.com\/@es\/115690902941936989","error":""},"_links":{"self":[{"href":"https:\/\/www.europesays.com\/es\/wp-json\/wp\/v2\/posts\/279817","targetHints":{"allow":["GET"]}}],"collection":[{"href":"https:\/\/www.europesays.com\/es\/wp-json\/wp\/v2\/posts"}],"about":[{"href":"https:\/\/www.europesays.com\/es\/wp-json\/wp\/v2\/types\/post"}],"author":[{"embeddable":true,"href":"https:\/\/www.europesays.com\/es\/wp-json\/wp\/v2\/users\/2"}],"replies":[{"embeddable":true,"href":"https:\/\/www.europesays.com\/es\/wp-json\/wp\/v2\/comments?post=279817"}],"version-history":[{"count":0,"href":"https:\/\/www.europesays.com\/es\/wp-json\/wp\/v2\/posts\/279817\/revisions"}],"wp:featuredmedia":[{"embeddable":true,"href":"https:\/\/www.europesays.com\/es\/wp-json\/wp\/v2\/media\/279818"}],"wp:attachment":[{"href":"https:\/\/www.europesays.com\/es\/wp-json\/wp\/v2\/media?parent=279817"}],"wp:term":[{"taxonomy":"category","embeddable":true,"href":"https:\/\/www.europesays.com\/es\/wp-json\/wp\/v2\/categories?post=279817"},{"taxonomy":"post_tag","embeddable":true,"href":"https:\/\/www.europesays.com\/es\/wp-json\/wp\/v2\/tags?post=279817"}],"curies":[{"name":"wp","href":"https:\/\/api.w.org\/{rel}","templated":true}]}}