{"id":279825,"date":"2025-12-09T18:06:12","date_gmt":"2025-12-09T18:06:12","guid":{"rendered":"https:\/\/www.europesays.com\/es\/279825\/"},"modified":"2025-12-09T18:06:12","modified_gmt":"2025-12-09T18:06:12","slug":"cristiano-ronaldo-no-juega-por-lo-que-fue-sino-por-lo-importante-sigue-siendo-para-portugal","status":"publish","type":"post","link":"https:\/\/www.europesays.com\/es\/279825\/","title":{"rendered":"Cristiano Ronaldo no juega por lo que fue, sino por lo importante sigue siendo para Portugal"},"content":{"rendered":"<p class=\"ft-text\"><a class=\"ft-link ft-link--decoration\" href=\"https:\/\/www.sport.es\/es\/noticias\/futbol-internacional\/roberto-martinez-sigue-rompiendo-records-123787341\" rel=\"nofollow noopener\" target=\"_blank\">Roberto Mart\u00ednez<\/a> (Balaguer, 1973) confes\u00f3 en la pasada Gala Valores, organizada por el Diario SPORT, que el <a class=\"ft-link ft-link--decoration\" href=\"https:\/\/www.sport.es\/es\/noticias\/premio-valores\/premio-valores-trayectoria-roberto-martinez-123805168\" rel=\"nofollow noopener\" target=\"_blank\">Premio Valores Trayectoria<\/a> era el primer gran reconocimiento que recib\u00eda en casa. La confesi\u00f3n evidencia que los m\u00e9ritos tienen que ver con la distancia. Porque el entrenador catal\u00e1n es uno de los t\u00e9cnicos espa\u00f1oles m\u00e1s importantes, <strong>due\u00f1o del mejor promedio de puntos en la historia de Portugal<\/strong>. Con la clasificaci\u00f3n para el Mundial 2026 lograda con los lusos superar\u00e1, con tres presencias, a Vicente del Bosque.<\/p>\n<p class=\"ft-text\">Porque estar en la m\u00e1xima competici\u00f3n del f\u00fatbol es algo extraordinario. Como lo fue el tercer puesto con B\u00e9lgica en Rusia 2018, cuando catapult\u00f3 a la mejor generaci\u00f3n que ha tenido B\u00e9lgica. Un ejercicio de liderazgo y equilibrio, dos virtudes indispensables en cualquier seleccionador, que le acompa\u00f1an en otro reto de trascendencia hist\u00f3rica con Portugal, <a class=\"ft-link ft-link--decoration\" href=\"https:\/\/www.sport.es\/es\/noticias\/mundial-futbol\/28-selecciones-clasificadas-mundial-2026-122620101\" rel=\"nofollow noopener\" target=\"_blank\">que busca el primer Mundial de su historia<\/a>.<\/p>\n<p class=\"ft-text\">De nuevo, una selecci\u00f3n dorada de jugadores. Un c\u00f3ctel de juventud, con <strong>Vitinha<\/strong> o <strong>Joao Neves;<\/strong> y veteran\u00eda, con <strong>Cristiano<\/strong>, que nunca ser\u00e1 un problema para su t\u00e9cnico en el torneo que es la raz\u00f3n de ser de cualquier futbolista, entrenador y aficionado. Vamos, casi de cualquier ser humano. La fortuna y la emoci\u00f3n dictar\u00e1n sentencia, porque la pasi\u00f3n de &#8216;Bob&#8217;, como en los tiempos de los <strong>&#8216;Three Amigos&#8217; <\/strong>con el Wigan ganador de la inesperada y fant\u00e1stica FA Cup, se da por descontada.<\/p>\n<p class=\"ft-text\"><strong>Pregunta. Va camino de cumplir tres a\u00f1os al frente de la selecci\u00f3n de Portugal. \u00bfCu\u00e1nto de luso hay en Roberto Mart\u00ednez, m\u00e1s all\u00e1 de su &#8216;sotaque&#8217; en el habla?<\/strong><\/p>\n<p class=\"ft-text\">Respuesta. Mucho, y lo digo con orgullo. Porque me gusta empaparme de la cultura portuguesa. Yo creo que formamos parte de una cultura ib\u00e9rica. Despu\u00e9s de trabajar 21 a\u00f1os en el Reino Unido y siete en B\u00e9lgica, la verdad es que se hace muy familiar el poder descubrir, o volver a vivir, lo que es la cultura portuguesa, que tiene muchas tradiciones y aspectos que tambi\u00e9n se encuentran en Espa\u00f1a.<\/p>\n<blockquote class=\"ft-mol-quote\" data-aida-quote=\"\"><p>Estamos en medio de una generaci\u00f3n o de un tiempo donde no hay paciencia, donde todo llega a la puerta de casa, donde hay que esperar poco para conseguir los objetivos<\/p>\n<p class=\"ft-mol-quote__author--name\">Roberto Mart\u00ednez<\/p>\n<p class=\"ft-mol-quote__author--status\">\u2014 Seleccionador de Portugal<\/p>\n<\/blockquote>\n<p class=\"ft-text\"><strong>P. Ya que ha sido reconocido en la <\/strong><a class=\"ft-link ft-link--decoration\" href=\"https:\/\/www.sport.es\/es\/noticias\/premio-valores\/gala-valores-sport-marquez-messi-123884715\" rel=\"nofollow noopener\" target=\"_blank\"><strong>Gala Valores de SPORT<\/strong><\/a><strong>, \u00bfcu\u00e1les son los valores de Roberto Mart\u00ednez innegociables en el f\u00fatbol?<\/strong><\/p>\n<p class=\"ft-text\">R. Hay muchos. Lo que pasa es que tambi\u00e9n dir\u00eda que la clave es intentar ajustarse a los distintos vestuarios. Los valores que se necesitan en la Premier League son distintos de los que se precisan en la selecci\u00f3n de B\u00e9lgica y tambi\u00e9n ahora en la de Portugal. Pero s\u00ed hay valores generales, m\u00e1s humanos y colectivos, que son muy importantes en la vida en general y se reflejan en el deporte.<\/p>\n<p class=\"ft-text\">La resiliencia dir\u00eda que probablemente es el m\u00e1s importante, porque no hay nada f\u00e1cil. Estamos en medio de una generaci\u00f3n o de un tiempo donde no hay paciencia, donde todo llega a la puerta de casa, donde hay que esperar poco para conseguir los objetivos. Esa resiliencia de mejorar los procesos, de caerse y volver a levantarse, es muy importante. Despu\u00e9s est\u00e1 el respeto colectivo, porque para ganar como equipo hay que tenerlo al m\u00e1ximo nivel, y la calidad humana ayuda much\u00edsimo. Y luego est\u00e1 esa exigencia de querer mejorar todos los d\u00edas.<\/p>\n<p class=\"ft-text\"><strong>P. Hablando de generaciones, \u00bfestamos ante la mejor generaci\u00f3n de futbolistas portugueses de la historia?<\/strong><\/p>\n<p class=\"ft-text\">R. Eso es muy subjetivo. Yo creo que la mejor generaci\u00f3n de la historia es la del 66, porque es la que queda tercera en el Mundial de Inglaterra y eso s\u00ed que es objetivo. Los resultados te dan los par\u00e1metros de cu\u00e1l es la generaci\u00f3n de oro. Luego todos estamos preparados para dar opiniones. En la actual hay ejemplos incre\u00edbles, pero tambi\u00e9n en el pasado del f\u00fatbol portugu\u00e9s todos se acuerdan de momentos de Rui Costa, Luis Figo, Jo\u00e3o Pinto\u2026<\/p>\n<p class=\"ft-text\">Son much\u00edsimos jugadores y generaciones excelentes. Lo que s\u00ed es verdad es que ahora tenemos una mezcla muy bonita: el capit\u00e1n, <a class=\"ft-link ft-link--decoration\" href=\"https:\/\/www.sport.es\/es\/noticias\/futbol-internacional\/cristiano-ronaldo-facil-marcar-espana-123437547\" rel=\"nofollow noopener\" target=\"_blank\">Cristiano Ronaldo<\/a>, debut\u00f3 el mismo a\u00f1o en el que naci\u00f3 Carlos Forbs (verdugo del Bar\u00e7a en Brujas), el \u00faltimo jugador en llegar. Esa mezcla es fant\u00e1stica. Lo importante es que el nivel de formaci\u00f3n en Portugal es un ejemplo a nivel europeo y mundial. Un pa\u00eds de 10 millones que es capaz de crear estos jugadores\u2026 Eso es lo que hay que realzar. Y despu\u00e9s, esperar que un d\u00eda se pueda decir que s\u00ed, que esta generaci\u00f3n es la mejor.<\/p>\n<blockquote class=\"ft-mol-quote\" data-aida-quote=\"\"><p>Que Vitinha y Jo\u00e3o Neves compartan vestuario con un jugador como Cristiano Ronaldo, que ha ganado tantos Balones de Oro, les ayuda a visualizar el objetivo y a tener la confianza para poder conseguirlo<\/p>\n<p class=\"ft-mol-quote__author--name\">Roberto Mart\u00ednez<\/p>\n<p class=\"ft-mol-quote__author--status\">\u2014 Seleccionador de Portugal<\/p>\n<\/blockquote>\n<p class=\"ft-text\"><strong>P. Siempre se le ha visto muy cercano y sensible con Cristiano Ronaldo. \u00bfC\u00f3mo se logra sacar lo mejor de un jugador con toda la historia que tiene detr\u00e1s y, a la vez, darle el mejor contexto a los j\u00f3venes?<\/strong><\/p>\n<p class=\"ft-text\">R. Con \u00e9l, estamos viendo un ejemplo que se repite en los grandes deportistas de alto nivel con longevidad: se adaptan a lo que es necesario. Vivimos la aparici\u00f3n de Cristiano en 2004 y somos conscients de todo lo que ha hecho en su carrera. Ahora es un jugador muy distinto, que utiliza muy bien su experiencia, sus movimientos, su capacidad de finalizaci\u00f3n\u2026 Hasta el punto de que ha marcado 25 goles en sus \u00faltimos 30 partidos con la selecci\u00f3n. No hablamos de un futbolista que juega con Portugal por lo que ha hecho, sino de un jugador que es muy importante en los esquemas actuales de su selecci\u00f3n. Esa capacidad de adaptarse es esencial para la longevidad de cualquier futbolista.<\/p>\n<p><img decoding=\"async\" src=\"https:\/\/www.europesays.com\/es\/wp-content\/uploads\/2025\/12\/2dda968e-dfe4-4485-bc4c-754f9f890a1a_alta-libre-aspect-ratio_default_0.jpg\" width=\"1200\" height=\"900\" alt=\"Roberto Mart\u00ednez, seleccionador de Portugal, en un momento de la entrevista con SPORT.\" class=\"ft-helper-img-rd\" loading=\"lazy\"\/><\/p>\n<p class=\"ft-helper-fontColor-quaternary ft-helper-fontSize-body-S ft-helper-spacer-t-xxs\">Roberto Mart\u00ednez, seleccionador de Portugal, en un momento de la entrevista con SPORT.  \/ SPORT<\/p>\n<p class=\"ft-text\"><strong>P. Cada vez que est\u00e1 en el campo, Cristiano Ronaldo pone en el campo cinco Balones de Oro. \u00bfTienen capacidad Vitinha o Jo\u00e3o Neves para seguir esa tradici\u00f3n con otro galard\u00f3n?<\/strong><\/p>\n<p class=\"ft-text\">R. La tienen. Es mucho m\u00e1s f\u00e1cil estar en un vestuario donde cada d\u00eda puedes aprender de alguien que ha ganado tantos Balones de Oro: eso ayuda a visualizar el objetivo y a tener la confianza de poder conseguirlo. <a class=\"ft-link ft-link--decoration\" href=\"https:\/\/www.sport.es\/es\/noticias\/champions\/vitinha-124162467\" rel=\"nofollow noopener\" target=\"_blank\">Vitinha<\/a> es ahora uno de los mejores centrocampistas de Europa. Jo\u00e3o Neves, en su capacidad de recuperaci\u00f3n de bal\u00f3n y en su perfil tan espec\u00edfico, ya es uno de los mejores de Europa y tiene much\u00edsimo recorrido. Y tambi\u00e9n jugadores como Nuno Mendes, que para m\u00ed es uno de los m\u00e1s completos del f\u00fatbol actual en su perfil, por lo que hace con bal\u00f3n y sin bal\u00f3n. Los mimbres est\u00e1n ah\u00ed, y la mentalidad tambi\u00e9n: hay un contagio muy claro dentro del vestuario.<\/p>\n<p class=\"ft-text\"><strong>P. Usted que conoces las dos realidades, la de los clubes y las selecciones. \u00bfC\u00f3mo se gestiona la alta carga de minutos de los jugadores de \u00e9lite?<\/strong><\/p>\n<p class=\"ft-text\">R. Podr\u00edamos hablar horas de ese aspecto. Creo que hay un poco de hipocres\u00eda cuando se habla de la sobrecarga y no se da una soluci\u00f3n. Al jugador lo que le gusta es jugar: no creo que haya sobrecarga de partidos. Lo que s\u00ed es verdad es que el cuerpo necesita descansar. Tendr\u00eda que haber un periodo m\u00ednimo de tres o cuatro semanas en el que, oficialmente, no pudiera jugar ning\u00fan futbolista.<\/p>\n<p class=\"ft-text\">Tal como est\u00e1 el calendario internacional y dom\u00e9stico, eso se tiene que discutir y arreglar, porque ahora mismo no hay descanso y eso es muy peligroso. Tampoco veremos el mismo nivel de calidad para los aficionados si no existe ese descanso. El futbolista quiere jugar y no entrenar. Si tiene que elegir, prefiere jugar m\u00e1s partidos y entrenar menos sesiones de alta intensidad. Pero el calendario necesita estructura: esas tres o cuatro semanas tendr\u00edan que estar marcadas por las instituciones m\u00e1s altas para que el futbolista pueda regenerar y mejorar.<\/p>\n<blockquote class=\"ft-mol-quote\" data-aida-quote=\"\"><p>No hay sobrecarga de partidos, lo que se necesita es un descanso efectivo y reglado, porque ahora mismo no existe y es muy peligroso, tanto para ellos como para los futbolistas, que siempre quieren jugar<\/p>\n<p class=\"ft-mol-quote__author--name\">Roberto Mart\u00ednez<\/p>\n<p class=\"ft-mol-quote__author--status\">\u2014 Seleccionador de Portugal<\/p>\n<\/blockquote>\n<p class=\"ft-text\"><strong>P. Tan importante es ganar como visualizar que un equipo o una selecci\u00f3n puede hacerlo. \u00bfC\u00f3mo ha conseguido usted inocular este car\u00e1cter a Portugal?<\/strong><\/p>\n<p class=\"ft-text\">R. Es m\u00e1s f\u00e1cil gestionar las victorias que las derrotas. Y en el f\u00fatbol los objetivos siempre son los mismos: crear un ambiente competitivo. En la selecci\u00f3n ayuda mucho que hay muchos jugadores que pueden ganar partidos para el pa\u00eds. Despu\u00e9s hay que crear un entorno de alto rendimiento, con valores y aspectos profesionales importantes.<\/p>\n<p class=\"ft-text\">A partir de ah\u00ed, se trata de disfrutar de las expectativas, pero tambi\u00e9n de ser racionales. Para Portugal, ganar un Mundial ser\u00eda un sue\u00f1o\u2026 pero nunca se ha hecho antes. Es algo muy dif\u00edcil. Tenemos el esp\u00edritu de Eusebio, lo que se logr\u00f3 en el 66, esa tercera posici\u00f3n, y ahora celebramos su <a class=\"ft-link ft-link--decoration\" href=\"https:\/\/www.sport.es\/es\/noticias\/balon-oro\/ganadores-balon-de-oro-5574824\" rel=\"nofollow noopener\" target=\"_blank\">Bal\u00f3n de Oro del 65<\/a>. Seis d\u00e9cadas muy especiales. Tenemos est\u00edmulo, ambici\u00f3n y sue\u00f1o. Tambi\u00e9n la racionalidad de saber que el camino va a ser muy dif\u00edcil. Pero eso no nos va a impedir dar todo lo que tenemos.<\/p>\n<p class=\"ft-text\"><strong>P. \u00bfLe ha reforzado la reciente conquista de la Nations League?<\/strong><\/p>\n<p class=\"ft-text\">R. Mucho, porque no es solo ganar: es c\u00f3mo se consigui\u00f3. El de la <a class=\"ft-link ft-link--decoration\" href=\"https:\/\/www.sport.es\/es\/noticias\/futbol\/uefa-nations-league\/palmares-campeones-nations-league-88849460\" rel=\"nofollow noopener\" target=\"_blank\">Nations League es un formato muy exigente<\/a>. Siempre he cre\u00eddo mucho en esta competici\u00f3n. Creo que en el futuro se le dar\u00e1 mucho m\u00e1s valor porque es la competici\u00f3n con mayor n\u00famero de partidos: son 10. El Mundial ahora va a tener ocho; hasta ahora ten\u00eda siete. Adem\u00e1s, se juega a lo largo del a\u00f1o, con cinco parones internacionales que aumentan la dificultad en forma constancia, momentos de forma, lesiones.<\/p>\n<p class=\"ft-text\">Despu\u00e9s, est\u00e1 ese cara a cara de cuartos, que es una novedad muy acertada. Para Portugal, primera bicampeona en la historia del torneo, fue muy importante ganar en semifinales a Alemania all\u00e1, en M\u00fanich, algo que no ocurr\u00eda en 25 a\u00f1os. Refuerza mucho el aspecto mental. Y luego, poder vencer a Espa\u00f1a en la final\u2026 eso da un plus de confianza, pero tambi\u00e9n nos hace muy conscientes de que los detalles entre ganar y perder a este nivel son m\u00ednimos.<\/p>\n<blockquote class=\"ft-mol-quote\" data-aida-quote=\"\"><p>El de la Nations League es un formato muy exigente. Siempre he cre\u00eddo mucho en esta competici\u00f3n y se le dar\u00e1 mucho m\u00e1s valor con el paso del tiempo. Para Portugal fue un refuerzo de confianza<\/p>\n<p class=\"ft-mol-quote__author--name\">Roberto Mart\u00ednez<\/p>\n<p class=\"ft-mol-quote__author--status\">\u2014 Seleccionador de Portugal<\/p>\n<\/blockquote>\n<p class=\"ft-text\"><strong>P. Destaca positivamente el formato de la Nations, \u00bfqu\u00e9 le parece el formato de, por primera vez, 48 selecciones que habr\u00e1 en el Mundial 2026?<\/strong><\/p>\n<p class=\"ft-text\">R. Tiene sentido. Hay selecciones para las que participar en un Mundial es un antes y un despu\u00e9s. Ampliar el n\u00famero logra esto. Lo \u00fanico es que, con tantos equipos, habr\u00eda que ajustar y buscar una f\u00f3rmula que premie m\u00e1s a quienes acaban primeros en la fase de grupos. Por ejemplo, que el golaveraje cuente m\u00e1s, que todos los partidos sean m\u00e1s competitivos. Algo similar al nuevo formato de la Champions League. Y despu\u00e9s creo que Estados Unidos, M\u00e9xico y Canad\u00e1 ser\u00e1n grandes anfitriones, como vimos ya en el Mundial de Clubes. Van a promover un espect\u00e1culo que ensalce todo el talento de los mejores jugadores del mundo.<\/p>\n<p class=\"ft-text\"><strong>P. Una \u00faltima directa: \u00bfPortugal es favorita para ser campeona?<\/strong><\/p>\n<p class=\"ft-text\">R. No. Los objetivos son ser muy conscientes de que queremos mejorar en todos los partidos. Si nosotros podemos gestionar, como hicimos en la Nations, la competitividad que tenemos dentro del vestuario, tenemos que exigirnos el m\u00e1ximo nivel. Llegar o no a una final de un Mundial es un camino dif\u00edcil, complejo, con muchas vertientes. Pero hay que estar preparado para todo y ser un equipo que no tenga miedo a so\u00f1ar.<\/p>\n","protected":false},"excerpt":{"rendered":"Roberto Mart\u00ednez (Balaguer, 1973) confes\u00f3 en la pasada Gala Valores, organizada por el Diario SPORT, que el Premio&hellip;\n","protected":false},"author":2,"featured_media":279826,"comment_status":"","ping_status":"","sticky":false,"template":"","format":"standard","meta":{"footnotes":""},"categories":[268],"tags":[8432,168,3141,25,24,280,282,825,1462,12027,67885,67884,24921,281,23,167],"class_list":{"0":"post-279825","1":"post","2":"type-post","3":"status-publish","4":"format-standard","5":"has-post-thumbnail","7":"category-futbol","8":"tag-cristiano-ronaldo","9":"tag-deportes","10":"tag-entrevista","11":"tag-es","12":"tag-espana","13":"tag-football","14":"tag-futbol","15":"tag-martinez","16":"tag-portugal","17":"tag-robert","18":"tag-roberto-martinez","19":"tag-seleccion-de-portugal","20":"tag-seleccionador","21":"tag-soccer","22":"tag-spain","23":"tag-sports"},"share_on_mastodon":{"url":"https:\/\/pubeurope.com\/@es\/115690942579710969","error":""},"_links":{"self":[{"href":"https:\/\/www.europesays.com\/es\/wp-json\/wp\/v2\/posts\/279825","targetHints":{"allow":["GET"]}}],"collection":[{"href":"https:\/\/www.europesays.com\/es\/wp-json\/wp\/v2\/posts"}],"about":[{"href":"https:\/\/www.europesays.com\/es\/wp-json\/wp\/v2\/types\/post"}],"author":[{"embeddable":true,"href":"https:\/\/www.europesays.com\/es\/wp-json\/wp\/v2\/users\/2"}],"replies":[{"embeddable":true,"href":"https:\/\/www.europesays.com\/es\/wp-json\/wp\/v2\/comments?post=279825"}],"version-history":[{"count":0,"href":"https:\/\/www.europesays.com\/es\/wp-json\/wp\/v2\/posts\/279825\/revisions"}],"wp:featuredmedia":[{"embeddable":true,"href":"https:\/\/www.europesays.com\/es\/wp-json\/wp\/v2\/media\/279826"}],"wp:attachment":[{"href":"https:\/\/www.europesays.com\/es\/wp-json\/wp\/v2\/media?parent=279825"}],"wp:term":[{"taxonomy":"category","embeddable":true,"href":"https:\/\/www.europesays.com\/es\/wp-json\/wp\/v2\/categories?post=279825"},{"taxonomy":"post_tag","embeddable":true,"href":"https:\/\/www.europesays.com\/es\/wp-json\/wp\/v2\/tags?post=279825"}],"curies":[{"name":"wp","href":"https:\/\/api.w.org\/{rel}","templated":true}]}}