{"id":279827,"date":"2025-12-09T18:07:14","date_gmt":"2025-12-09T18:07:14","guid":{"rendered":"https:\/\/www.europesays.com\/es\/279827\/"},"modified":"2025-12-09T18:07:14","modified_gmt":"2025-12-09T18:07:14","slug":"el-exotico-destino-que-han-elegido-eugenia-martinez-de-irujo-y-narcis-rebollo-para-su-escapada-romantica","status":"publish","type":"post","link":"https:\/\/www.europesays.com\/es\/279827\/","title":{"rendered":"El ex\u00f3tico destino que han elegido Eugenia Mart\u00ednez de Irujo y Narc\u00eds Rebollo para su escapada rom\u00e1ntica"},"content":{"rendered":"<p class=\"paragraph\">El <b>puente de la Constituci\u00f3n<\/b> suele ser el momento para disfrutar de una \u00faltima escapada. Ya sea conociendo alg\u00fan destino dentro de nuestras fronteras o traspas\u00e1ndolas, son d\u00edas ideales para poner un broche digno al a\u00f1o que est\u00e1 por terminar. Que se lo digan si no a <b>Eugenia Mart\u00ednez de Irujo<\/b> y<b> Narc\u00eds Rebollo<\/b>, que han decidido viajar hasta <b>T\u00e1nger <\/b>para disfrutar de un rom\u00e1ntico viaje.<\/p>\n<p class=\"paragraph\">En su caso, el motivo del viaje era doble, ya que la arist\u00f3crata espa\u00f1ola celebr\u00f3 el pasado 26 de noviembre sus 57 cumplea\u00f1os. En su d\u00eda, ya disfrut\u00f3 de un fin de semana de celebraci\u00f3n en M\u00e1laga. \u00abEl 26 viendo el musical Godspell de <b>Antonio Banderas<\/b> en el teatro del Soho. Os recomiendo ir porque es incre\u00edble. Y luego una cena buen\u00edsima en el restaurante Tercer Acto con mi adorada Cayetana Guill\u00e9n Cuervo y m\u00e1s amigos. Gracias infinitas, Antonio, por una noche tan especial\u00bb.<\/p>\n<p class=\"paragraph\">Ahora, en cambio, ha sido el turno de celebrarlo en compa\u00f1\u00eda de su marido, el presidente de Global Talent Services. La pareja se ha alojado en un lugar m\u00e1s simb\u00f3lico de la ciudad, <b>Villa Mabrouka<\/b>, la que fuera residencia de<b> Yves Saint Laurent<\/b> y del empresario y mecenas <b>Pierre Berg\u00e9, <\/b>que se escond\u00edan en T\u00e1nger cuando pretend\u00edan descansar y alejarse del mundo de la moda.<\/p>\n<p class=\"paragraph\">La propiedad convertida en hotel distinguido est\u00e1 ubicada en uno de los jardines m\u00e1s grandes y buc\u00f3licos de T\u00e1nger, a unos pasos del bullicio de la mediana y la kasbash de la ciudad que enamor\u00f3 a personalidades de la talla de <b>Ernest Hemingway<\/b> o <b>Jack Kerouac<\/b>. A d\u00eda de hoy la casa, construida hace un siglo con estilo modernista y toques de artesan\u00eda marroqu\u00ed, posee doce habitaciones que demuestran que el descanso es el verdadero lujo.<\/p>\n<p class=\"paragraph\">La casualidad quiso que estuvieran a punto de cruzarse con una amiga de la familia, <b>Roc\u00edo Peralta<\/b>. \u00abAnda, justo me volv\u00ed ayer; nos hemos quedado en el mismo sitio, qu\u00e9 pena no haberlo sabido\u00bb, comentaba la dise\u00f1adora de trajes de flamenca en la publicaci\u00f3n que comparti\u00f3 la hija de la duquesa de Alba en Instagram.<\/p>\n<p class=\"paragraph\">La pareja se conoci\u00f3 a trav\u00e9s de amigos en com\u00fan en eventos solidarios como el organizado de forma anual por la Fundaci\u00f3n Peque\u00f1o Deseo. Al comienzo de su idilio, intentaron mantenerlo en secreto, pero en 2017, durante la <b>Feria de Abril de Sevilla<\/b>, decidieron formalizar su amor de manera p\u00fablica. Se han casado en dos ocasiones, ambas en Las Vegas, caracterizados como dos de sus personajes favoritos, <b>Olivia Newton-John <\/b>y<b> John Travolta<\/b> en <b>Grease<\/b>. \u00abAntes de que acabe el d\u00eda de hoy, mam\u00e1, quiero dedicarte lo feliz que soy y lo que te hubiera gustado verme as\u00ed de enamorada\u00bb, escribi\u00f3 en una ocasi\u00f3n la duquesa de Montoro tras su enlace.<\/p>\n","protected":false},"excerpt":{"rendered":"El puente de la Constituci\u00f3n suele ser el momento para disfrutar de una \u00faltima escapada. Ya sea conociendo&hellip;\n","protected":false},"author":2,"featured_media":279828,"comment_status":"","ping_status":"","sticky":false,"template":"","format":"standard","meta":{"footnotes":""},"categories":[174],"tags":[255,146,147,25,24,256,23],"class_list":{"0":"post-279827","1":"post","2":"type-post","3":"status-publish","4":"format-standard","5":"has-post-thumbnail","7":"category-famosos","8":"tag-celebrities","9":"tag-entertainment","10":"tag-entretenimiento","11":"tag-es","12":"tag-espana","13":"tag-famosos","14":"tag-spain"},"share_on_mastodon":{"url":"https:\/\/pubeurope.com\/@es\/115690946175104172","error":""},"_links":{"self":[{"href":"https:\/\/www.europesays.com\/es\/wp-json\/wp\/v2\/posts\/279827","targetHints":{"allow":["GET"]}}],"collection":[{"href":"https:\/\/www.europesays.com\/es\/wp-json\/wp\/v2\/posts"}],"about":[{"href":"https:\/\/www.europesays.com\/es\/wp-json\/wp\/v2\/types\/post"}],"author":[{"embeddable":true,"href":"https:\/\/www.europesays.com\/es\/wp-json\/wp\/v2\/users\/2"}],"replies":[{"embeddable":true,"href":"https:\/\/www.europesays.com\/es\/wp-json\/wp\/v2\/comments?post=279827"}],"version-history":[{"count":0,"href":"https:\/\/www.europesays.com\/es\/wp-json\/wp\/v2\/posts\/279827\/revisions"}],"wp:featuredmedia":[{"embeddable":true,"href":"https:\/\/www.europesays.com\/es\/wp-json\/wp\/v2\/media\/279828"}],"wp:attachment":[{"href":"https:\/\/www.europesays.com\/es\/wp-json\/wp\/v2\/media?parent=279827"}],"wp:term":[{"taxonomy":"category","embeddable":true,"href":"https:\/\/www.europesays.com\/es\/wp-json\/wp\/v2\/categories?post=279827"},{"taxonomy":"post_tag","embeddable":true,"href":"https:\/\/www.europesays.com\/es\/wp-json\/wp\/v2\/tags?post=279827"}],"curies":[{"name":"wp","href":"https:\/\/api.w.org\/{rel}","templated":true}]}}