{"id":279831,"date":"2025-12-09T18:11:17","date_gmt":"2025-12-09T18:11:17","guid":{"rendered":"https:\/\/www.europesays.com\/es\/279831\/"},"modified":"2025-12-09T18:11:17","modified_gmt":"2025-12-09T18:11:17","slug":"time-destaca-a-las-guerreras-del-k-pop-como-revelacion-del-ano","status":"publish","type":"post","link":"https:\/\/www.europesays.com\/es\/279831\/","title":{"rendered":"Time destaca a \u00abLas Guerreras del K-Pop&#8217; como Revelaci\u00f3n del A\u00f1o"},"content":{"rendered":"<p>                                        ENVIAR<\/p>\n<p>                                            <img decoding=\"async\" src=\"https:\/\/www.europesays.com\/es\/wp-content\/uploads\/2025\/07\/ajax-loader.gif\"\/><br \/>\n                                            Enviando correcci\u00f3n, espere un momento&#8230;<\/p>\n<p>                                                \u00d7<\/p>\n<p>                                            <strong>Por favor complete todos los campos y haga check para certificar la veracidad de los datos antes de enviar la correccion.<\/strong>\n                                        <\/p>\n<p>                                                \u00d7<\/p>\n<p>                                            <strong>Por favor ingrese en e-mail valido.<\/strong>\n                                        <\/p>\n<p>                                                \u00d7<\/p>\n<p>Su mensaje fue enviado \u00a1exitosamente!<\/p>\n<p>Atenderemos su correci\u00f3n cuanto antes<\/p>\n<p>            TV y Espect\u00e1culo<\/p>\n<p>            &gt;<\/p>\n<p>     Noticia<\/p>\n<p>Martes 09 diciembre de 2025 | 13:33<\/p>\n<p>        <img decoding=\"async\" src=\"https:\/\/www.europesays.com\/es\/wp-content\/uploads\/2025\/07\/984.jpg\" alt=\"\"\/><\/p>\n<p>        <a class=\"nombre\" href=\"https:\/\/www.biobiochile.cl\/lista\/busca-2020\/autores\/Econtreras\" target=\"_blank\" rel=\"nofollow noopener\">Emilio Contreras<\/a><\/p>\n<p class=\"cargo\">Periodista especializado en Cultura. Colaborador de Magazine en BioBioChile<\/p>\n<p>            <img decoding=\"async\" src=\"https:\/\/www.europesays.com\/es\/wp-content\/uploads\/2025\/07\/984.jpg\" alt=\"Foto autor\"\/><\/p>\n<p class=\"nombres\">\n                <a href=\"https:\/\/www.biobiochile.cl\/lista\/autores\/Econtreras\" target=\"_blank\" rel=\"nofollow noopener\">Emilio Contreras<\/a><\/p>\n<p class=\"cargo\">Periodista especializado en Cultura. Colaborador de Magazine en BioBioChile<\/p>\n<p>                <a href=\"https:\/\/www.biobiochile.cl\/noticias\/espectaculos-y-tv\/notas-espectaculos-tv\/2025\/12\/09\/mailto:econtreras@biobiochile.cl\" rel=\"nofollow noopener\" target=\"_blank\"><\/a><\/p>\n<p>        <img decoding=\"async\" src=\"https:\/\/www.europesays.com\/es\/wp-content\/uploads\/2025\/07\/984.jpg\" alt=\"Foto autor\"\/><\/p>\n<p class=\"nombres\">\n<p><a href=\"https:\/\/www.biobiochile.cl\/lista\/autores\/Econtreras\" target=\"_blank\" rel=\"nofollow noopener\">Emilio Contreras<\/a><\/p>\n<p class=\"cargo\">Periodista especializado en Cultura. Colaborador de Magazine en BioBioChile<\/p>\n<p><a href=\"https:\/\/www.biobiochile.cl\/noticias\/espectaculos-y-tv\/notas-espectaculos-tv\/2025\/12\/09\/mailto:econtreras@biobiochile.cl\" rel=\"nofollow noopener\" target=\"_blank\"><\/a><\/p>\n<p>            <img decoding=\"async\" class=\"post-image-principal\" src=\"https:\/\/www.europesays.com\/es\/wp-content\/uploads\/2025\/12\/revista-time-las-guerreras-del-k-pop-revelacion-del-ano-.jpg\" alt=\"Revista Time destaca a \u201cLas Guerreras del K-Pop\u2019 como Revelaci\u00f3n del A\u00f1o\"\/><\/p>\n<p>            <a href=\"https:\/\/media.biobiochile.cl\/wp-content\/uploads\/2025\/12\/social-revista-time-las-guerreras-del-k-pop-revelacion-del-ano-.jpg\" target=\"_blank\" rel=\"nofollow noopener\"><\/p>\n<p>            <\/a><\/p>\n<p>                            <img decoding=\"async\" class=\"imagen-icon\" src=\"https:\/\/www.europesays.com\/es\/wp-content\/uploads\/2025\/07\/icon.png\"\/><br \/>\n                             VER RESUMEN<\/p>\n<p>                                Resumen generado con una herramienta de Inteligencia Artificial desarrollada por BioBioChile y revisado por el autor de\u00a0este art\u00edculo.<\/p>\n<p>La pel\u00edcula animada &#8216;KPop Demon Hunters&#8217; se convirti\u00f3 en la m\u00e1s vista en la historia de Netflix, superando los 236 millones de visualizaciones en agosto, y fue destacada por la revista Time como la revelaci\u00f3n del a\u00f1o por su impacto cultural. Celebridades como Andy Samberg y Kelly Clarkson elogiaron la cinta, mientras que &#8216;Fortnite&#8217; incorpor\u00f3 accesorios de la pel\u00edcula. Novak Djokovic incluso bail\u00f3 una de sus canciones. La Dra. Becky Kennedy cre\u00f3 una gu\u00eda para verla con ni\u00f1os, y el elenco apareci\u00f3 en programas como &#8216;The Tonight Show&#8217; y &#8216;Saturday Night Live&#8217;. <\/p>\n<p>El fen\u00f3meno <strong>\u2018Las Guerreras del K-Pop\u2019 (\u2018KPop Demon Hunters\u2019)<\/strong>, la pel\u00edcula m\u00e1s reproducida en la historia de <strong>Netflix<\/strong>, fue destacada por la revista <strong>Time <\/strong>como la \u201crevelaci\u00f3n del a\u00f1o\u201d.<\/p>\n<p>El filme animado, que en agosto super\u00f3 las 236 millones de visualizaciones en streaming, fue destacado por la prestigiosa publicaci\u00f3n estadounidense por su impacto cultural e influencia en \u00e1mbitos usualmente ajenos al k-pop.<\/p>\n<p>\u201cCelebridades desde Andy Samberg a Kelly Clarkson declararon su amor por la pel\u00edcula, mientras que \u2018Fortnite\u2019 comenz\u00f3 a permitir a sus jugadores comprar accesorios de \u2018Demon Hunters\u2019 para sus personajes\u201d, describen desde Time.<\/p>\n<p><strong>\u201cNovak Djokovic bail\u00f3 su contagiosa pista \u2018Soda Pop\u2019 despu\u00e9s de ganar un partido de cuartos de final en el U.S. Open. <\/strong>La gur\u00fa de los padres\u2019, la Dra. Becky Kennedy, cre\u00f3 una gu\u00eda para ver la pel\u00edcula con los ni\u00f1os y la promovi\u00f3 a sus millones de seguidores de Instagram. Los miembros del elenco actuaron en \u2018The Tonight Show\u2019 e hicieron una aparici\u00f3n sorpresa en \u2018Saturday Night Live\u2019, en un boceto en el que el presentador Bad Bunny reprende a sus amigos por no entender la genialidad de la pel\u00edcula\u201d, agregan.<\/p>\n<p>La misma revista hace alusi\u00f3n a que los cinco disfraces de Halloween m\u00e1s buscados en Google este a\u00f1o fueron todos personajes de la pel\u00edcula, y al in\u00e9dito acuerdo entre <strong>Netflix, Mattel y Hasbro <\/strong>para producir juguetes.<\/p>\n<p><strong>\u201cNo creo que nadie en el mundo no sepa lo que es \u2018KPop Demon Hunters\u201d<\/strong>, afirm\u00f3 el productor estadounidense Dan Lin, quien supervisa para Netflix el \u00e9xito global de la pel\u00edcula.<\/p>\n<p>\u201cLos fans del K-pop fueron los primeros en difundir la pel\u00edcula. A ellos se unieron los fans del anime, que se estima que cuenta con m\u00e1s de mil millones de seguidores fuera de Jap\u00f3n y China, con un mercado global de aproximadamente 23 mil millones de d\u00f3lares en 2023. Ambos fandoms cuentan con dos ingredientes clave para su viralidad: son globales y est\u00e1n altamente digitalizados\u201d, detallan.<\/p>\n<blockquote class=\"instagram-media\" data-instgrm-permalink=\"https:\/\/www.instagram.com\/p\/DSC60SBkkWS\/?utm_source=ig_embed&amp;utm_campaign=loading\" data-instgrm-version=\"14\" style=\" background:#FFF; border:0; border-radius:3px; box-shadow:0 0 1px 0 rgba(0,0,0,0.5),0 1px 10px 0 rgba(0,0,0,0.15); margin: 1px; max-width:540px; min-width:326px; padding:0; width:99.375%; width:-webkit-calc(100% - 2px); width:calc(100% - 2px);\">\n<\/blockquote>\n<p class=\"google-text\">S\u00edguenos en Google News:<\/p>\n<p>                <a href=\"https:\/\/news.google.com\/publications\/CAAqBwgKMOnRrQsw9tzFAw?hl=es-419&amp;gl=CL&amp;ceid=CL%3Aes-419\" target=\"_blank\" rel=\"nofollow noopener\"><br \/>\n                    <img decoding=\"async\" src=\"https:\/\/www.europesays.com\/es\/wp-content\/uploads\/2025\/07\/logo_google_news.png\" alt=\"Logo Google News\"\/><br \/>\n                <\/a><\/p>\n<p>Suscr\u00edbete en nuestro canal de Whatsapp:<\/p>\n<p>                <a href=\"https:\/\/whatsapp.com\/channel\/0029Va59o6M2kNFwxfIND617\" target=\"_blank\" rel=\"nofollow noopener\"><br \/>\n                    <img decoding=\"async\" src=\"https:\/\/www.europesays.com\/es\/wp-content\/uploads\/2025\/07\/logo_whatsapp.png\" alt=\"Logo WhatsApp\"\/><br \/>\n                <\/a><\/p>\n<p>Suscr\u00edbete en nuestro canal de Youtube:<\/p>\n<p>                <a href=\"https:\/\/www.youtube.com\/@BioBioChile\" target=\"_blank\" rel=\"nofollow noopener\"><br \/>\n                    <img decoding=\"async\" src=\"https:\/\/www.europesays.com\/es\/wp-content\/uploads\/2025\/07\/logo_youtube.png\" alt=\"Logo Youtube\"\/><br \/>\n                <\/a><\/p>\n<p>    <a href=\"https:\/\/www.biobiochile.cl\/newsletter\/\" rel=\"nofollow noopener\" target=\"_blank\"><br \/>\n        <img decoding=\"async\" class=\"w-100 my-3\" src=\"https:\/\/www.europesays.com\/es\/wp-content\/uploads\/2025\/07\/escritorio-nota.png\"\/><br \/>\n    <\/a>    <\/p>\n<p>\n  primary:<br \/>\n  espectaculos-y-tv<br \/>\n  espectaculos\n<\/p>\n<p>                    <script async src=\"\/\/www.instagram.com\/embed.js\"><\/script><\/p>\n","protected":false},"excerpt":{"rendered":"ENVIAR Enviando correcci\u00f3n, espere un momento&#8230; \u00d7 Por favor complete todos los campos y haga check para certificar&hellip;\n","protected":false},"author":2,"featured_media":279832,"comment_status":"","ping_status":"","sticky":false,"template":"","format":"standard","meta":{"footnotes":""},"categories":[170],"tags":[67886,21889,1282,67887,37259,67888,146,147,25,24,67889,57712,5003,45315,54084,4536,17238,25993,54083,184,185,152,547,7432,10140,67890,23,67891,522,67892,15153],"class_list":{"0":"post-279831","1":"post","2":"type-post","3":"status-publish","4":"format-standard","5":"has-post-thumbnail","7":"category-musica","8":"tag-andy-samberg","9":"tag-anime","10":"tag-bad-bunny","11":"tag-dan-lin","12":"tag-digitalizacion","13":"tag-dr-becky-kennedy","14":"tag-entertainment","15":"tag-entretenimiento","16":"tag-es","17":"tag-espana","18":"tag-fandoms","19":"tag-fortnite","20":"tag-google","21":"tag-halloween","22":"tag-hasbro","23":"tag-instagram","24":"tag-kelly-clarkson","25":"tag-kpop-demon-hunters","26":"tag-mattel","27":"tag-music","28":"tag-musica","29":"tag-netflix","30":"tag-novak-djokovic","31":"tag-saturday-night-live","32":"tag-seleccion-tendencias","33":"tag-soda-pop","34":"tag-spain","35":"tag-the-tonight-show","36":"tag-time","37":"tag-u-s-open","38":"tag-viralidad"},"share_on_mastodon":{"url":"https:\/\/pubeurope.com\/@es\/115690964329838640","error":""},"_links":{"self":[{"href":"https:\/\/www.europesays.com\/es\/wp-json\/wp\/v2\/posts\/279831","targetHints":{"allow":["GET"]}}],"collection":[{"href":"https:\/\/www.europesays.com\/es\/wp-json\/wp\/v2\/posts"}],"about":[{"href":"https:\/\/www.europesays.com\/es\/wp-json\/wp\/v2\/types\/post"}],"author":[{"embeddable":true,"href":"https:\/\/www.europesays.com\/es\/wp-json\/wp\/v2\/users\/2"}],"replies":[{"embeddable":true,"href":"https:\/\/www.europesays.com\/es\/wp-json\/wp\/v2\/comments?post=279831"}],"version-history":[{"count":0,"href":"https:\/\/www.europesays.com\/es\/wp-json\/wp\/v2\/posts\/279831\/revisions"}],"wp:featuredmedia":[{"embeddable":true,"href":"https:\/\/www.europesays.com\/es\/wp-json\/wp\/v2\/media\/279832"}],"wp:attachment":[{"href":"https:\/\/www.europesays.com\/es\/wp-json\/wp\/v2\/media?parent=279831"}],"wp:term":[{"taxonomy":"category","embeddable":true,"href":"https:\/\/www.europesays.com\/es\/wp-json\/wp\/v2\/categories?post=279831"},{"taxonomy":"post_tag","embeddable":true,"href":"https:\/\/www.europesays.com\/es\/wp-json\/wp\/v2\/tags?post=279831"}],"curies":[{"name":"wp","href":"https:\/\/api.w.org\/{rel}","templated":true}]}}