{"id":279845,"date":"2025-12-09T18:18:13","date_gmt":"2025-12-09T18:18:13","guid":{"rendered":"https:\/\/www.europesays.com\/es\/279845\/"},"modified":"2025-12-09T18:18:13","modified_gmt":"2025-12-09T18:18:13","slug":"los-enfrentamientos-fronterizos-se-extienden-entre-tailandia-y-camboya","status":"publish","type":"post","link":"https:\/\/www.europesays.com\/es\/279845\/","title":{"rendered":"Los enfrentamientos fronterizos se extienden entre Tailandia y Camboya"},"content":{"rendered":"<p>    <img src=\"https:\/\/www.europesays.com\/es\/wp-content\/uploads\/2025\/12\/1765304293_708_2025-12-08T033A503A46Z-90599855.jpg\" width=\"1024\" height=\"682\" alt=\"\" loading=\"eager\" decoding=\"sync\" fetchpriority=\"high\"\/><\/p>\n<p>            afp_tickers        <\/p>\n<p>        Este contenido fue publicado en    <\/p>\n<p>        09 diciembre 2025 &#8211; 17:51\n<\/p>\n<p>Pese a los llamamientos internacionales a la moderaci\u00f3n, los enfrentamientos se extendieron el martes a lo largo de la frontera entre Tailandia y Camboya, donde el balance total asciende a diez muertos y cerca de 150.000 desplazados.<\/p>\n<p>Los dos vecinos del sudeste asi\u00e1tico se acusan mutuamente de haber desencadenado la reanudaci\u00f3n de los combates el domingo por la noche, menos de dos meses despu\u00e9s de un acuerdo de alto el fuego firmado junto con el presidente estadounidense Donald Trump.<\/p>\n<p>El ej\u00e9rcito tailand\u00e9s atac\u00f3 el martes la provincia fronteriza de Banteay Meanchey, \u00abresultando en la muerte de dos civiles que viajaban por la Carretera Nacional 56 debido a los bombardeos\u00bb, indic\u00f3 el Ministerio de Defensa camboyano en Facebook.<\/p>\n<p>La portavoz ministerial Maly Socheata dijo posteriormente a periodistas que hasta la ma\u00f1ana del martes hab\u00edan muerto siete civiles camboyanos y unos 20 resultaron heridos en los ataques tailandeses.<\/p>\n<p>Horas m\u00e1s tarde, el ej\u00e9rcito tailand\u00e9s anunci\u00f3 en un comunicado la muerte de dos de sus soldados, que se suman a otro fallecido la v\u00edspera.<\/p>\n<p>Hasta ahora, Camboya afirmaba no haber respondido a los ataques de Tailandia, que el lunes llev\u00f3 a cabo bombardeos a\u00e9reos y despleg\u00f3 tanques en las zonas fronterizas.<\/p>\n<p>Pero el influyente ex primer ministro de Camboya Hun Sen anunci\u00f3 el martes que su pa\u00eds tom\u00f3 represalias \u00abdespu\u00e9s de haber sido pacientes por m\u00e1s de 24 horas para respetar el alto el fuego y tener tiempo de poner a salvo a la poblaci\u00f3n\u00bb.<\/p>\n<p>\u00abTailandia debe apoyar firmemente a quienes protegen nuestra soberan\u00eda. No podemos detenernos ahora\u00bb, afirm\u00f3 por su parte el primer ministro tailand\u00e9s, Anutin Charnvirakul, sin mostrar signos de apaciguamiento.<\/p>\n<p>\u2013 M\u00e1s de 140.000 desplazados \u2013<\/p>\n<p>La disputa entre ambos vecinos se centra en un desacuerdo centenario sobre las fronteras trazadas durante el dominio colonial franc\u00e9s en la regi\u00f3n. Tanto Tailandia como Camboya reclaman la soberan\u00eda sobre varios templos antiguos en la zona lim\u00edtrofe.<\/p>\n<p>Los dos pa\u00edses mantuvieron cinco d\u00edas de combates en julio que dejaron 43 muertos y unos 300.000 desplazados antes de la entrada en vigor de una tregua.<\/p>\n<p>Este alto al fuego se ratific\u00f3 en un acuerdo a finales de octubre impulsado por el presidente estadounidense Donald Trump, pero fue suspendido por Tailandia semanas despu\u00e9s por el estallido de una mina que hiri\u00f3 a varios soldados.<\/p>\n<p>En un comunicado, el secretario de Estado de Estados Unidos, Marco Rubio, pidi\u00f3 este martes el \u00abcese inmediato de las hostilidades, la protecci\u00f3n de los civiles y el regreso de ambas partes\u00bb al acuerdo de paz.<\/p>\n<p>La Uni\u00f3n Europea hizo un llamamiento el lunes a \u00abla m\u00e1xima moderaci\u00f3n\u00bb, mientras que el secretario general de la ONU, Antonio Guterres, inst\u00f3 a ambas partes a \u00abrenovar su compromiso con el alto el fuego\u00bb.<\/p>\n<p>Decenas de miles de personas han sido evacuadas desde el inicio de los nuevos enfrentamientos las regiones fronterizas: unas 125.000 del lado tailand\u00e9s y m\u00e1s de 21.000 del lado camboyano, seg\u00fan las autoridades.<\/p>\n<p>Poan Hay, una camboyana de 55 a\u00f1os, abandon\u00f3 apresuradamente su casa con sus familiares, entre ellos tres ni\u00f1os peque\u00f1os, en cuanto oy\u00f3 disparos.<\/p>\n<p>\u00abEs la cuarta vez que tengo que huir\u00bb, cont\u00f3 a AFP desde una pagoda de la provincia de Siem Reap. \u00abNo s\u00e9 cu\u00e1ndo podr\u00e9 volver. Llevo cinco meses durmiendo muy poco, estaba preocupada por nuestra seguridad\u00bb.<\/p>\n<p>En la provincia tailandesa de Surin, Sutida Pusa, gerente de una peque\u00f1a tienda de comestibles, dud\u00f3 antes de evacuar su pueblo, situado a unos veinte kil\u00f3metros de la frontera.<\/p>\n<p>\u00abPrimero quer\u00eda ver la situaci\u00f3n por m\u00ed misma, porque los combates no son tan ruidosos como en julio\u00bb, dijo a AFP esta mujer de 30 a\u00f1os. \u00abNo siempre confiamos en lo que nos dicen\u00bb.<\/p>\n<p>burs-sco\/mas\/dbh\/pc\/hgs\/ad\/mas\/cr\/meb\/hgs\/mb<\/p>\n","protected":false},"excerpt":{"rendered":"afp_tickers Este contenido fue publicado en 09 diciembre 2025 &#8211; 17:51 Pese a los llamamientos internacionales a la&hellip;\n","protected":false},"author":2,"featured_media":279846,"comment_status":"","ping_status":"","sticky":false,"template":"","format":"standard","meta":{"footnotes":""},"categories":[42],"tags":[635,17,18,636,83,13,14,11,61,62,63,86,64,19,20,9,10,15,16,88,90,12,21,22,65,66,67],"class_list":{"0":"post-279845","1":"post","2":"type-post","3":"status-publish","4":"format-standard","5":"has-post-thumbnail","7":"category-internacional","8":"tag-armed-conflict","9":"tag-breaking-news","10":"tag-breakingnews","11":"tag-conflict","12":"tag-diplomacy","13":"tag-featured-news","14":"tag-featurednews","15":"tag-headlines","16":"tag-internacional","17":"tag-international","18":"tag-international-news","19":"tag-international-relations","20":"tag-internationalnews","21":"tag-latest-news","22":"tag-latestnews","23":"tag-news","24":"tag-noticias","25":"tag-noticias-destacadas","26":"tag-noticiasdestacadas","27":"tag-politics","28":"tag-ticker","29":"tag-titulares","30":"tag-ultimas-noticias","31":"tag-ultimasnoticias","32":"tag-world","33":"tag-world-news","34":"tag-worldnews"},"share_on_mastodon":{"url":"https:\/\/pubeurope.com\/@es\/115690989746490008","error":""},"_links":{"self":[{"href":"https:\/\/www.europesays.com\/es\/wp-json\/wp\/v2\/posts\/279845","targetHints":{"allow":["GET"]}}],"collection":[{"href":"https:\/\/www.europesays.com\/es\/wp-json\/wp\/v2\/posts"}],"about":[{"href":"https:\/\/www.europesays.com\/es\/wp-json\/wp\/v2\/types\/post"}],"author":[{"embeddable":true,"href":"https:\/\/www.europesays.com\/es\/wp-json\/wp\/v2\/users\/2"}],"replies":[{"embeddable":true,"href":"https:\/\/www.europesays.com\/es\/wp-json\/wp\/v2\/comments?post=279845"}],"version-history":[{"count":0,"href":"https:\/\/www.europesays.com\/es\/wp-json\/wp\/v2\/posts\/279845\/revisions"}],"wp:featuredmedia":[{"embeddable":true,"href":"https:\/\/www.europesays.com\/es\/wp-json\/wp\/v2\/media\/279846"}],"wp:attachment":[{"href":"https:\/\/www.europesays.com\/es\/wp-json\/wp\/v2\/media?parent=279845"}],"wp:term":[{"taxonomy":"category","embeddable":true,"href":"https:\/\/www.europesays.com\/es\/wp-json\/wp\/v2\/categories?post=279845"},{"taxonomy":"post_tag","embeddable":true,"href":"https:\/\/www.europesays.com\/es\/wp-json\/wp\/v2\/tags?post=279845"}],"curies":[{"name":"wp","href":"https:\/\/api.w.org\/{rel}","templated":true}]}}