{"id":279854,"date":"2025-12-09T18:28:11","date_gmt":"2025-12-09T18:28:11","guid":{"rendered":"https:\/\/www.europesays.com\/es\/279854\/"},"modified":"2025-12-09T18:28:11","modified_gmt":"2025-12-09T18:28:11","slug":"nos-enfrentamos-a-uno-de-los-mejores-equipos-de-la-competicion","status":"publish","type":"post","link":"https:\/\/www.europesays.com\/es\/279854\/","title":{"rendered":"Nos enfrentamos a uno de los mejores equipos de la competici\u00f3n"},"content":{"rendered":"<p class=\"paragraph\">\u00abNos enfrentamos a uno de los mejores conjuntos de la competici\u00f3n\u00bb, advirti\u00f3 este martes <b>el entrenador del Casademont Zaragoza, Jes\u00fas Ram\u00edrez. <\/b>Su equipo c<a href=\"https:\/\/www.heraldo.es\/noticias\/deportes\/baloncesto\/2025\/12\/08\/horario-donde-ver-gratis-partido-casademont-zaragoza-peristeri-1876946.html\" title=\"Horario y d\u00f3nde ver gratis el partido Casademont Zaragoza-Peristeri\" rel=\"nofollow noopener\" target=\"_blank\">omienza este mi\u00e9rcoles la segunda fase de la FIBA Europe Cup, <\/a>con un \u00abexigente\u00bb y \u00abbonito\u00bb duelo ante el Peristeri griego. \u00abSe trata de un equipo t\u00e1ctico, con muchas herramientas\u00bb, a\u00f1adi\u00f3 el t\u00e9cnico, quien habl\u00f3 de la necesidad de \u00abestar concentrados durante los 40 minutos\u00bb para sacar adelante el compromiso ante los helenos.<\/p>\n<p class=\"paragraph\">\u00abAfrontamos esta ronda con ambici\u00f3n\u00bb, record\u00f3 el entrenador del equipo aragon\u00e9s. \u00abY para seguir avanzando,\u00a0<b>los partidos de casa son muy importantes, <\/b>si es que no son finales\u00bb, analiz\u00f3.\u00a0<\/p>\n<p class=\"paragraph\">El conjunto zaragozano se presenta a la cita tras haber superado al Granada, el pasado s\u00e1bado, en su compromiso m\u00e1s reciente. Sum\u00f3, de esta forma,<b> su tercera victoria de la temporada en la Liga Endesa.<\/b> \u00abDimos un paso adelante en cuanto a correr, en ir a campo abierto y en compartir el bal\u00f3n. Si en Tenerife hubo tramos en los que nos atascamos ofensivamente, en Granada todo eso s\u00ed que lo hicimos muy bien. Sin embargo, todav\u00eda quedan aspectos que mejorar, como nuestra salida de la presi\u00f3n\u201d, confes\u00f3 Ram\u00edrez.\u00a0<\/p>\n<p>Un rival exigente<\/p>\n<p class=\"paragraph\">Respecto al Peristeri, el t\u00e9cnico del Casademont no s\u00f3lo destac\u00f3 \u00abel potencial ofensivo\u00bb de los helenos, sino que tambi\u00e9n insisti\u00f3 en la \u00absolvencia defensiva\u00bb de un adversario que <b>\u00abcuenta con el mejor taponador de la FIBA Europe Cup\u00bb. <\/b>\u00abEs un equipo que lo est\u00e1 haciendo muy bien en la Liga de su pa\u00eds\u00bb, record\u00f3 Ram\u00edrez sobre un rival que ocupa la cuarta posici\u00f3n en Grecia, con cinco triunfos en ocho partidos, y que tiene por delante solamente al Olympiacos, al Panathinaikos y al PAOK.\u00a0 \u00a0<\/p>\n<p class=\"paragraph\">Pese la exigencia del duelo, el Casademont tendr\u00e1<b> \u201cun ojo puesto en el fin de semana\u201d, <\/b>donde los zaragozanos visitar\u00e1n la pista del l\u00edder, el Valencia Basket, en el choque correspondiente a la d\u00e9cima jornada de la Liga Endesa. \u00abEn ocasiones, el rival con el que juega el mi\u00e9rcoles te permite avanzar tambi\u00e9n en la preparaci\u00f3n del siguiente encuentro\u00bb, destac\u00f3 el t\u00e9cnico del conjunto aragon\u00e9s, quien busca una mayor regularidad en sus jugadores:\u00a0\u201cMi trabajo tambi\u00e9n implica que no nos relajemos, que demos un paso en confianza y en determinaci\u00f3n\u201d, admiti\u00f3.\u00a0<\/p>\n","protected":false},"excerpt":{"rendered":"\u00abNos enfrentamos a uno de los mejores conjuntos de la competici\u00f3n\u00bb, advirti\u00f3 este martes el entrenador del Casademont&hellip;\n","protected":false},"author":2,"featured_media":279855,"comment_status":"","ping_status":"","sticky":false,"template":"","format":"standard","meta":{"footnotes":""},"categories":[269],"tags":[299,298,2511,168,2226,25,24,5782,4794,23,167,491],"class_list":{"0":"post-279854","1":"post","2":"type-post","3":"status-publish","4":"format-standard","5":"has-post-thumbnail","7":"category-baloncesto","8":"tag-baloncesto","9":"tag-basketball","10":"tag-casademont","11":"tag-deportes","12":"tag-entrenador","13":"tag-es","14":"tag-espana","15":"tag-jesus","16":"tag-ramirez","17":"tag-spain","18":"tag-sports","19":"tag-zaragoza"},"share_on_mastodon":{"url":"https:\/\/pubeurope.com\/@es\/115691029160493117","error":""},"_links":{"self":[{"href":"https:\/\/www.europesays.com\/es\/wp-json\/wp\/v2\/posts\/279854","targetHints":{"allow":["GET"]}}],"collection":[{"href":"https:\/\/www.europesays.com\/es\/wp-json\/wp\/v2\/posts"}],"about":[{"href":"https:\/\/www.europesays.com\/es\/wp-json\/wp\/v2\/types\/post"}],"author":[{"embeddable":true,"href":"https:\/\/www.europesays.com\/es\/wp-json\/wp\/v2\/users\/2"}],"replies":[{"embeddable":true,"href":"https:\/\/www.europesays.com\/es\/wp-json\/wp\/v2\/comments?post=279854"}],"version-history":[{"count":0,"href":"https:\/\/www.europesays.com\/es\/wp-json\/wp\/v2\/posts\/279854\/revisions"}],"wp:featuredmedia":[{"embeddable":true,"href":"https:\/\/www.europesays.com\/es\/wp-json\/wp\/v2\/media\/279855"}],"wp:attachment":[{"href":"https:\/\/www.europesays.com\/es\/wp-json\/wp\/v2\/media?parent=279854"}],"wp:term":[{"taxonomy":"category","embeddable":true,"href":"https:\/\/www.europesays.com\/es\/wp-json\/wp\/v2\/categories?post=279854"},{"taxonomy":"post_tag","embeddable":true,"href":"https:\/\/www.europesays.com\/es\/wp-json\/wp\/v2\/tags?post=279854"}],"curies":[{"name":"wp","href":"https:\/\/api.w.org\/{rel}","templated":true}]}}