{"id":279856,"date":"2025-12-09T18:29:13","date_gmt":"2025-12-09T18:29:13","guid":{"rendered":"https:\/\/www.europesays.com\/es\/279856\/"},"modified":"2025-12-09T18:29:13","modified_gmt":"2025-12-09T18:29:13","slug":"el-acta-del-malaga-zaragoza-un-hijo-de-p-lanzamiento-de-botellas-y-tangana","status":"publish","type":"post","link":"https:\/\/www.europesays.com\/es\/279856\/","title":{"rendered":"El acta del M\u00e1laga &#8211; Zaragoza: un \u201chijo de p***\u201d, lanzamiento de botellas y tangana"},"content":{"rendered":"<p>\t\tCompartir esta publicaci\u00f3n\t\t\t\t\t<\/p>\n<p>El<a href=\"https:\/\/www.merchanendirecto.es\/malaga-cf\/cronica-jornada-17-malaga-zaragoza-1\/\" target=\"_blank\" rel=\"noopener nofollow\"> M\u00e1laga CF 1-1 Real Zaragoza<\/a> de este lunes con el que se cerr\u00f3 la<strong> jornada 17 de LaLiga Hypermotion<\/strong> cont\u00f3 con un <strong>tiempo de descuento<\/strong> en el que se dieron m\u00faltiples sucesos negativos que han quedado reflejados en el<strong> acta de German Cid Camacho.<\/strong> El <a href=\"https:\/\/www.merchanendirecto.es\/malaga-cf\/indignacion-penalti-recio\/\" target=\"_blank\" rel=\"noopener nofollow\">penalti de \u00c1ngel Recio que el \u00e1rbitro se\u00f1al\u00f3 sobre Pablo Ins\u00faa<\/a> calent\u00f3 el ambiente. Una vez que este fue transformado por <strong>Dani G\u00f3mez<\/strong>, el <a href=\"http:\/\/malagacf.com\" target=\"_blank\" rel=\"noopener nofollow\">M\u00e1laga<\/a> a la desesperada busc\u00f3 con ansia el \u00e1rea de <strong>Andrada<\/strong>, quien con sus p\u00e9rdidas de tiempo calent\u00f3 al<strong> Fondo Sur<\/strong> del M\u00e1laga CF y desat\u00f3 una tangana tras el pitido final.<\/p>\n<p>Corr\u00eda el<strong> minuto 98 d<\/strong>e partido cuando el meta del Real Zaragoza vio la<strong> cartulina amarilla por perder tiempo<\/strong> tras buscar direcci\u00f3n al c\u00f3rner un bal\u00f3n con evidente intenci\u00f3n de rascar segundos en el cron\u00f3metro, teniendo otro m\u00e1s cerca para sacar de porter\u00eda. Esto provoc\u00f3 el <strong>lanzamiento de botellas de pl\u00e1stico desde el Fondo Sur<\/strong> que el \u00e1rbitro vio, recogi\u00f3, llev\u00f3 al delegado de campo y oblig\u00f3 a detener el partido hasta el aviso por megafon\u00eda, tal y como indica el protocolo. En el acta, Cid Camacho anot\u00f3 lo siguiente:<\/p>\n<p><img fetchpriority=\"high\" decoding=\"async\" class=\"alignnone size-large wp-image-389726\" src=\"https:\/\/www.europesays.com\/es\/wp-content\/uploads\/2025\/12\/acta-malaga-cf-real-zaragoza--1024x160.png\" alt=\"acta malaga cf real zaragoza\" width=\"1024\" height=\"160\" title=\"El acta del M\u00e1laga - Zaragoza: un \u201chijo de p***\u201d, lanzamiento de botellas y tangana 1\"  \/><\/p>\n<p>Posterior a este suceso, tras el pitido final, Andrada se gir\u00f3 hacia dicho fondo con alg\u00fan gesto, lo que provoc\u00f3 que <strong>Carlos Dotor<\/strong> saltase al c\u00e9sped a recriminarle dicha conducta. Form\u00e1ndose as\u00ed una tangana que termin\u00f3 con varios sancionados. El centrocampista malaguista vio la cartulina amarilla por este hecho, pero no fue el \u00fanico que recibi\u00f3 tarjeta. Tal y como refleja en el acta el colegiado, este <strong>expuls\u00f3 al delantero del cuadro ma\u00f1o, Sinan Bakis<\/strong>, que ni siquiera disput\u00f3 un minuto en el partido <strong>por dirigirse a un jugador del M\u00e1laga CF en el t\u00e9rmino \u2018hijo de puta\u2019.\u00a0<\/strong><\/p>\n<p><img fetchpriority=\"high\" decoding=\"async\" class=\"alignnone size-large wp-image-389726\" src=\"https:\/\/www.europesays.com\/es\/wp-content\/uploads\/2025\/12\/acta-malaga-cf-real-zaragoza--1024x160.png\" alt=\"acta malaga cf real zaragoza\" width=\"1024\" height=\"160\" title=\"El acta del M\u00e1laga - Zaragoza: un \u201chijo de p***\u201d, lanzamiento de botellas y tangana 1\"  \/><\/p>\n<p class=\"auto-featured-caption\">Foto: Jos\u00e9 Manuel Campos<\/p>\n","protected":false},"excerpt":{"rendered":"Compartir esta publicaci\u00f3n El M\u00e1laga CF 1-1 Real Zaragoza de este lunes con el que se cerr\u00f3 la&hellip;\n","protected":false},"author":2,"featured_media":279857,"comment_status":"","ping_status":"","sticky":false,"template":"","format":"standard","meta":{"footnotes":""},"categories":[268],"tags":[168,25,24,280,282,281,23,167],"class_list":{"0":"post-279856","1":"post","2":"type-post","3":"status-publish","4":"format-standard","5":"has-post-thumbnail","7":"category-futbol","8":"tag-deportes","9":"tag-es","10":"tag-espana","11":"tag-football","12":"tag-futbol","13":"tag-soccer","14":"tag-spain","15":"tag-sports"},"share_on_mastodon":{"url":"https:\/\/pubeurope.com\/@es\/115691033791111091","error":""},"_links":{"self":[{"href":"https:\/\/www.europesays.com\/es\/wp-json\/wp\/v2\/posts\/279856","targetHints":{"allow":["GET"]}}],"collection":[{"href":"https:\/\/www.europesays.com\/es\/wp-json\/wp\/v2\/posts"}],"about":[{"href":"https:\/\/www.europesays.com\/es\/wp-json\/wp\/v2\/types\/post"}],"author":[{"embeddable":true,"href":"https:\/\/www.europesays.com\/es\/wp-json\/wp\/v2\/users\/2"}],"replies":[{"embeddable":true,"href":"https:\/\/www.europesays.com\/es\/wp-json\/wp\/v2\/comments?post=279856"}],"version-history":[{"count":0,"href":"https:\/\/www.europesays.com\/es\/wp-json\/wp\/v2\/posts\/279856\/revisions"}],"wp:featuredmedia":[{"embeddable":true,"href":"https:\/\/www.europesays.com\/es\/wp-json\/wp\/v2\/media\/279857"}],"wp:attachment":[{"href":"https:\/\/www.europesays.com\/es\/wp-json\/wp\/v2\/media?parent=279856"}],"wp:term":[{"taxonomy":"category","embeddable":true,"href":"https:\/\/www.europesays.com\/es\/wp-json\/wp\/v2\/categories?post=279856"},{"taxonomy":"post_tag","embeddable":true,"href":"https:\/\/www.europesays.com\/es\/wp-json\/wp\/v2\/tags?post=279856"}],"curies":[{"name":"wp","href":"https:\/\/api.w.org\/{rel}","templated":true}]}}