{"id":279858,"date":"2025-12-09T18:30:07","date_gmt":"2025-12-09T18:30:07","guid":{"rendered":"https:\/\/www.europesays.com\/es\/279858\/"},"modified":"2025-12-09T18:30:07","modified_gmt":"2025-12-09T18:30:07","slug":"jessica-bueno-contesta-tajante-a-jota-peleteiro-sobre-su-hijo-fran","status":"publish","type":"post","link":"https:\/\/www.europesays.com\/es\/279858\/","title":{"rendered":"Jessica Bueno contesta tajante a Jota Peleteiro sobre su hijo Fran"},"content":{"rendered":"<p class=\"v-mdl-ath__p v-mdl-ath__p--6\">\nMartes, 9 de diciembre 2025, 16:48<\/p>\n<p class=\"v-p\">Jessica Bueno ha sido tajante en su respuesta a las declaraciones que el pasado viernes Jota Peleteiro hizo sobre la relaci\u00f3n que mantiene con su primog\u00e9nito, Fran, fruto de su romance con Kiko Rivera. El menor ten\u00eda apenas seis meses cuando la modelo y el futbolista comenzaron su convivencia. El matrimonio tuvo otros dos hijos y los tres se criaron como hermanos. De hecho, Peleteiro asegur\u00f3 que \u00ablo que yo he pagado en mes y medio lo ha pagado \u00e9l (en alusi\u00f3n a Kiko) en doce a\u00f1os\u00bb, en referencia al desinter\u00e9s que habr\u00eda tenido el hijo de Isabel Pantoja respecto a su primog\u00e9nito. En esa misma l\u00ednea, afirm\u00f3 que no solo no pagaba, sino que hubo meses en los que ni siquiera llam\u00f3 por tel\u00e9fono al ni\u00f1o. <\/p>\n<p class=\"v-p\">Sin embargo, tras la separaci\u00f3n de Jessica Bueno, el deportista confes\u00f3 durante la entrevista que concedi\u00f3 en &#8216;\u00a1De Viernes!&#8217; que la relaci\u00f3n entre ellos se hab\u00eda enfriado. A este respecto, la modelo ha sido clara: \u00abEl cari\u00f1o y respeto de un ni\u00f1o hay que gan\u00e1rselos\u00bb, ha expresado. \u00abEs un ni\u00f1o mayor que\u00a0se va haciendo adolescente y\u00a0va siendo consciente de todo\u00bb, ha subrayado. Sobre las revelaciones que hizo sobre el convenio alcanzado por la expareja que tiene dos hijos en com\u00fan, no ha querido hacer ninguna valoraci\u00f3n. \u00abTodo el mundo queda retratado con sus actos, no tengo nada m\u00e1s que decir\u00a0al respecto\u00bb, ha zanjado.<\/p>\n<p>Reporta un error<\/p>\n","protected":false},"excerpt":{"rendered":"Martes, 9 de diciembre 2025, 16:48 Jessica Bueno ha sido tajante en su respuesta a las declaraciones que&hellip;\n","protected":false},"author":2,"featured_media":279859,"comment_status":"","ping_status":"","sticky":false,"template":"","format":"standard","meta":{"footnotes":""},"categories":[174],"tags":[5133,255,53023,146,147,25,24,256,7410,30,5132,9174,9175,57,23,7725],"class_list":{"0":"post-279858","1":"post","2":"type-post","3":"status-publish","4":"format-standard","5":"has-post-thumbnail","7":"category-famosos","8":"tag-bueno","9":"tag-celebrities","10":"tag-contesta","11":"tag-entertainment","12":"tag-entretenimiento","13":"tag-es","14":"tag-espana","15":"tag-famosos","16":"tag-fran","17":"tag-hijo","18":"tag-jessica","19":"tag-jota","20":"tag-peleteiro","21":"tag-sobre","22":"tag-spain","23":"tag-tajante"},"share_on_mastodon":{"url":"","error":""},"_links":{"self":[{"href":"https:\/\/www.europesays.com\/es\/wp-json\/wp\/v2\/posts\/279858","targetHints":{"allow":["GET"]}}],"collection":[{"href":"https:\/\/www.europesays.com\/es\/wp-json\/wp\/v2\/posts"}],"about":[{"href":"https:\/\/www.europesays.com\/es\/wp-json\/wp\/v2\/types\/post"}],"author":[{"embeddable":true,"href":"https:\/\/www.europesays.com\/es\/wp-json\/wp\/v2\/users\/2"}],"replies":[{"embeddable":true,"href":"https:\/\/www.europesays.com\/es\/wp-json\/wp\/v2\/comments?post=279858"}],"version-history":[{"count":0,"href":"https:\/\/www.europesays.com\/es\/wp-json\/wp\/v2\/posts\/279858\/revisions"}],"wp:featuredmedia":[{"embeddable":true,"href":"https:\/\/www.europesays.com\/es\/wp-json\/wp\/v2\/media\/279859"}],"wp:attachment":[{"href":"https:\/\/www.europesays.com\/es\/wp-json\/wp\/v2\/media?parent=279858"}],"wp:term":[{"taxonomy":"category","embeddable":true,"href":"https:\/\/www.europesays.com\/es\/wp-json\/wp\/v2\/categories?post=279858"},{"taxonomy":"post_tag","embeddable":true,"href":"https:\/\/www.europesays.com\/es\/wp-json\/wp\/v2\/tags?post=279858"}],"curies":[{"name":"wp","href":"https:\/\/api.w.org\/{rel}","templated":true}]}}