{"id":27986,"date":"2025-08-05T20:43:09","date_gmt":"2025-08-05T20:43:09","guid":{"rendered":"https:\/\/www.europesays.com\/es\/27986\/"},"modified":"2025-08-05T20:43:09","modified_gmt":"2025-08-05T20:43:09","slug":"steve-harris-elige-la-mejor-cancion-de-iron-maiden","status":"publish","type":"post","link":"https:\/\/www.europesays.com\/es\/27986\/","title":{"rendered":"Steve Harris elige la mejor canci\u00f3n de Iron Maiden"},"content":{"rendered":"<p><strong>Iron Maiden<\/strong> tiene una carrera de 50 a\u00f1os de trayectoria y su propuesta musical es lo que los ha ubicado en lo m\u00e1s alto del heavy metal. La banda nunca falta en las listas de las mejores agrupaciones del g\u00e9nero, sus \u00e1lbumes son de los m\u00e1s ic\u00f3nicos de la historia del metal, sus canciones siguen enamorando a fans de todo el mundo y tambi\u00e9n ofrecen un show inolvidable con gran despliegue esc\u00e9nico.<\/p>\n<p>Con una discograf\u00eda de m\u00e1s de 15 \u00e1lbumes, resulta dif\u00edcil pensar en elegir una sola canci\u00f3n, pero eso fue lo que tuvo que hacer <strong>Steve Harris<\/strong>, bajista, fundador y compositor de la banda. Harris es considerado uno de los mejores bajistas del metal y ha sido el principal impulsor de Maiden, ya que sus funciones no solo se han ce\u00f1ido a la m\u00fasica, sino tambi\u00e9n a la producci\u00f3n de \u00e1lbumes, direcci\u00f3n de videos y m\u00e1s.<\/p>\n<p><img loading=\"lazy\" decoding=\"async\" width=\"1200\" height=\"800\" src=\"https:\/\/www.europesays.com\/es\/wp-content\/uploads\/2025\/08\/iron-maiden.jpg\" alt=\"Iron Maiden.\" class=\"wp-image-394242\"  \/>Iron Maiden.<\/p>\n<p>Seg\u00fan recogieron desde Far Out Magazine, el tambi\u00e9n tecladista <strong>se vio en la tarea de elegir su canci\u00f3n favorita<\/strong> <strong>de <a href=\"https:\/\/indiehoy.com\/recitales\/coberturas\/iron-maiden-argentina-clase-maestra-resistencia-metalera\/\" target=\"_blank\" rel=\"noreferrer noopener nofollow\">Iron Maiden<\/a><\/strong>, aunque reconoci\u00f3 que era una decisi\u00f3n dif\u00edcil, dada la cantidad de temas que ha compuesto desde 1975: \u00abEs dif\u00edcil de responder porque hay tantas canciones que escrib\u00ed. No s\u00e9 cu\u00e1ntas compuse, pero tienen que ser al menos m\u00e1s de 150 canciones a trav\u00e9s de los a\u00f1os\u00bb, dijo.<\/p>\n<p>Sin embargo, <strong>se decidi\u00f3 por \u201cThe Evil That Men Do\u201d, el tema de 1988 incluido en el \u00e1lbum Seventh Son of a Seventh Son<\/strong>, y explic\u00f3 sus razones: \u201cCreo que ser\u00eda mejor elegir una canci\u00f3n que est\u00e9 escrita por los tres. <strong>Elegir\u00eda alguna como \u2018The Evil That Men Do\u2019, que est\u00e1 compuesta por nosotros tres. Somos los compositores principales<\/strong>\u201d, dijo, haciendo referencia a <strong>Adrian Smith<\/strong>, <strong><a href=\"https:\/\/indiehoy.com\/historias\/bruce-dickinson-elige-las-2-canciones-que-definen-el-rock-and-roll\/\" target=\"_blank\" rel=\"noreferrer noopener nofollow\">Bruce Dickinson<\/a><\/strong> y \u00e9l mismo.<\/p>\n<p><strong>El pedido de Iron Maiden para los fans que van a sus shows<\/strong><\/p>\n<p id=\"tw-target-text\">Actualmente, Iron Maiden se encuentra desarrollando la gira mundial \u00abRun For Your Lives\u00bb, que marca el 50\u00ba aniversario de la formaci\u00f3n de la banda a finales de 1975 y ofrece un repertorio que recorre los nueve primeros \u00e1lbumes de estudio, desde Iron Maiden hasta Fear of the Dark, \u00ab\u00a1con su espect\u00e1culo m\u00e1s espectacular y elaborado hasta la fecha!\u00bb, revelaron en un comunicado.<\/p>\n<p>As\u00ed, <a href=\"https:\/\/indiehoy.com\/noticias\/el-pedido-de-iron-maiden-para-los-fans-que-vayan-a-sus-shows\/\" target=\"_blank\" rel=\"noreferrer noopener nofollow\">hicieron un pedido especial a quienes asistan a las diferentes paradas de la gira<\/a>: \u00abSiguiendo ese per\u00edodo de tiempo, Maiden est\u00e1 ansioso por que todos en la audiencia experimenten este espect\u00e1culo como lo habr\u00edan hecho cuando muchas de estas canciones se tocaron en vivo por primera vez en los a\u00f1os 80 y, al igual que muchos otros artistas, la banda ahora est\u00e1 pidiendo a sus fan\u00e1ticos que no filmen excesivamente los conciertos en sus tel\u00e9fonos o tabletas\u00bb, contin\u00faa.<\/p>\n<p>Y cierra diciendo: \u00abNos gustar\u00eda que est\u00e9n &#8216;en el momento&#8217; y que se involucren de lleno para disfrutar de cada una de estas canciones cl\u00e1sicas con el esp\u00edritu y la forma en que se interpretaron por primera vez. Este espect\u00e1culo no es solo una celebraci\u00f3n de nuestra m\u00fasica. Se trata, como ver\u00e1n, tambi\u00e9n de nuestros a\u00f1os de arte, de Eddie y de los much\u00edsimos mundos de Maiden que hemos creado para ustedes. As\u00ed que, por favor, respeten a la banda, respeten a los dem\u00e1s fans y disfruten al m\u00e1ximo uni\u00e9ndose a la familia Maiden cantando con todo el coraz\u00f3n, \u00a1en lugar de sacar el tel\u00e9fono! No es mucho pedir, \u00bfverdad?\u00bb. <\/p>\n","protected":false},"excerpt":{"rendered":"Iron Maiden tiene una carrera de 50 a\u00f1os de trayectoria y su propuesta musical es lo que los&hellip;\n","protected":false},"author":2,"featured_media":27987,"comment_status":"","ping_status":"","sticky":false,"template":"","format":"standard","meta":{"footnotes":""},"categories":[170],"tags":[146,147,25,24,477,184,185,23,8948],"class_list":{"0":"post-27986","1":"post","2":"type-post","3":"status-publish","4":"format-standard","5":"has-post-thumbnail","7":"category-musica","8":"tag-entertainment","9":"tag-entretenimiento","10":"tag-es","11":"tag-espana","12":"tag-iron-maiden","13":"tag-music","14":"tag-musica","15":"tag-spain","16":"tag-steve-harris"},"share_on_mastodon":{"url":"","error":""},"_links":{"self":[{"href":"https:\/\/www.europesays.com\/es\/wp-json\/wp\/v2\/posts\/27986","targetHints":{"allow":["GET"]}}],"collection":[{"href":"https:\/\/www.europesays.com\/es\/wp-json\/wp\/v2\/posts"}],"about":[{"href":"https:\/\/www.europesays.com\/es\/wp-json\/wp\/v2\/types\/post"}],"author":[{"embeddable":true,"href":"https:\/\/www.europesays.com\/es\/wp-json\/wp\/v2\/users\/2"}],"replies":[{"embeddable":true,"href":"https:\/\/www.europesays.com\/es\/wp-json\/wp\/v2\/comments?post=27986"}],"version-history":[{"count":0,"href":"https:\/\/www.europesays.com\/es\/wp-json\/wp\/v2\/posts\/27986\/revisions"}],"wp:featuredmedia":[{"embeddable":true,"href":"https:\/\/www.europesays.com\/es\/wp-json\/wp\/v2\/media\/27987"}],"wp:attachment":[{"href":"https:\/\/www.europesays.com\/es\/wp-json\/wp\/v2\/media?parent=27986"}],"wp:term":[{"taxonomy":"category","embeddable":true,"href":"https:\/\/www.europesays.com\/es\/wp-json\/wp\/v2\/categories?post=27986"},{"taxonomy":"post_tag","embeddable":true,"href":"https:\/\/www.europesays.com\/es\/wp-json\/wp\/v2\/tags?post=27986"}],"curies":[{"name":"wp","href":"https:\/\/api.w.org\/{rel}","templated":true}]}}