{"id":279878,"date":"2025-12-09T18:42:12","date_gmt":"2025-12-09T18:42:12","guid":{"rendered":"https:\/\/www.europesays.com\/es\/279878\/"},"modified":"2025-12-09T18:42:12","modified_gmt":"2025-12-09T18:42:12","slug":"trump-tilda-a-los-lideres-europeos-de-estupidos-por-sus-politicas-migratorias","status":"publish","type":"post","link":"https:\/\/www.europesays.com\/es\/279878\/","title":{"rendered":"Trump tilda a los l\u00edderes europeos de \u00abest\u00fapidos\u00bb por sus pol\u00edticas migratorias"},"content":{"rendered":"<p>    <img src=\"https:\/\/www.europesays.com\/es\/wp-content\/uploads\/2025\/12\/2025-12-09T163A133A35Z-90610999.jpg\" width=\"1024\" height=\"682\" alt=\"\" loading=\"eager\" decoding=\"sync\" fetchpriority=\"high\"\/><\/p>\n<p>            afp_tickers        <\/p>\n<p>        Este contenido fue publicado en    <\/p>\n<p>        09 diciembre 2025 &#8211; 17:13\n<\/p>\n<p>El presidente estadounidense, Donald Trump, volvi\u00f3 a criticar el martes a los l\u00edderes europeos y calific\u00f3 a algunos de \u00abest\u00fapidos\u00bb, aunque sin dar nombres, a causa de sus pol\u00edticas migratorias que considera un \u00abdesastre\u00bb.\u00a0<\/p>\n<p>\u00abLos quiero a todos. No tengo enemigos reales\u00bb, asegur\u00f3 el presidente estadounidense al hablar de los l\u00edderes de la Uni\u00f3n Europea, cuyas relaciones con Washington se han tensado considerablemente en los \u00faltimos meses.\u00a0<\/p>\n<p>\u00abAlgunos son amigos. (\u2026) Conozco a los malos l\u00edderes, conozco a los inteligentes, conozco a los est\u00fapidos. Hay algunos realmente est\u00fapidos\u00bb, a\u00f1adi\u00f3.\u00a0<\/p>\n<p>\u00abLo que est\u00e1n haciendo con la inmigraci\u00f3n es un desastre\u00bb, explic\u00f3 al sitio Politico en una entrevista, refiri\u00e9ndose a una de las obsesiones de su segundo mandato.\u00a0<\/p>\n<p>\u00abMe encantaba Par\u00eds. Es un lugar muy diferente de lo que era. Si miras Londres, tienes un alcalde llamado Khan. Es un alcalde horrible, vicioso, repugnante\u00bb, a\u00f1adi\u00f3.\u00a0<\/p>\n<p>El alcalde de Londres, Sadiq Khan, calific\u00f3 en septiembre a Donald Trump de \u00abracista, sexista, mis\u00f3gino e islam\u00f3fobo\u00bb, despu\u00e9s de haber sido atacado por el republicano en la tribuna de la ONU.\u00a0<\/p>\n<p>\u00abMe encanta Londres. Y odio ver que esto suceda. Mis ra\u00edces est\u00e1n en Europa, como saben\u00bb, insisti\u00f3 el martes el mandatario republicano.\u00a0<\/p>\n<p>Sobre la inmigraci\u00f3n en Europa, Trump dijo: \u00abLlegan de todos los lugares del mundo. No solo del Medio Oriente, llegan del Congo (por la Rep\u00fablica Democr\u00e1tica del Congo, ndlr. Y peor a\u00fan, vienen de las c\u00e1rceles del Congo y de muchos otros pa\u00edses\u00bb.\u00a0<\/p>\n<p>Seg\u00fan \u00e9l, los l\u00edderes europeos \u00abquieren ser pol\u00edticamente correctos, y no quieren devolverlos (al lugar) de donde vienen\u00bb.\u00a0<\/p>\n<p>El presidente tambi\u00e9n consider\u00f3 que Suecia, recientemente admitida en la OTAN, enfrenta grandes problemas de seguridad.\u00a0<\/p>\n<p>\u00abSuecia era conocida como el pa\u00eds m\u00e1s seguro de Europa, uno de los pa\u00edses m\u00e1s seguros del mundo\u00bb, estim\u00f3.<\/p>\n<p>\u00abAhora es conocida como un pa\u00eds muy inseguro. (\u2026) Es incre\u00edble. Es un pa\u00eds totalmente diferente\u00bb.\u00a0<\/p>\n<p>Cuando se le pregunt\u00f3 sobre su voluntad de intervenir en los procesos electorales en Europa, admiti\u00f3 haber \u00abapoyado a Viktor Orban\u00bb, el primer ministro h\u00fangaro, quien \u00abhace un muy buen trabajo, de una manera diferente, en t\u00e9rminos de inmigraci\u00f3n\u00bb.\u00a0<\/p>\n<p>La administraci\u00f3n Trump public\u00f3 el viernes su \u00abEstrategia de seguridad nacional\u00bb, decididamente nacionalista.<\/p>\n<p>Ese documento promete alentar la \u00abresistencia\u00bb en pa\u00edses europeos al rumbo actual de la Uni\u00f3n Europea, lo que provoc\u00f3 la alarma de numerosos gobiernos.<\/p>\n<p>dla\/jz\/mr<\/p>\n","protected":false},"excerpt":{"rendered":"afp_tickers Este contenido fue publicado en 09 diciembre 2025 &#8211; 17:13 El presidente estadounidense, Donald Trump, volvi\u00f3 a&hellip;\n","protected":false},"author":2,"featured_media":279879,"comment_status":"","ping_status":"","sticky":false,"template":"","format":"standard","meta":{"footnotes":""},"categories":[42],"tags":[17,18,11643,35005,83,6654,13,14,4437,11,27703,61,62,63,86,64,19,20,46871,9,10,15,16,88,5799,2005,90,12,21,22,65,66,67],"class_list":{"0":"post-279878","1":"post","2":"type-post","3":"status-publish","4":"format-standard","5":"has-post-thumbnail","7":"category-internacional","8":"tag-breaking-news","9":"tag-breakingnews","10":"tag-defence","11":"tag-demographics","12":"tag-diplomacy","13":"tag-election","14":"tag-featured-news","15":"tag-featurednews","16":"tag-government","17":"tag-headlines","18":"tag-immigration","19":"tag-internacional","20":"tag-international","21":"tag-international-news","22":"tag-international-relations","23":"tag-internationalnews","24":"tag-latest-news","25":"tag-latestnews","26":"tag-national-elections","27":"tag-news","28":"tag-noticias","29":"tag-noticias-destacadas","30":"tag-noticiasdestacadas","31":"tag-politics","32":"tag-social-issues-general","33":"tag-society","34":"tag-ticker","35":"tag-titulares","36":"tag-ultimas-noticias","37":"tag-ultimasnoticias","38":"tag-world","39":"tag-world-news","40":"tag-worldnews"},"share_on_mastodon":{"url":"","error":""},"_links":{"self":[{"href":"https:\/\/www.europesays.com\/es\/wp-json\/wp\/v2\/posts\/279878","targetHints":{"allow":["GET"]}}],"collection":[{"href":"https:\/\/www.europesays.com\/es\/wp-json\/wp\/v2\/posts"}],"about":[{"href":"https:\/\/www.europesays.com\/es\/wp-json\/wp\/v2\/types\/post"}],"author":[{"embeddable":true,"href":"https:\/\/www.europesays.com\/es\/wp-json\/wp\/v2\/users\/2"}],"replies":[{"embeddable":true,"href":"https:\/\/www.europesays.com\/es\/wp-json\/wp\/v2\/comments?post=279878"}],"version-history":[{"count":0,"href":"https:\/\/www.europesays.com\/es\/wp-json\/wp\/v2\/posts\/279878\/revisions"}],"wp:featuredmedia":[{"embeddable":true,"href":"https:\/\/www.europesays.com\/es\/wp-json\/wp\/v2\/media\/279879"}],"wp:attachment":[{"href":"https:\/\/www.europesays.com\/es\/wp-json\/wp\/v2\/media?parent=279878"}],"wp:term":[{"taxonomy":"category","embeddable":true,"href":"https:\/\/www.europesays.com\/es\/wp-json\/wp\/v2\/categories?post=279878"},{"taxonomy":"post_tag","embeddable":true,"href":"https:\/\/www.europesays.com\/es\/wp-json\/wp\/v2\/tags?post=279878"}],"curies":[{"name":"wp","href":"https:\/\/api.w.org\/{rel}","templated":true}]}}