{"id":279888,"date":"2025-12-09T18:52:17","date_gmt":"2025-12-09T18:52:17","guid":{"rendered":"https:\/\/www.europesays.com\/es\/279888\/"},"modified":"2025-12-09T18:52:17","modified_gmt":"2025-12-09T18:52:17","slug":"ya-se-sabe-como-se-puede-clasificar-un-equipo-para-jugar-la-liga-europea-de-la-nba","status":"publish","type":"post","link":"https:\/\/www.europesays.com\/es\/279888\/","title":{"rendered":"Ya se sabe c\u00f3mo se puede clasificar un equipo para jugar la liga europea de la NBA"},"content":{"rendered":"<p>                        Andreas Zagklis, secretario general de la FIBA, ha desvelado este martes el sistema de clasificaci\u00f3n\n<\/p>\n<p><img src=\"https:\/\/www.mundodeportivo.com\/files\/image_449_220\/files\/fp\/uploads\/2025\/06\/19\/6854446a4a3c5.r_d.3493-2517.jpeg\" data-full-src=\"https:\/\/www.europesays.com\/es\/wp-content\/uploads\/2025\/12\/6854446a4a3c5.jpeg\" alt=\"Horizontal\" width=\"449\" height=\"220\" class=\"nolazy\" decoding=\"async\" fetchpriority=\"high\"\/><\/p>\n<p class=\"caption-title \">Andreas Zagklis, a la izquierda, junto al comisionado de la NBA Adam Silver<\/p>\n<p>Angel Colmenares \/ EFE<\/p>\n<p>                <img loading=\"lazy\" decoding=\"async\" width=\"60\" height=\"60\" alt=\"Ya se sabe c\u00f3mo se puede clasificar un equipo para jugar la liga europea de la NBA\" title=\"\" src=\"\/files\/image_60_60\/uploads\/2021\/10\/14\/6168099e70fe1.png\" class=\"lazy\"\/><\/p>\n<p>\n                        Actualizado a  09\/12\/2025 19:26 CET\n                    <\/p>\n<p data-gtm-element-container=\"modulo-texto-link\" class=\"paragraph\">Andreas Zagklis, secretario general de la Federaci\u00f3n Internacional de Baloncesto (FIBA) ha comparecido este martes para pasar balance al a\u00f1o 2025 y ha puesto luz a una de las principales inc\u00f3gnitas que rodeaba hasta el momento al proyecto de liga europea de est\u00e1 gestando la NBA y que deber\u00eda ponerse en marcha en octubre de 2027.<\/p>\n<p>        Lee tambi\u00e9n<\/p>\n<p>    Jos\u00e9 Ignacio Huguet<\/p>\n<p>             <img loading=\"lazy\" decoding=\"async\" data-full-src=\"https:\/\/www.mundodeportivo.com\/uploads\/2024\/02\/16\/65cfa2607bb79.jpeg\" alt=\"Andreas Zagklis, secretario general de FIBA, y Adam Silver, comisionado NBA\" width=\"334\" height=\"164\" src=\"https:\/\/www.europesays.com\/es\/wp-content\/uploads\/2025\/12\/65cfa2607bb79.jpeg\" class=\"lazy\"\/><\/p>\n<p data-gtm-element-container=\"modulo-texto-link\" class=\"paragraph\">Zalglis desvel\u00f3 que las cuatro plazas libres de la nueva liga europea ser\u00e1n para el ganador de la Basketball Champions League y para los tres primeros de un torneo nuevo que se jugar\u00e1 a final de cada temporada y que reunir\u00e1 de 6 a 8 equipos entre campeones de sus ligas nacionales y mejores clasificados en la BCL por detr\u00e1s del campe\u00f3n. \u201cHemos de acomodarlo en el calendario por lo que ha de ser corto antes del inicio de las competiciones de selecciones y as\u00ed poder ajustar presupuestos y plantillas\u201d, ha dicho Zagklis.<\/p>\n<p>\n        Mostrar comentarios\n    <\/p>\n<p>{\u00aballowComment\u00bb:\u00bballowed\u00bb,\u00bbarticleId\u00bb:\u00bbarticle-1002584075&#8243;,\u00bburl\u00bb:\u00bbhttps:\\\/\\\/www.mundodeportivo.com\\\/baloncesto\\\/20251209\\\/1002584075\\\/como-clasificar-equipo-jugar-liga-europea-nba.html\u00bb,\u00bblivefyre-url\u00bb:\u00bbarticle-1002584075&#8243;}<\/p>\n<p>Cargando siguiente contenido&#8230;\n                <\/p>\n","protected":false},"excerpt":{"rendered":"Andreas Zagklis, secretario general de la FIBA, ha desvelado este martes el sistema de clasificaci\u00f3n Andreas Zagklis, a&hellip;\n","protected":false},"author":2,"featured_media":279889,"comment_status":"","ping_status":"","sticky":false,"template":"","format":"standard","meta":{"footnotes":""},"categories":[269],"tags":[299,298,168,25,24,23,167],"class_list":{"0":"post-279888","1":"post","2":"type-post","3":"status-publish","4":"format-standard","5":"has-post-thumbnail","7":"category-baloncesto","8":"tag-baloncesto","9":"tag-basketball","10":"tag-deportes","11":"tag-es","12":"tag-espana","13":"tag-spain","14":"tag-sports"},"share_on_mastodon":{"url":"https:\/\/pubeurope.com\/@es\/115691123431879941","error":""},"_links":{"self":[{"href":"https:\/\/www.europesays.com\/es\/wp-json\/wp\/v2\/posts\/279888","targetHints":{"allow":["GET"]}}],"collection":[{"href":"https:\/\/www.europesays.com\/es\/wp-json\/wp\/v2\/posts"}],"about":[{"href":"https:\/\/www.europesays.com\/es\/wp-json\/wp\/v2\/types\/post"}],"author":[{"embeddable":true,"href":"https:\/\/www.europesays.com\/es\/wp-json\/wp\/v2\/users\/2"}],"replies":[{"embeddable":true,"href":"https:\/\/www.europesays.com\/es\/wp-json\/wp\/v2\/comments?post=279888"}],"version-history":[{"count":0,"href":"https:\/\/www.europesays.com\/es\/wp-json\/wp\/v2\/posts\/279888\/revisions"}],"wp:featuredmedia":[{"embeddable":true,"href":"https:\/\/www.europesays.com\/es\/wp-json\/wp\/v2\/media\/279889"}],"wp:attachment":[{"href":"https:\/\/www.europesays.com\/es\/wp-json\/wp\/v2\/media?parent=279888"}],"wp:term":[{"taxonomy":"category","embeddable":true,"href":"https:\/\/www.europesays.com\/es\/wp-json\/wp\/v2\/categories?post=279888"},{"taxonomy":"post_tag","embeddable":true,"href":"https:\/\/www.europesays.com\/es\/wp-json\/wp\/v2\/tags?post=279888"}],"curies":[{"name":"wp","href":"https:\/\/api.w.org\/{rel}","templated":true}]}}