{"id":279921,"date":"2025-12-09T19:15:10","date_gmt":"2025-12-09T19:15:10","guid":{"rendered":"https:\/\/www.europesays.com\/es\/279921\/"},"modified":"2025-12-09T19:15:10","modified_gmt":"2025-12-09T19:15:10","slug":"el-logro-historico-de-deandre-ayton-en-los-lakers","status":"publish","type":"post","link":"https:\/\/www.europesays.com\/es\/279921\/","title":{"rendered":"El logro hist\u00f3rico de Deandre Ayton en los Lakers"},"content":{"rendered":"<p data-mrf-recirculation=\"Links P\u00e1rrafos\" class=\"ue-c-article__paragraph paragraph ue-c-article--first-letter-highlighted\">Hay equipos que, por su corta historia, son terreno m\u00e1s f\u00e1cil de abonar con topes y logros \u00fanicos. Eso no ocurre con <strong>Los Angeles Lakers<\/strong>, que por su dilatada y triunfal historia y por la n\u00f3mina tan extraordinaria de jugadores que han pasado por el equipo, cotiza muy alto cada r\u00e9cord que se bate. Decir que se es \u00fanico en los <strong>Lakers <\/strong>es cosa de muy pocos. Desde ahora, tambi\u00e9n de <strong>Deandre Ayton.<\/strong><\/p>\n<p data-mrf-recirculation=\"Links P\u00e1rrafos\" class=\"ue-c-article__paragraph paragraph\">El p\u00edvot bahame\u00f1o, con unas buenas \u00faltimas actuaciones que han generado confianza entre los aficionados amarillos, firm\u00f3 ante los <strong>Sixers<\/strong> un partido perfecto: <strong>14 puntos y 12 rebotes<\/strong> sin haber fallado un s\u00f3lo tiro <strong>(7\/7)<\/strong> y sin cometer ni una s\u00f3la p\u00e9rdida de bal\u00f3n. S\u00f3lo cuatro jugadores antes que \u00e9l lo hab\u00edan hecho vistiendo la camiseta de los <strong>Lakers<\/strong>. La diferencia es que <strong>Ayton<\/strong> es el primero y \u00fanico en hacerlo como titular.<\/p>\n<p data-mrf-recirculation=\"Links P\u00e1rrafos\" class=\"ue-c-article__paragraph paragraph\">Los otros cuatro jugadores fueron D<strong>wuight Howard, Tyson Chandler, Larry Nance Jr. y Kurt Rambis<\/strong>, pero los cuatro establecieron l\u00edneas estad\u00edsticas parecidas saliendo desde el banquillo. As\u00ed que <strong>Ayton<\/strong> puede presumir de ser \u00fanico en la historia de los <strong>Lakers<\/strong>.<\/p>\n<p data-mrf-recirculation=\"Links P\u00e1rrafos\" class=\"ue-c-article__paragraph paragraph\">Esta temporada, el p\u00edvot est\u00e1 promediando <strong>15,3 puntos y 8,8 rebotes<\/strong> en un equipo en el que tiene que compartir el bal\u00f3n y el protagonismo con jugadores como <strong>Luka Doncic, LeBron James o Austin Reaves. <\/strong>A <strong>Ayton <\/strong>se le puede considerar una estrella de esta Liga, como n\u00famero 1 del Draft que fue en 2018 por los <strong>Suns<\/strong>, pero su carrera en <strong>Phoenix <\/strong>dej\u00f3 m\u00e1s sombras que luces. Ahora en los <strong>Lakers <\/strong>trata de encauzar sus pasos como titular de un equipo que es claro candidato al t\u00edtulo.<\/p>\n","protected":false},"excerpt":{"rendered":"Hay equipos que, por su corta historia, son terreno m\u00e1s f\u00e1cil de abonar con topes y logros \u00fanicos.&hellip;\n","protected":false},"author":2,"featured_media":279922,"comment_status":"","ping_status":"","sticky":false,"template":"","format":"standard","meta":{"footnotes":""},"categories":[269],"tags":[299,298,168,25,24,23,167],"class_list":{"0":"post-279921","1":"post","2":"type-post","3":"status-publish","4":"format-standard","5":"has-post-thumbnail","7":"category-baloncesto","8":"tag-baloncesto","9":"tag-basketball","10":"tag-deportes","11":"tag-es","12":"tag-espana","13":"tag-spain","14":"tag-sports"},"share_on_mastodon":{"url":"https:\/\/pubeurope.com\/@es\/115691213634835620","error":""},"_links":{"self":[{"href":"https:\/\/www.europesays.com\/es\/wp-json\/wp\/v2\/posts\/279921","targetHints":{"allow":["GET"]}}],"collection":[{"href":"https:\/\/www.europesays.com\/es\/wp-json\/wp\/v2\/posts"}],"about":[{"href":"https:\/\/www.europesays.com\/es\/wp-json\/wp\/v2\/types\/post"}],"author":[{"embeddable":true,"href":"https:\/\/www.europesays.com\/es\/wp-json\/wp\/v2\/users\/2"}],"replies":[{"embeddable":true,"href":"https:\/\/www.europesays.com\/es\/wp-json\/wp\/v2\/comments?post=279921"}],"version-history":[{"count":0,"href":"https:\/\/www.europesays.com\/es\/wp-json\/wp\/v2\/posts\/279921\/revisions"}],"wp:featuredmedia":[{"embeddable":true,"href":"https:\/\/www.europesays.com\/es\/wp-json\/wp\/v2\/media\/279922"}],"wp:attachment":[{"href":"https:\/\/www.europesays.com\/es\/wp-json\/wp\/v2\/media?parent=279921"}],"wp:term":[{"taxonomy":"category","embeddable":true,"href":"https:\/\/www.europesays.com\/es\/wp-json\/wp\/v2\/categories?post=279921"},{"taxonomy":"post_tag","embeddable":true,"href":"https:\/\/www.europesays.com\/es\/wp-json\/wp\/v2\/tags?post=279921"}],"curies":[{"name":"wp","href":"https:\/\/api.w.org\/{rel}","templated":true}]}}