{"id":279929,"date":"2025-12-09T19:20:10","date_gmt":"2025-12-09T19:20:10","guid":{"rendered":"https:\/\/www.europesays.com\/es\/279929\/"},"modified":"2025-12-09T19:20:10","modified_gmt":"2025-12-09T19:20:10","slug":"telecinco-vuelve-a-recuperar-el-precio-justo-con-carlos-sobera-cinco-anos-despues-television","status":"publish","type":"post","link":"https:\/\/www.europesays.com\/es\/279929\/","title":{"rendered":"Telecinco vuelve a recuperar \u2018El precio justo\u2019 con Carlos Sobera cinco a\u00f1os despu\u00e9s | Televisi\u00f3n"},"content":{"rendered":"<p class=\"\">Telecinco lo vuelve a intentar con <a href=\"https:\/\/elpais.com\/television\/2021-04-01\/objetivo-de-el-precio-justo-renovarse-sin-cambiar.html\" target=\"_self\" rel=\"nofollow noopener\" title=\"https:\/\/elpais.com\/television\/2021-04-01\/objetivo-de-el-precio-justo-renovarse-sin-cambiar.html\">El precio justo<\/a>. El concurso, muy popular en los a\u00f1os ochenta y noventa, regresar\u00e1 con nuevas entregas en las que los participantes tendr\u00e1n que averiguar, \u201csin pasarse\u201d, el precio justo de diferentes art\u00edculos. Este martes, Mediaset ha anunciado oficialmente la puesta en marcha de la producci\u00f3n de esta nueva etapa del concurso junto a la productora Fremantle, y la <a href=\"https:\/\/www.telecinco.es\/television\/20251209\/precio-justo-quieres-concursar-apuntate-casting_18_017811288.html\" target=\"_self\" rel=\"nofollow noopener\" title=\"https:\/\/www.telecinco.es\/television\/20251209\/precio-justo-quieres-concursar-apuntate-casting_18_017811288.html\">b\u00fasqueda de participantes<\/a> para ello. <\/p>\n<p class=\"\">Carlos Sobera ser\u00e1 el encargado de presentar el concurso, <a href=\"https:\/\/elpais.com\/television\/2021-02-02\/mediaset-recupera-el-precio-justo-ahora-con-carlos-sobera.html\" target=\"_blank\" rel=\"nofollow noopener\" title=\"https:\/\/elpais.com\/television\/2021-02-02\/mediaset-recupera-el-precio-justo-ahora-con-carlos-sobera.html\">igual que lo hizo en 2021 en la \u00faltima etapa del programa en Espa\u00f1a<\/a>. Entonces tambi\u00e9n fue Telecinco la que apost\u00f3 por recuperar el emblem\u00e1tico formato, con el mismo presentador y la misma productora. Entonces se program\u00f3 frente a Pasapalabra y sus audiencias no cumplieron las expectativas. Su \u00faltima emisi\u00f3n fue el 10 de junio de 2021, tras lo que se retir\u00f3 en un ajuste de programaci\u00f3n para pasar a Cuatro y desaparecer poco despu\u00e9s. <\/p>\n<p>M\u00e1s informaci\u00f3n<\/p>\n<p class=\"\">Telecinco no ha confirmado a\u00fan la franja en la que se emitir\u00e1 el concurso. Si lo hiciera por la tarde, se dar\u00eda la circunstancia de que compartir\u00eda franja vespertina con<a href=\"https:\/\/elpais.com\/television\/2025-09-21\/joaquin-prat-las-entrevistas-con-politicos-son-un-peaje-que-tenemos-pero-hunden-la-audiencia.html\" target=\"_self\" rel=\"nofollow noopener\" title=\"https:\/\/elpais.com\/television\/2025-09-21\/joaquin-prat-las-entrevistas-con-politicos-son-un-peaje-que-tenemos-pero-hunden-la-audiencia.html\"> El tiempo justo, conducido por Joaqu\u00edn Prat<\/a>, hijo del presentador que hizo famoso en Espa\u00f1a El precio justo. <\/p>\n<p class=\"\">El precio justo se estren\u00f3 en Espa\u00f1a en 1988. Entonces se mantuvo en emisi\u00f3n cinco temporadas en el horario de m\u00e1xima audiencia de la primera cadena de TVE (solo en la segunda temporada se program\u00f3 en la tarde de los domingos de la segunda cadena), siempre con Joaqu\u00edn Prat como presentador. En esa tanda, que dur\u00f3 hasta 1993, el espacio contaba con audiencias que llegaron hasta los 20 millones de espectadores y en 1991 dio el que entonces fue el mayor premio entregado en la televisi\u00f3n espa\u00f1ola hasta la fecha, al llevarse un concursante un escaparate completo de premios valorado en m\u00e1s de 40 millones de pesetas, un r\u00e9cord que se mantuvo durante nueve a\u00f1os.<\/p>\n<p class=\"\">El recorrido del concurso en Espa\u00f1a no se qued\u00f3 ah\u00ed. <a href=\"https:\/\/elpais.com\/diario\/1999\/09\/27\/radiotv\/938383217_850215.html\" rel=\"nofollow noopener\" target=\"_blank\">En 1999, La 1 decidi\u00f3 recuperar el formato<\/a> con Carlos Lozano como presentador. En este caso, se transform\u00f3 en un concurso diario, con emisi\u00f3n en las tardes de lunes a viernes, menor duraci\u00f3n y regalos menos cuantiosos que en su edici\u00f3n en horario de m\u00e1xima audiencia. Los precios se calculaban en euros para que los espectadores fueran adapt\u00e1ndose a la nueva moneda, que se implantar\u00eda en 2002. Sin embargo, las cifras de audiencia no acompa\u00f1aron y antes de que el euro fuera la moneda oficial, <a href=\"https:\/\/elpais.com\/diario\/2001\/07\/04\/radiotv\/994197603_850215.html\" rel=\"nofollow noopener\" target=\"_blank\">el programa se cancel\u00f3 en 2001<\/a>.<\/p>\n<p class=\"\">Tambi\u00e9n <a href=\"https:\/\/elpais.com\/diario\/2006\/07\/27\/radiotv\/1153951201_850215.html\" rel=\"nofollow noopener\" target=\"_blank\">Antena 3 recuper\u00f3 el formato<\/a> durante un tiempo breve. En septiembre de 2006 comenz\u00f3 su emisi\u00f3n, presentado entonces por Juan y Medio, y de nuevo en tira diaria y en horario de tarde. Sin embargo, los datos de audiencia fueron todav\u00eda peores que los que cosech\u00f3 a\u00f1os antes en las tardes de La 1 y, tras pasarlo a la franja matinal, fue cancelado definitivamente.<\/p>\n","protected":false},"excerpt":{"rendered":"Telecinco lo vuelve a intentar con El precio justo. El concurso, muy popular en los a\u00f1os ochenta y&hellip;\n","protected":false},"author":2,"featured_media":279930,"comment_status":"","ping_status":"","sticky":false,"template":"","format":"standard","meta":{"footnotes":""},"categories":[171],"tags":[8165,146,147,25,24,8494,955,10758,18633,25284,23,692,807,214],"class_list":{"0":"post-279929","1":"post","2":"type-post","3":"status-publish","4":"format-standard","5":"has-post-thumbnail","7":"category-tv","8":"tag-carlos-sobera","9":"tag-entertainment","10":"tag-entretenimiento","11":"tag-es","12":"tag-espana","13":"tag-joaquin-prat","14":"tag-mediaset","15":"tag-presentadores-television","16":"tag-programas-concursos","17":"tag-programas-entretenimiento","18":"tag-spain","19":"tag-telecinco","20":"tag-television","21":"tag-tv"},"share_on_mastodon":{"url":"","error":""},"_links":{"self":[{"href":"https:\/\/www.europesays.com\/es\/wp-json\/wp\/v2\/posts\/279929","targetHints":{"allow":["GET"]}}],"collection":[{"href":"https:\/\/www.europesays.com\/es\/wp-json\/wp\/v2\/posts"}],"about":[{"href":"https:\/\/www.europesays.com\/es\/wp-json\/wp\/v2\/types\/post"}],"author":[{"embeddable":true,"href":"https:\/\/www.europesays.com\/es\/wp-json\/wp\/v2\/users\/2"}],"replies":[{"embeddable":true,"href":"https:\/\/www.europesays.com\/es\/wp-json\/wp\/v2\/comments?post=279929"}],"version-history":[{"count":0,"href":"https:\/\/www.europesays.com\/es\/wp-json\/wp\/v2\/posts\/279929\/revisions"}],"wp:featuredmedia":[{"embeddable":true,"href":"https:\/\/www.europesays.com\/es\/wp-json\/wp\/v2\/media\/279930"}],"wp:attachment":[{"href":"https:\/\/www.europesays.com\/es\/wp-json\/wp\/v2\/media?parent=279929"}],"wp:term":[{"taxonomy":"category","embeddable":true,"href":"https:\/\/www.europesays.com\/es\/wp-json\/wp\/v2\/categories?post=279929"},{"taxonomy":"post_tag","embeddable":true,"href":"https:\/\/www.europesays.com\/es\/wp-json\/wp\/v2\/tags?post=279929"}],"curies":[{"name":"wp","href":"https:\/\/api.w.org\/{rel}","templated":true}]}}