{"id":279946,"date":"2025-12-09T19:29:16","date_gmt":"2025-12-09T19:29:16","guid":{"rendered":"https:\/\/www.europesays.com\/es\/279946\/"},"modified":"2025-12-09T19:29:16","modified_gmt":"2025-12-09T19:29:16","slug":"azcon-se-inclina-por-elecciones-en-aragon-tras-retarle-vox-a-copiar-el-acuerdo-de-valencia","status":"publish","type":"post","link":"https:\/\/www.europesays.com\/es\/279946\/","title":{"rendered":"Azc\u00f3n se inclina por elecciones en Arag\u00f3n tras retarle Vox a copiar el acuerdo de Valencia"},"content":{"rendered":"\n<p> Arag\u00f3n se precipita al adelanto electoral. <strong>Jorge Azc\u00f3n <\/strong>se ha dado hasta de plazo hasta el viernes para decidir si pulsa definitivamente el &#8216;bot\u00f3n rojo&#8217;, una vez haya conversado con todos los grupos sobre la falta de presupuestos que, a priori y <a href=\"https:\/\/www.elconfidencial.com\/espana\/2025-10-27\/maria-guardiola-convoca-elecciones-anticipadas-en-extremadura-para-el-proximo-21-de-diciembre_4236347\/\" target=\"_blank\" rel=\"nofollow noopener\">al igual que en Extremadura<\/a>, serv\u00eda de detonante para activar el contador electoral. En el PP se inclinan desde hace d\u00edas por dar el paso, disolver las Cortes de forma inmediata para <strong>ir a elecciones a principios de febrero <\/strong>y culpar del \u00abbloqueo\u00bb a Vox. Unos sondeos optimistas y el caramelo de poder hacer &#8216;jaque mate&#8217; a <strong>Pilar Alegr\u00eda<\/strong>, ministra y candidata del PSOE, resulta demasiado tentador. <strong>Para Azc\u00f3n y para Feij\u00f3o<\/strong>. <\/p>\n<p> Tras dos a\u00f1os sin cuentas y<a href=\"https:\/\/www.elconfidencial.com\/espana\/2025-10-21\/vox-rompe-relaciones-con-el-pp-en-aragon-y-da-por_4232420\/\" target=\"_blank\" rel=\"nofollow noopener\"> una amenaza de ruptura<\/a>, los conservadores daban por hecho que no hab\u00eda nada que hacer para <strong>lograr un acuerdo con Vox<\/strong>. Cierto es que el partido ultra crece en todas las encuestas \u2014en Extremadura podr\u00edan duplicar sus esca\u00f1os\u2014, pero en Arag\u00f3n existe una atm\u00f3sfera pol\u00edtica distinta por la fuerza de los partidos regionalistas. Una reciente encuesta de Sociom\u00e9trica para El Espa\u00f1ol apuntaba que, de haber ahora comicios, un Azc\u00f3n reforzado podr\u00eda elegir <strong>entre Arag\u00f3n Existe y Vox <\/strong>para gobernar. Aunque suban, los de Abascal se arriesgar\u00edan de este modo a<a href=\"https:\/\/www.elconfidencial.com\/economia\/2025-11-02\/el-partido-al-que-votas-altera-percepcion-economia_4230039\/\" target=\"_blank\" rel=\"nofollow noopener\"> perder influencia en el ejecutivo regional<\/a>. <\/p>\n<p> Esta es la tesitura en que se ha celebrado este martes el encuentro entre Azc\u00f3n y el l\u00edder regional de Vox, <strong>Alejandro Nolasco<\/strong>. El representante de la formaci\u00f3n de Abascal ha acudido finalmente al encuentro a pesar de<a href=\"https:\/\/www.elconfidencial.com\/espana\/2025-10-21\/vox-rompe-relaciones-con-el-pp-en-aragon-y-da-por_4232420\/\" target=\"_blank\" rel=\"nofollow noopener\"> la ruptura escenificada por la direcci\u00f3n nacional del partido <\/a>hace poco m\u00e1s de un mes por la pol\u00e9mica en torno al cese de un asesor del partido de ultraderecha en las Cortes de Arag\u00f3n. \u00abEl grupo parlamentario Vox <strong>no va a sentarse a negociar ning\u00fan acuerdo presupuestario<\/strong> con el Gobierno de Arag\u00f3n del Partido Popular para 2026&#8243;, dijeron, alto y claro. <\/p>\n<p>              <img decoding=\"async\" class=\"inTextNews__img\" alt=\"Foto: vox-rompe-relaciones-con-el-pp-en-aragon-y-da-por\" src=\"https:\/\/www.europesays.com\/es\/wp-content\/uploads\/2025\/12\/f.elconfidencial.com\/original\/65e\/63c\/786\/65e63c7869611f996622ebeab5a4b1c6.jpg\"  \/>     <\/p>\n<p>TE PUEDE INTERESAR<\/p>\n<p>      <a class=\"inTextNews__title\" href=\"https:\/\/www.elconfidencial.com\/espana\/2025-10-21\/vox-rompe-relaciones-con-el-pp-en-aragon-y-da-por_4232420\/\" onclick=\"window.ECCO.emit(&#039;amplitude&#039;, { dataEventName: &#039;click_related_article_module&#039;, data: { related_article_url: &#039;https:\/\/www.elconfidencial.com\/espana\/2025-10-21\/vox-rompe-relaciones-con-el-pp-en-aragon-y-da-por_4232420\/&#039;, related_article_author: &#039;Ana Bel\u00e9n Ramos&#039;, related_article_section: &#039;espana&#039; } })\" rel=\"nofollow noopener\" target=\"_blank\"> La ruptura de PP y Vox en Arag\u00f3n y la tensi\u00f3n en Extremadura reabre el ruido electoral <\/a>   <\/p>\n<p>    Ana Bel\u00e9n Ramos   <\/p>\n<p> Pero algo se ha movido en las \u00faltimas semanas. Seg\u00fan el entorno de Abascal, <strong>aquel asunto qued\u00f3 arreglado<\/strong>. Y despu\u00e9s de que el l\u00edder de Vox acusase a Azc\u00f3n de intentar \u00abchulearles\u00bb en un multitudinario mitin en Zaragoza, <strong>Vox suaviz\u00f3 el tono<\/strong>. Nolasco tendi\u00f3 la mano y asegur\u00f3 ver con cierto \u00aboptimismo\u00bb la ronda de contactos con el presidente regional. Fuentes de la direcci\u00f3n de Vox aseguran que en los \u00faltimos d\u00edas han existido \u00abcontactos\u00bb privados en los que trasladaron a Azc\u00f3n que su l\u00ednea roja era la misma que hab\u00eda asumido <strong>Juanfran P\u00e9rez Llorca en Valencia<\/strong>: una declaraci\u00f3n en la que se comprometa a sus postulados <a href=\"https:\/\/www.elconfidencial.com\/espana\/comunidad-valenciana\/2025-11-05\/inmigracion-pacto-verde-vox-cartas-sucesor-mazon_4242163\/\" target=\"_blank\" rel=\"nofollow noopener\">con la Agenda Verde y la inmigraci\u00f3n<\/a>. <\/p>\n<p> En este caso, pese al bloqueo de los \u00faltimos a\u00f1os, no hay condiciones de m\u00e1ximos en Vox. Pero, al menos hasta ahora, no han conseguido convencer al PP. \u00abA \u00e9l [Azc\u00f3n] le interesa ir a elecciones\u00bb, asum\u00edan en el entorno de Abascal antes de la reuni\u00f3n, donde avisan, no obstante, que no es algo que le convenga de forma personal a Alberto N\u00fa\u00f1ez Feij\u00f3o porque <strong>\u00abcada campa\u00f1a auton\u00f3mica y cada negociaci\u00f3n es un suplicio para \u00e9l\u00bb<\/strong>. <\/p>\n<p> Lo que no toleran en Vox es que el PP pueda ponerles de excusa para justificar el <a href=\"https:\/\/www.elconfidencial.com\/espana\/2025-12-03\/el-pp-insta-a-junts-a-aclarar-si-apoyaria-una-mocion-de-censura_4259389\/\" target=\"_blank\" rel=\"nofollow noopener\">anticipo electoral por \u00abbloquear\u00bb la legislatura<\/a>. Es \u00e9l, sostienen, el que decidir\u00eda no aceptar postulados que hace apenas unas semanas s\u00ed asumi\u00f3 p\u00fablicamente el nuevo presidente de la Comunidad Valenciana. \u00abNuestra voluntad es llegar a un acuerdo coherente que no comprometa a Arag\u00f3n a algo a lo que<strong> el PP ya se ha comprometido a escasos kil\u00f3metros de aqu\u00ed<\/strong>\u00ab, apunt\u00f3 Alejandro Nolasco en rueda de prensa tras la reuni\u00f3n. <\/p>\n<p>              <img decoding=\"async\" class=\"inTextNews__img\" alt=\"Foto: el-pacto-en-valencia-una-excepcion-guerra-pp-vox\" src=\"https:\/\/www.europesays.com\/es\/wp-content\/uploads\/2025\/12\/f.elconfidencial.com\/original\/62b\/e73\/062\/62be73062a955b8f0bc105fb274fd7d8.jpg\"  \/>     <\/p>\n<p>TE PUEDE INTERESAR<\/p>\n<p>      <a class=\"inTextNews__title\" href=\"https:\/\/www.elconfidencial.com\/espana\/2025-11-29\/el-pacto-en-valencia-una-excepcion-guerra-pp-vox_4256635\/\" onclick=\"window.ECCO.emit(&#039;amplitude&#039;, { dataEventName: &#039;click_related_article_module&#039;, data: { related_article_url: &#039;https:\/\/www.elconfidencial.com\/espana\/2025-11-29\/el-pacto-en-valencia-una-excepcion-guerra-pp-vox_4256635\/&#039;, related_article_author: &#039;Ana Bel\u00e9n Ramos&#039;, related_article_section: &#039;espana&#039; } })\" rel=\"nofollow noopener\" target=\"_blank\"> El pacto en Valencia, una \u00abexcepci\u00f3n\u00bb que no apacigua la guerra abierta entre PP y Vox <\/a>   <\/p>\n<p>    Ana Bel\u00e9n Ramos   <\/p>\n<p> El dirigente <a href=\"https:\/\/www.elconfidencial.com\/espana\/2025-11-25\/vox-ruptura-aragon-pp-elecciones-2026_4253708\/\" target=\"_blank\" rel=\"nofollow noopener\">tendi\u00f3 abiertamente la mano a Jorge Azc\u00f3n<\/a> para evitar las urnas, aunque reconoci\u00f3 que \u00abhay distancia\u00bb, que no not\u00f3 receptividad en el presidente de Arag\u00f3n, y que \u00ablas posturas est\u00e1n lejanas\u00bb. <strong>\u00abParece que no est\u00e1n por la labor\u00bb<\/strong>, admiti\u00f3. El consejero de Hacienda del PP, <strong>Roberto Berm\u00fadez de Castro<\/strong>, ratific\u00f3 poco despu\u00e9s las sospechas de Vox. \u00abEstamos tan lejos de ellos como del PSOE\u00bb, afirm\u00f3 el dirigente, que hizo un llamamiento a los de Abascal a \u00abflexibilizar sus posturas\u00bb. Pero Vox tampoco esta\u00b4dispuesto a dar \u00abun cheque en blanco\u00bb.  <\/p>\n<p> Berm\u00fadez de Castro anunci\u00f3, no obstante, que mantendr\u00e1 una \u00faltima reuni\u00f3n con Vox este mismo viernes. Y si \u00e9stos no se mueven de sus postulados clim\u00e1ticos o migratorios, desliz\u00f3, la convocatoria electoral ser\u00e1 inminente.<strong> \u00abNo puede pasar de esta semana. Se dar\u00e1 una respuesta, o s\u00ed o no. Mareos ninguno\u00bb<\/strong>, apunt\u00f3 el consejero popular, que lanz\u00f3 un par de ataques a los de Abascal. \u00abEn lugar de hacer pol\u00edtica \u00fatil, su \u00fanico inter\u00e9s es sobrepasar al PP\u00bb, afirm\u00f3. Si Azc\u00f3n disuelve definitivamente las Cortes de Arag\u00f3n el pr\u00f3ximo lunes, <strong>las elecciones se celebrar\u00edan el 8 de febrero<\/strong>, antes de los comicios en Castilla y Le\u00f3n y Andaluc\u00eda.  <\/p>\n<p> En Vox se quejan de que el presidente de Arag\u00f3n \u00abno tiene ning\u00fan problema\u00bb en aceptar el pacto de Valencia, pero creen que prefiere garantizarse \u00abcuatro a\u00f1os m\u00e1s\u00bb en un momento que no puede ser m\u00e1s favorable para el PP en esta regi\u00f3n. Al margen de la posibilidad de rozar la mayor\u00eda absoluta y cortar la dependencia de Vox, en el partido de Feij\u00f3o ven una oportunidad para asestar <a href=\"https:\/\/www.elconfidencial.com\/espana\/2025-12-04\/abascal-multiplica-extremadura-problema-pp-oxigeno-sanchez_4259649\/\" target=\"_blank\" rel=\"nofollow noopener\">un golpe letal al PSOE tras el previsible batacazo en Extremadura<\/a>. <\/p>\n<p>              <img decoding=\"async\" class=\"inTextNews__img\" alt=\"Foto: extremadura-corrupcion-psoe-vox-feijoo-moncloa\" src=\"https:\/\/www.europesays.com\/es\/wp-content\/uploads\/2025\/12\/f.elconfidencial.com\/original\/334\/e77\/68b\/334e7768b0631dd92bbe7a2223e4a31f.jpg\"  \/>     <\/p>\n<p>TE PUEDE INTERESAR<\/p>\n<p>      <a class=\"inTextNews__title\" href=\"https:\/\/www.elconfidencial.com\/espana\/2025-12-07\/extremadura-corrupcion-psoe-vox-feijoo-moncloa_4261277\/\" onclick=\"window.ECCO.emit(&#039;amplitude&#039;, { dataEventName: &#039;click_related_article_module&#039;, data: { related_article_url: &#039;https:\/\/www.elconfidencial.com\/espana\/2025-12-07\/extremadura-corrupcion-psoe-vox-feijoo-moncloa_4261277\/&#039;, related_article_author: &#039;Juan Fern\u00e1ndez-Miranda,Unidad de Datos&#039;, related_article_section: &#039;espana&#039; } })\" rel=\"nofollow noopener\" target=\"_blank\"> Extremadura examina la corrupci\u00f3n del PSOE, la fuerza de Vox y el camino de Feij\u00f3o a la Moncloa <\/a>   <\/p>\n<p>    Juan Fern\u00e1ndez-Miranda     Gr\u00e1ficos: Unidad de Datos   <\/p>\n<p> En este caso estar\u00edan en condiciones de dejar en fuera de juego a la primera &#8216;ministra-candidata&#8217;, la portavoz del Gobierno <strong>Pilar Alegr\u00eda, <\/strong>antes de la batalla de Andaluc\u00eda entre Juanma Moreno y la vicepresidenta primera del Gobierno, <strong>Mar\u00eda Jes\u00fas Montero<\/strong>. El esc\u00e1ndalo de las denuncias desatendidas por<a href=\"https:\/\/www.elconfidencial.com\/espana\/2025-12-08\/pp-cita-salazar-caso-koldo-senado_4262306\/\" target=\"_blank\" rel=\"nofollow noopener\"> acoso sexual de Paco Salazar<\/a>, con el que la dirigente socialista comi\u00f3 despu\u00e9s de trascender la pol\u00e9mica, contribuir\u00eda seg\u00fan el PP al hundimiento del PSOE en unas probables elecciones auton\u00f3micas.  <\/p>\n<p>                El PP rechaza la mano tendida del PSOE           <\/p>\n<p> La inminente disoluci\u00f3n de las Cortes con la que Jorge Azc\u00f3n juega desde el pasado s\u00e1bado ha provocado movimientos tambi\u00e9n a la izquierda del tablero. En el PP creen que el PSOE se hizo el harakiri al presentar, junto a Vox, una <a href=\"https:\/\/www.elconfidencial.com\/espana\/2025-10-23\/la-pinza-psoe-vox-deja-sin-oxigeno-a-guardiola-y-acerca-a-extremadura-al-adelanto-electoral_4233622\/\" target=\"_self\" rel=\"nofollow noopener\">enmienda a la totalidad a los presupuestos de Mar\u00eda Guardiola<\/a> que desemboc\u00f3 en una convocatoria electoral para el 21 de diciembre pese al previsible batacazo en un feudo hist\u00f3rico de los socialistas. Ante el escaso margen de maniobra, S\u00e1nchez bendijo a Miguel \u00c1ngel Gallardo como candidato. El l\u00edder regional del PSOE est\u00e1 imputado por el caso que investiga precisamente al hermano del jefe del Ejecutivo. <\/p>\n<p> Pero los socialistas han corregido esa posici\u00f3n en Arag\u00f3n. Las encuestas pronostican otro duro golpe para la marca, y esta vez el PSOE tendi\u00f3 la mano al PP para negociar. Este lunes, <strong>Pilar Alegr\u00eda ofreci\u00f3 a Jorge Azc\u00f3n apoyar el techo de gasto<\/strong>, paso previo a los presupuestos, y alargar con ello la legislatura. La oferta, al igual que la de Vox, desarma el argumento de los populares de convocar elecciones por <a href=\"https:\/\/www.elconfidencial.com\/espana\/2025-10-21\/vox-rompe-relaciones-con-el-pp-en-aragon-y-da-por_4232420\/\" target=\"_blank\" rel=\"nofollow noopener\">el \u00abbloqueo\u00bb de las cuentas regionales<\/a>. Pero tanto G\u00e9nova como el PP de Arag\u00f3n descartan cualquier opci\u00f3n de entendimiento con los socialistas.  <\/p>\n<p>              <img decoding=\"async\" class=\"inTextNews__img\" alt=\"Foto: psoe-salazar-pedro-sanchez-denuncias-acoso\" src=\"https:\/\/www.europesays.com\/es\/wp-content\/uploads\/2025\/12\/f.elconfidencial.com\/original\/87c\/4ef\/974\/87c4ef97447ab8c6c2a41fe0aca346e1.jpg\"  \/>     <\/p>\n<p>TE PUEDE INTERESAR<\/p>\n<p>      <a class=\"inTextNews__title\" href=\"https:\/\/www.elconfidencial.com\/espana\/2025-12-05\/psoe-salazar-pedro-sanchez-denuncias-acoso_4261413\/\" onclick=\"window.ECCO.emit(&#039;amplitude&#039;, { dataEventName: &#039;click_related_article_module&#039;, data: { related_article_url: &#039;https:\/\/www.elconfidencial.com\/espana\/2025-12-05\/psoe-salazar-pedro-sanchez-denuncias-acoso_4261413\/&#039;, related_article_author: &#039;Carlos Rocha&#039;, related_article_section: &#039;espana&#039; } })\" rel=\"nofollow noopener\" target=\"_blank\"> El PSOE reconoce que abandon\u00f3 a las denunciantes contra Salazar: \u00abNo las hemos arropado\u00bb <\/a>   <\/p>\n<p>    Carlos Rocha   <\/p>\n<p> <strong>\u00abParece que la portavoz de S\u00e1nchez tiene miedo a las urnas en Arag\u00f3n\u00bb<\/strong>, lanzaron en la direcci\u00f3n nacional del partido, que hurg\u00f3 de nuevo en la herida abierta por el &#8216;caso Salazar\u00bbhttps:\/\/www.elconfidencial.com\/espana\/2025-12-09\/azcon-se-inclina-por-elecciones-en-aragon-tras-retarle-vox-a-copiar-el-acuerdo-de-valencia_4263091\/.\u00bbLa decisi\u00f3n de apoyar el techo de gasto quiz\u00e1 se la haya dado ese asesor de referencia con el que comparte comiditas en Madrid, un asesor multidisciplinar que igual vale para bajarse la bragueta delante de compa\u00f1eras que para orientar la estrategia pol\u00edtica de Pilar Alegr\u00eda\u00bb, atacaron. La decisi\u00f3n \u00faltima, casi tomada, de convocar elecciones la tiene Azc\u00f3n pero en G\u00e9nova ya avanzan su respaldo absoluto a esa pretensi\u00f3n.  <\/p>\n<p> Arag\u00f3n se precipita al adelanto electoral. <strong>Jorge Azc\u00f3n <\/strong>se ha dado hasta de plazo hasta el viernes para decidir si pulsa definitivamente el &#8216;bot\u00f3n rojo&#8217;, una vez haya conversado con todos los grupos sobre la falta de presupuestos que, a priori y <a href=\"https:\/\/www.elconfidencial.com\/espana\/2025-10-27\/maria-guardiola-convoca-elecciones-anticipadas-en-extremadura-para-el-proximo-21-de-diciembre_4236347\/\" target=\"_blank\" rel=\"nofollow noopener\">al igual que en Extremadura<\/a>, serv\u00eda de detonante para activar el contador electoral. En el PP se inclinan desde hace d\u00edas por dar el paso, disolver las Cortes de forma inmediata para <strong>ir a elecciones a principios de febrero <\/strong>y culpar del \u00abbloqueo\u00bb a Vox. Unos sondeos optimistas y el caramelo de poder hacer &#8216;jaque mate&#8217; a <strong>Pilar Alegr\u00eda<\/strong>, ministra y candidata del PSOE, resulta demasiado tentador. <strong>Para Azc\u00f3n y para Feij\u00f3o<\/strong>. <\/p>\n","protected":false},"excerpt":{"rendered":"Arag\u00f3n se precipita al adelanto electoral. Jorge Azc\u00f3n se ha dado hasta de plazo hasta el viernes para&hellip;\n","protected":false},"author":2,"featured_media":279947,"comment_status":"","ping_status":"","sticky":false,"template":"","format":"standard","meta":{"footnotes":""},"categories":[8],"tags":[17,18,25,24,13,14,11,19,20,9,10,15,16,23,12,21,22],"class_list":{"0":"post-279946","1":"post","2":"type-post","3":"status-publish","4":"format-standard","5":"has-post-thumbnail","7":"category-espana","8":"tag-breaking-news","9":"tag-breakingnews","10":"tag-es","11":"tag-espana","12":"tag-featured-news","13":"tag-featurednews","14":"tag-headlines","15":"tag-latest-news","16":"tag-latestnews","17":"tag-news","18":"tag-noticias","19":"tag-noticias-destacadas","20":"tag-noticiasdestacadas","21":"tag-spain","22":"tag-titulares","23":"tag-ultimas-noticias","24":"tag-ultimasnoticias"},"share_on_mastodon":{"url":"https:\/\/pubeurope.com\/@es\/115691269198991445","error":""},"_links":{"self":[{"href":"https:\/\/www.europesays.com\/es\/wp-json\/wp\/v2\/posts\/279946","targetHints":{"allow":["GET"]}}],"collection":[{"href":"https:\/\/www.europesays.com\/es\/wp-json\/wp\/v2\/posts"}],"about":[{"href":"https:\/\/www.europesays.com\/es\/wp-json\/wp\/v2\/types\/post"}],"author":[{"embeddable":true,"href":"https:\/\/www.europesays.com\/es\/wp-json\/wp\/v2\/users\/2"}],"replies":[{"embeddable":true,"href":"https:\/\/www.europesays.com\/es\/wp-json\/wp\/v2\/comments?post=279946"}],"version-history":[{"count":0,"href":"https:\/\/www.europesays.com\/es\/wp-json\/wp\/v2\/posts\/279946\/revisions"}],"wp:featuredmedia":[{"embeddable":true,"href":"https:\/\/www.europesays.com\/es\/wp-json\/wp\/v2\/media\/279947"}],"wp:attachment":[{"href":"https:\/\/www.europesays.com\/es\/wp-json\/wp\/v2\/media?parent=279946"}],"wp:term":[{"taxonomy":"category","embeddable":true,"href":"https:\/\/www.europesays.com\/es\/wp-json\/wp\/v2\/categories?post=279946"},{"taxonomy":"post_tag","embeddable":true,"href":"https:\/\/www.europesays.com\/es\/wp-json\/wp\/v2\/tags?post=279946"}],"curies":[{"name":"wp","href":"https:\/\/api.w.org\/{rel}","templated":true}]}}