{"id":279948,"date":"2025-12-09T19:30:17","date_gmt":"2025-12-09T19:30:17","guid":{"rendered":"https:\/\/www.europesays.com\/es\/279948\/"},"modified":"2025-12-09T19:30:17","modified_gmt":"2025-12-09T19:30:17","slug":"la-moncloa-09-12-2025-referencia-del-consejo-de-ministros-consejo-de-ministros-referencias","status":"publish","type":"post","link":"https:\/\/www.europesays.com\/es\/279948\/","title":{"rendered":"La Moncloa. 09\/12\/2025. Referencia del Consejo de Ministros [Consejo de Ministros\/Referencias]"},"content":{"rendered":"<p class=\"news-location\">La Moncloa<\/p>\n<p>SUMARIOHacienda <\/p>\n<ul>\n<li>Compromisos del Plan de Recuperaci\u00f3n, Transformaci\u00f3n y Resiliencia (C12, I2). ACUERDO por el que se autoriza un cr\u00e9dito extraordinario vinculado al Mecanismo de Recuperaci\u00f3n y Resiliencia en el Centro Espa\u00f1ol de Metrolog\u00eda, por un importe de 8.417.335,74 euros, en cumplimiento del art\u00edculo 37.3 del Real Decreto-ley 36\/2020, de 30 de diciembre, <a href=\"#plan\">por el que se aprueban medidas urgentes para la modernizaci\u00f3n de la Administraci\u00f3n P\u00fablica y para la ejecuci\u00f3n del Plan de Recuperaci\u00f3n, Transformaci\u00f3n y Resiliencia.<\/a><\/li>\n<li>ACUERDO por el que se autoriza la concesi\u00f3n de un suplemento de cr\u00e9dito en el presupuesto del Organismo Aut\u00f3nomo Jefatura Central de Tr\u00e1fico, por importe de 2.549.858 euros, con la finalidad de adecuar las dotaciones destinadas a los incentivos al rendimiento a los importes autorizados en la \u00d3rdenes de la Secretaria de Estado de Presupuestos y Gastos de 21 y 25 de noviembre de 2025.<\/li>\n<li>ACUERDO por el que <a href=\"#fondo\">se autoriza una transferencia de cr\u00e9dito desde el Ministerio de Hacienda al Ministerio de Pol\u00edtica Territorial y Memoria Democr\u00e1tica, por importe de 15.000.000 de euros, para financiar el Fondo de Inversiones de Teruel.<\/a><\/li>\n<li>ACUERDO por el que se autoriza una transferencia de cr\u00e9dito, por importe de 5.915.486,62 euros, al Ministerio de Asuntos Exteriores, Uni\u00f3n Europea y Cooperaci\u00f3n para financiar el incremento retributivo del personal al servicio del sector p\u00fablico, de acuerdo con lo establecido en el Real Decreto-ley 14\/2025, de 2 de diciembre.<\/li>\n<li>ACUERDO por el que se autoriza una transferencia de cr\u00e9dito, por importe de 36.893.161,95 euros, al Ministerio de la Presidencia, Justicia y Relaciones con las Cortes para financiar el incremento retributivo del personal al servicio del sector p\u00fablico, de acuerdo con lo establecido en el Real Decreto-ley 14\/2025, de 2 de diciembre.<\/li>\n<li>ACUERDO por el que se autoriza una transferencia de cr\u00e9dito, por importe de 4.353.545,31 euros, al Ministerio de Pol\u00edtica Territorial y Memoria Democr\u00e1tica para financiar el incremento retributivo del personal al servicio del sector p\u00fablico, de acuerdo con lo establecido en el Real Decreto-ley 14\/2025, de 2 de diciembre.<\/li>\n<li>ACUERDO por el que <a href=\"#fondo\">se autoriza una transferencia de cr\u00e9dito desde el Ministerio de Hacienda y la Secci\u00f3n 36 \u00abFondos de Compensaci\u00f3n Interterritorial\u00bb al Ministerio de Pol\u00edtica Territorial y Memoria Democr\u00e1tica, por importe de 6.500.000 euros, para financiar el Fondo de Inversiones de Teruel.<\/a><\/li>\n<li>ACUERDO por el que se autoriza la concesi\u00f3n de un suplemento de cr\u00e9dito en el presupuesto del Organismo Aut\u00f3nomo Jefatura Central de Tr\u00e1fico, por importe de 8.304.669,88 euros, para financiar el incremento retributivo del personal al servicio del sector p\u00fablico, de acuerdo con lo establecido en el Real Decreto-ley 14\/2025, de 2 diciembre.<\/li>\n<li>ACUERDO por el que <a href=\"#deuda\">se autoriza a la Comunidad de Madrid a formalizar operaciones de deuda a largo plazo,<\/a> por un importe m\u00e1ximo de 3.027.649.914,07 euros, y operaciones de deuda a corto plazo por un importe m\u00e1ximo de 1.846.250.000 euros.<\/li>\n<li>ACUERDO por el que <a href=\"#deuda\">se autoriza a la Comunidad Aut\u00f3noma de Andaluc\u00eda a formalizar operaciones de deuda a largo plazo<\/a> por un importe m\u00e1ximo de 3.818.375.105,87 euros.<\/li>\n<li>ACUERDO por el que <a href=\"#deuda\">se autoriza a la Comunidad Foral de Navarra a formalizar operaciones de deuda a corto plazo<\/a> por un importe m\u00e1ximo de 300.000.000 de euros.<\/li>\n<li>ACUERDO por el que <a href=\"#deuda\">se autoriza a la Comunidad Aut\u00f3noma de Catalu\u00f1a a formalizar operaciones de deuda a corto plazo<\/a> por un importe m\u00e1ximo de 77.000.000 de euros.<\/li>\n<li>ACUERDO por el que <a href=\"#garantia\">se autoriza a la Comunidad de Castilla y Le\u00f3n a otorgar garant\u00edas durante 2026<\/a> por un importe m\u00e1ximo de 40.000.000 de euros.<\/li>\n<li>ACUERDO por el que se modifican los l\u00edmites para adquirir compromisos de gasto con cargo a ejercicios futuros en aplicaci\u00f3n de lo dispuesto en el art\u00edculo 47 de la Ley 47\/2003, de 26 de noviembre, General Presupuestaria, <a href=\"#proa\">a fin de posibilitar al Ministerio de Educaci\u00f3n, Formaci\u00f3n Profesional y Deportes la cobertura de las necesidades de educaci\u00f3n encuadradas en los programas de refuerzo y PROA+ en los centros concertados de las ciudades de Ceuta y Melilla.<\/a><\/li>\n<li>ACUERDO por el que se modifican los l\u00edmites para adquirir compromisos de gasto con cargo a ejercicios futuros en aplicaci\u00f3n de lo dispuesto en el art\u00edculo 47 de la Ley 47\/2003, de 26 de noviembre, General Presupuestaria, a fin de posibilitar al Ministerio de Agricultura, Pesca y Alimentaci\u00f3n la tramitaci\u00f3n de nuevos gastos en la aplicaci\u00f3n presupuestaria 21.01.411M.6 \u00abInversiones reales\u00bb.<\/li>\n<li>ACUERDO por el que se modifican los l\u00edmites para adquirir compromisos de gasto con cargo a ejercicios futuros en aplicaci\u00f3n de lo dispuesto en el art\u00edculo 47 de la Ley 47\/2003, de 26 de noviembre, General Presupuestaria, a fin de posibilitar al Ministerio de Agricultura, Pesca y Alimentaci\u00f3n la tramitaci\u00f3n del contrato de concesi\u00f3n del servicio de cafeter\u00eda y comedor en diversas sedes de dicho Departamento ministerial.<\/li>\n<li>ACUERDO por el que se autoriza la adquisici\u00f3n de compromisos de gasto con cargo a ejercicios futuros en aplicaci\u00f3n de lo dispuesto en el art\u00edculo 47 de la Ley 47\/2003, de 26 de noviembre, General Presupuestaria, <a href=\"#dana\">a fin de posibilitar al Organismo Aut\u00f3nomo Confederaci\u00f3n Hidrogr\u00e1fica del J\u00facar la tramitaci\u00f3n de diversos expedientes destinados a paliar los efectos adversos producidos por la Depresi\u00f3n Aislada en Niveles Altos (DANA) en octubre de 2024.<\/a><\/li>\n<li>ACUERDO por el que se modifican los l\u00edmites para adquirir compromisos de gasto con cargo a ejercicios futuros en aplicaci\u00f3n de lo dispuesto en el art\u00edculo 47 de la Ley 47\/2003, de 26 de noviembre, General Presupuestaria, a fin de posibilitar al Ministerio de Inclusi\u00f3n, Seguridad Social y Migraciones la contrataci\u00f3n de la prestaci\u00f3n de servicios bancarios que requiere la Subdirecci\u00f3n General de la Ciudadan\u00eda Espa\u00f1ola en el Exterior y de Pol\u00edticas de Retorno.<\/li>\n<li>ACUERDO por el que se modifican los l\u00edmites para adquirir compromisos de gasto con cargo a ejercicios futuros en aplicaci\u00f3n de lo dispuesto en el art\u00edculo 47 de la Ley 47\/2003, de 26 de noviembre, General Presupuestaria, a fin de posibilitar al Ministerio de Transportes y Movilidad Sostenible llevar a cabo la tramitaci\u00f3n de los contratos de suministro de energ\u00eda y vestuario, as\u00ed como diversos expedientes de reajuste de anualidades de contratos en ejecuci\u00f3n.<\/li>\n<li>ACUERDO por el que se autoriza la adquisici\u00f3n de compromisos de gasto con cargo a ejercicios futuros en aplicaci\u00f3n de lo dispuesto en el art\u00edculo 47 de la Ley 47\/2003, de 26 de noviembre, General Presupuestaria, <a href=\"#permiso\">a fin de posibilitar al Ministerio de Transportes y Movilidad Sostenible la financiaci\u00f3n de la concesi\u00f3n directa de subvenciones a los ciudadanos para la obtenci\u00f3n de permisos de conducci\u00f3n de las clases C y D.<\/a><\/li>\n<li>ACUERDO por el que se autoriza la adquisici\u00f3n de compromisos de gasto con cargo a ejercicios futuros en aplicaci\u00f3n de lo dispuesto en el art\u00edculo 47 de la Ley 47\/2003, de 26 de noviembre, General Presupuestaria, <a href=\"#viajero\">a fin de posibilitar al Ministerio de Transportes y Movilidad Sostenible cofinanciar parte de las ayudas directas al transporte colectivo de viajeros, recogidas en el Real Decreto-ley 1\/2025, de 28 de enero.<\/a><\/li>\n<li>ACUERDO por el que se autoriza la adquisici\u00f3n de compromisos de gasto con cargo a ejercicios futuros en aplicaci\u00f3n de lo dispuesto en el art\u00edculo 47 de la Ley 47\/2003, de 26 de noviembre, General Presupuestaria, <a href=\"#bici\">a fin de posibilitar al Ministerio de Transportes y Movilidad Sostenible la concesi\u00f3n de ayudas a entidades locales para el apoyo financiero de los servicios p\u00fablicos de pr\u00e9stamos de bicicletas.<\/a><\/li>\n<li>ACUERDO por el que se autoriza la adquisici\u00f3n de compromisos de gasto con cargo a ejercicios futuros en aplicaci\u00f3n de lo dispuesto en el art\u00edculo 47 de la Ley 47\/2003, de 26 de noviembre, General Presupuestaria, <a href=\"#parques\">a fin de posibilitar al Organismo Aut\u00f3nomo Parques Nacionales el cumplimiento de las obligaciones derivadas de la convocatoria de subvenciones para la realizaci\u00f3n de proyectos de investigaci\u00f3n en la Red de Parques Nacionales para el a\u00f1o 2025.<\/a><\/li>\n<li>ACUERDO por el que se modifican los l\u00edmites establecidos en el art\u00edculo 47 de la Ley 47\/2003, de 26 de noviembre, General Presupuestaria, para adquirir compromisos de gasto con cargo a ejercicios futuros, <a href=\"#ayuntamiento\">a fin de posibilitar al Ministerio de Transportes y Movilidad Sostenible el reajuste de la financiaci\u00f3n de la Adenda al Convenio para la cesi\u00f3n al Ayuntamiento de Sevilla de la carretera SE-20 y dos tramos de la N-630.<\/a><\/li>\n<li>ACUERDO por el que se modifican los l\u00edmites y el n\u00famero de anualidades para adquirir compromisos de gasto con cargo a ejercicios futuros en aplicaci\u00f3n de lo dispuesto en el art\u00edculo 47 de la Ley 47\/2003, de 26 de noviembre, General Presupuestaria, <a href=\"#canarias\">con la finalidad de posibilitar al Ministerio de Transportes y Movilidad Sostenible el reajuste de anualidades correspondiente a la tercera Adenda al Convenio, suscrito el 22 de diciembre de 2018, con la Comunidad Aut\u00f3noma de Canarias en materia de carreteras.<\/a><\/li>\n<li>ACUERDO por el que se modifican los l\u00edmites y el n\u00famero de anualidades establecidos en el art\u00edculo 47 de la Ley 47\/2003, de 26 de noviembre, General Presupuestaria, para adquirir compromisos de gasto con cargo a ejercicios futuros, <a href=\"#carlos\">a fin de posibilitar al Organismo Aut\u00f3nomo Instituto de Salud Carlos III la tramitaci\u00f3n anticipada de la convocatoria, en r\u00e9gimen de concurrencia competitiva, de la Acci\u00f3n Estrat\u00e9gica de Salud correspondiente al a\u00f1o 2026.<\/a><\/li>\n<li>ACUERDO por el que se modifican los l\u00edmites establecidos en el art\u00edculo 47 de la Ley 47\/2003, de 26 de noviembre, General Presupuestaria, para adquirir compromisos de gasto con cargo a ejercicios futuros, a fin de posibilitar al Ministerio de Transportes y Movilidad Sostenible la concesi\u00f3n directa de una subvenci\u00f3n al Centro de Estudios de Transportes del Mediterr\u00e1neo Occidental, para el desarrollo de actividades de secretariado del Grupo de Ministros de Transportes del Mediterr\u00e1neo Occidental.<\/li>\n<li>ACUERDO por el que se modifican los l\u00edmites establecidos en el art\u00edculo 41 del Real Decreto-ley 36\/2020, de 30 de diciembre, por el que se aprueban medidas urgentes para la modernizaci\u00f3n de la Administraci\u00f3n P\u00fablica y para la ejecuci\u00f3n del Plan de Recuperaci\u00f3n, Transformaci\u00f3n y Resiliencia, para adquirir compromisos de gasto con cargo a ejercicios futuros, <a href=\"#adif\">a fin de posibilitar al Ministerio de Transportes y Movilidad Sostenible la pr\u00f3rroga en 2026 del Convenio con el Administrador de Infraestructuras Ferroviarias (ADIF) para la sostenibilidad econ\u00f3mica de las infraestructuras ferroviarias que integran su red, durante 2021-2025.<\/a><\/li>\n<li>ACUERDO por el que se modifican y autorizan los l\u00edmites establecidos en el art\u00edculo 47 de la Ley 47\/2003, de 26 de noviembre, General Presupuestaria, para adquirir compromisos de gasto con cargo a ejercicios futuros, a fin de posibilitar al Ministerio de Transportes y Movilidad Sostenible la pr\u00f3rroga en 2026 del Convenio con el Administrador de Infraestructuras Ferroviarias (ADIF) para la sostenibilidad econ\u00f3mica de las infraestructuras ferroviarias que integran su red, durante 2021-2025.<\/li>\n<li>ACUERDO por el que se modifican los l\u00edmites establecidos en el art\u00edculo 47 de la Ley 47\/2003, de 26 de noviembre, General Presupuestaria, para adquirir compromisos de gasto con cargo a ejercicios futuros, <a href=\"#adif\">a fin de posibilitar al Ministerio de Transportes y Movilidad Sostenible la pr\u00f3rroga de un Convenio con el Administrador de Infraestructuras Ferroviarias ADIF-Alta Velocidad para la sostenibilidad econ\u00f3mica de las infraestructuras ferroviarias que integran su red, durante el periodo 2021-2025.<\/a><\/li>\n<li>ACUERDO por el que se modifican los l\u00edmites establecidos en el art\u00edculo 41 del Real Decreto-ley 36\/2020, de 30 de diciembre, por el que se aprueban medidas urgentes para la modernizaci\u00f3n de la Administraci\u00f3n P\u00fablica y para la ejecuci\u00f3n del PRTR, para adquirir compromisos de gasto con cargo a ejercicios futuros, a fin de posibilitar al Ministerio de Transportes y Movilidad Sostenible la pr\u00f3rroga de un Convenio con el Administrador de Infraestructuras Ferroviarias ADIF-Alta Velocidad para la sostenibilidad econ\u00f3mica de las infraestructuras ferroviarias que integran su red, durante el periodo 2021-2025.<\/li>\n<\/ul>\n<p>Para la Transici\u00f3n Ecol\u00f3gica y el Reto Demogr\u00e1fico <\/p>\n<ul>\n<li>ACUERDO por el que <a href=\"#ebro\">se autoriza la celebraci\u00f3n del contrato de servicios para la mejora del estado de los canales existentes en las zonas regables de Inter\u00e9s General del Estado en la Confederaci\u00f3n Hidrogr\u00e1fica del Ebro<\/a>, O.A., con el fin de impulsar el ahorro, eficiencia y sostenibilidad en el uso de los recursos h\u00eddricos, por un valor estimado de 35.804.520,06 euros.<\/li>\n<li>ACUERDO por el que se autoriza la celebraci\u00f3n del contrato de obras de las actuaciones de correcci\u00f3n hidrol\u00f3gica y laminaci\u00f3n en la rambla de Cobatillas, t\u00e9rminos municipales de Murcia y San Javier (Murcia), por un valor estimado de 13.160.384,43 euros.<\/li>\n<li>ACUERDO por el que se toma raz\u00f3n de la declaraci\u00f3n de emergencia de los trabajos de reparaci\u00f3n de los da\u00f1os ocasionados en diversas infraestructuras del postrasvase en la demarcaci\u00f3n del Segura como consecuencia de la DANA de octubre de 2025, por un importe m\u00e1ximo de 2.050.000 euros.<\/li>\n<li>ACUERDO por el que se toma raz\u00f3n de la declaraci\u00f3n de emergencia de las obras para la restituci\u00f3n del Nuevo Canal de Cartagena, entre la Almenara de El Mirador y la Almenara de El Jimenado, en el \u00e1mbito de la Mancomunidad de los Canales del Taibilla, O.A., por un importe m\u00e1ximo de 1.500.000 de euros.<\/li>\n<li>ACUERDO por el que se toma raz\u00f3n de la declaraci\u00f3n de emergencia para la realizaci\u00f3n de los trabajos de restauraci\u00f3n hidrol\u00f3gico-forestal del incendio de Cangas del Narcea y Dega\u00f1a en la provincia de Asturias, por un importe m\u00e1ximo de 748.139,76 euros.<\/li>\n<li>ACUERDO por el que se toma raz\u00f3n de la declaraci\u00f3n de emergencia de las obras de reparaci\u00f3n de las compuertas de las presas de Burguillo, Picadas y Cazalegas, as\u00ed como el aliviadero de la presa de Cazalegas (\u00c1vila, Madrid y Toledo), por un importe total de 3.000.000 de euros.<\/li>\n<li>ACUERDO por el que se autoriza la contribuci\u00f3n voluntaria de la Agencia Estatal de Meteorolog\u00eda para el pago de la deuda derivada del ajuste fiscal por tributaci\u00f3n de los pensionistas residentes en Espa\u00f1a del Centro Europeo de Predicci\u00f3n a Plazo Medio (CEPPM) correspondiente al ejercicio 2024, por un importe global de 42.092 euros.<\/li>\n<li>ACUERDO por el que se autoriza la contribuci\u00f3n voluntaria de la Agencia Estatal de Meteorolog\u00eda para el pago de la deuda derivada del ajuste fiscal por tributaci\u00f3n de los pensionistas residentes en Espa\u00f1a de la Organizaci\u00f3n Europea para la Explotaci\u00f3n de Sat\u00e9lites Meteorol\u00f3gicos (EUMETSAT) correspondiente al ejercicio 2024, por un importe global de 54.195 euros.<\/li>\n<li>ACUERDO por el que se declara la urgente ocupaci\u00f3n de los bienes y derechos afectados por la ejecuci\u00f3n de las obras del proyecto de adaptaci\u00f3n al riesgo de inundaci\u00f3n del barranco Barxeta, Fase I, en el t\u00e9rmino municipal de Carcaixent (Valencia).<\/li>\n<li>ACUERDO por el que se declara la urgente ocupaci\u00f3n de los bienes y derechos afectados por la ejecuci\u00f3n de las obras del proyecto de adaptaci\u00f3n al riesgo de inundaci\u00f3n del barranco Barxeta, Fase II, en el t\u00e9rmino municipal de Carcaixent (Valencia).<\/li>\n<\/ul>\n<p>Asuntos Exteriores, Uni\u00f3n Europea y Cooperaci\u00f3n Presidencia, Justicia y Relaciones con las Cortes <\/p>\n<ul>\n<li>PROYECTO DE LEY ORG\u00c1NICA de <a href=\"#ley\">medidas excepcionales de sostenibilidad financiera para las comunidades aut\u00f3nomas de r\u00e9gimen com\u00fan.<\/a><\/li>\n<li>REAL DECRETO por el que se modifica el Estatuto de la Agencia Estatal de investigaci\u00f3n, aprobado mediante Real Decreto 1067\/2015, de 27 de noviembre.<\/li>\n<li>Compromisos del Plan de Recuperaci\u00f3n, Transformaci\u00f3n y Resiliencia (C2, R7). REAL DECRETO por el que <a href=\"#suelo\">se modifica el Estatuto de la Entidad P\u00fablica Empresarial de Suelo (SEPES)<\/a>, aprobado por Real Decreto 1525\/1999, de 1 de octubre.<\/li>\n<li>ACUERDO por el que <a href=\"#a\u00f1o\">se aprueba la declaraci\u00f3n institucional con motivo del A\u00f1o Internacional de las Personas Voluntarias para el Desarrollo Sostenible.<\/a><\/li>\n<li>ACUERDO por el que se prorroga el Mecanismo RED de Flexibilidad y Estabilizaci\u00f3n del Empleo para el sector de la fabricaci\u00f3n de veh\u00edculos de motor, activado por el Acuerdo del Consejo de Ministros de 23 de diciembre de 2024, de conformidad con el art\u00edculo 47 bis del texto refundido de la Ley del Estatuto de los Trabajadores, aprobado por el Real Decreto Legislativo 2\/2015, de 23 de octubre.<\/li>\n<li>ACUERDO por el que <a href=\"#adenda\">se autoriza la suscripci\u00f3n de la adenda de pr\u00f3rroga y modificaci\u00f3n al Convenio suscrito el 20 de diciembre de 2022<\/a> entre la Secretar\u00eda de Estado de Turismo, la Consejer\u00eda de Turismo, Cultura y Deporte de la Comunidad Aut\u00f3noma de Andaluc\u00eda y el Ayuntamiento de Arcos de la Frontera para la ejecuci\u00f3n del Plan de Sostenibilidad Tur\u00edstica en Arcos de la Frontera.<\/li>\n<li>ACUERDO por el que <a href=\"#adenda\">se autoriza la suscripci\u00f3n de la adenda de pr\u00f3rroga y modificaci\u00f3n al Convenio suscrito el 20 de diciembre de 2022<\/a> entre la Secretar\u00eda de Estado de Turismo, la Consejer\u00eda de Turismo, Cultura y Deporte de la Comunidad Aut\u00f3noma de Andaluc\u00eda y la Diputaci\u00f3n de Ja\u00e9n para la ejecuci\u00f3n del Plan de Sostenibilidad Tur\u00edstica en Sierra Morena Territorio Lince.<\/li>\n<li>ACUERDO por el que <a href=\"#adenda\">se autoriza la suscripci\u00f3n de la adenda de pr\u00f3rroga y modificaci\u00f3n al Convenio suscrito el 20 de diciembre de 2022<\/a> entre la Secretar\u00eda de Estado de Turismo, la Consejer\u00eda de Turismo, Cultura y Deporte de la Comunidad Aut\u00f3noma de Andaluc\u00eda y el Ayuntamiento de Soport\u00fajar para la ejecuci\u00f3n del Plan de Sostenibilidad Tur\u00edstica \u00abSoport\u00fajar, por un turismo de calidad\u00bb.<\/li>\n<li>ACUERDO por el que <a href=\"#adenda\">se autoriza la suscripci\u00f3n de la adenda de pr\u00f3rroga y modificaci\u00f3n al Convenio suscrito el 19 de diciembre de 2022 <\/a>entre la Secretar\u00eda de Estado de Turismo, la Consejer\u00eda de Industria, Competitividad y Desarrollo Empresarial de la Comunidad Aut\u00f3noma de Arag\u00f3n y la Comarca de G\u00fadar-Javalambre para la ejecuci\u00f3n del Plan de Sostenibilidad Tur\u00edstica en la Comarca de G\u00fadar-Javalambre.<\/li>\n<li>ACUERDO por el que <a href=\"#adenda\">se autoriza la suscripci\u00f3n de la adenda de pr\u00f3rroga y modificaci\u00f3n al Convenio suscrito el 19 de diciembre de 2022<\/a> entre la Secretar\u00eda de Estado de Turismo, la Consejer\u00eda de Industria, Competitividad y Desarrollo Empresarial de la Comunidad Aut\u00f3noma de Arag\u00f3n y el Ayuntamiento de Velilla de Ebro para la ejecuci\u00f3n del Plan de Sostenibilidad Tur\u00edstica en Velilla de Ebro.<\/li>\n<li>ACUERDO por el que <a href=\"#adenda\">se autoriza la suscripci\u00f3n de la adenda de pr\u00f3rroga y modificaci\u00f3n al Convenio suscrito el 20 de diciembre de 2022 <\/a>entre la Secretar\u00eda de Estado de Turismo, el Departament d&#8217;Empresa i Treball de la Generalitat de Catalunya y el Ayuntamiento de Deltebre para la ejecuci\u00f3n del Plan de Sostenibilidad Tur\u00edstica en Deltebre.<\/li>\n<li>ACUERDO por el que <a href=\"#adenda\">se autoriza la suscripci\u00f3n de la adenda de pr\u00f3rroga y modificaci\u00f3n al Convenio suscrito el 20 de diciembre de 2022<\/a> entre la Secretar\u00eda de Estado de Turismo, el Departament d&#8217; Empresa i Treball de la Generalitat de Catalunya y el Ayuntamiento de Mont-roig del Camp para la ejecuci\u00f3n del Plan de Sostenibilidad Tur\u00edstica en Mont-roig del Camp &#8211; Miami Platja.<\/li>\n<li>ACUERDO por el que <a href=\"#adenda\">se autoriza la suscripci\u00f3n de la adenda de pr\u00f3rroga y modificaci\u00f3n al Convenio suscrito el 19 de diciembre de 2022<\/a> entre la Secretar\u00eda de Estado de Turismo, la Consejer\u00eda de Cultura, Pol\u00edtica Lling\u00fc\u00edstica y Turismo del Principado de Asturias y el Ayuntamiento de Cangas de On\u00eds para la ejecuci\u00f3n del Plan de Sostenibilidad Tur\u00edstica en Cangas de On\u00eds.<\/li>\n<li>ACUERDO por el que <a href=\"#adenda\">se autoriza la suscripci\u00f3n de la adenda de pr\u00f3rroga y modificaci\u00f3n al Convenio suscrito el 19 de diciembre de 2022 <\/a>entre la Secretar\u00eda de Estado de Turismo, la Comunidad de Madrid y el Ayuntamiento de Torrelaguna para la ejecuci\u00f3n del Plan de Sostenibilidad Tur\u00edstica en Torrelaguna.<\/li>\n<li>ACUERDO por el que <a href=\"#adenda\">se autoriza la suscripci\u00f3n de la adenda de pr\u00f3rroga y modificaci\u00f3n al Convenio suscrito el 19 de diciembre de 2022<\/a> entre la Secretar\u00eda de Estado de Turismo, la Consejer\u00eda de Cultura, Pol\u00edtica Lling\u00fc\u00edstica y Turismo del Principado de Asturias y el Ayuntamiento de Tineo para la ejecuci\u00f3n del Plan de Sostenibilidad Tur\u00edstica en Tineo.<\/li>\n<li>ACUERDO por el que <a href=\"#adenda\">se autoriza la suscripci\u00f3n de la adenda de pr\u00f3rroga y modificaci\u00f3n al Convenio suscrito el 19 de diciembre de 2022<\/a> entre la Secretar\u00eda de Estado de Turismo, la Comunidad de Madrid y la Mancomunidad del Embalse del Atazar para la ejecuci\u00f3n del Plan de Sostenibilidad Tur\u00edstica en la Mancomunidad del Embalse del Atazar.<\/li>\n<li>ACUERDO por el que <a href=\"#adenda\">se autoriza la suscripci\u00f3n de la adenda de pr\u00f3rroga y modificaci\u00f3n al Convenio suscrito el 20 de diciembre de 2022<\/a> entre la Secretar\u00eda de Estado de Turismo, el Departament d&#8217;Empresa i Treball de la Generalitat de Catalunya y el Ayuntamiento de Tossa de Mar para la ejecuci\u00f3n del Plan de Sostenibilidad Tur\u00edstica en Tossa de Mar, cultural y sostenible.<\/li>\n<li>ACUERDO por el que <a href=\"#adenda\">se autoriza la suscripci\u00f3n de la adenda de pr\u00f3rroga y modificaci\u00f3n al Convenio suscrito el 19 de diciembre de 2022<\/a> entre la Secretar\u00eda de Estado de Turismo, la Agencia de Estrategia Tur\u00edstica de las Illes Balears de la Comunidad Aut\u00f3noma de las Illes Balears y el Ayuntamiento de Calvi\u00e0 para la ejecuci\u00f3n del Plan de Sostenibilidad Tur\u00edstica en Santa Pon\u00e7a (Calvi\u00e0).<\/li>\n<li>ACUERDO por el que <a href=\"#adenda\">se autoriza la suscripci\u00f3n de la adenda de pr\u00f3rroga y modificaci\u00f3n al Convenio suscrito el 19 de diciembre de 2022<\/a> entre la Secretar\u00eda de Estado de Turismo, la Consejer\u00eda de Presidencia, Turismo, Cultura y Deportes de la Comunidad Aut\u00f3noma de la Regi\u00f3n de Murcia y el Ayuntamiento de Alcantarilla para la ejecuci\u00f3n del Plan de Sostenibilidad Tur\u00edstica en Alcantarilla.<\/li>\n<li>ACUERDO por el que <a href=\"#adenda\">se autoriza la suscripci\u00f3n de la adenda de pr\u00f3rroga y modificaci\u00f3n al Convenio suscrito el 19 de diciembre de 2022<\/a> entre la Secretar\u00eda de Estado de Turismo, la Agencia de Estrategia Tur\u00edstica de las Illes Balears de la Comunidad Aut\u00f3noma de las Illes Balears y el Consell Insular de Menorca para la ejecuci\u00f3n del Plan de Sostenibilidad Tur\u00edstica en la isla de Menorca.<\/li>\n<li>ACUERDO por el que <a href=\"#adenda\">se autoriza la suscripci\u00f3n de la adenda de pr\u00f3rroga y modificaci\u00f3n al Convenio suscrito el 19 de diciembre de 2022<\/a> entre la Secretar\u00eda de Estado de Turismo, Turisme Comunitat Valenciana y el Ayuntamiento de Alicante para la ejecuci\u00f3n del Plan de Sostenibilidad Tur\u00edstica en la ciudad de Alicante.<\/li>\n<li>ACUERDO por el que <a href=\"#adenda\">se autoriza la suscripci\u00f3n de la adenda de pr\u00f3rroga y modificaci\u00f3n al Convenio suscrito el 19 de diciembre de 2022<\/a> entre la Secretar\u00eda de Estado de Turismo, la Consejer\u00eda de Turismo, Industria y Comercio del Gobierno de Canarias y el Ayuntamiento de Los Llanos de Aridane para la ejecuci\u00f3n del Plan de Sostenibilidad Tur\u00edstica en Los Llanos de Aridane.<\/li>\n<li>ACUERDO por el que <a href=\"#adenda\">se autoriza la suscripci\u00f3n de la adenda de pr\u00f3rroga y modificaci\u00f3n al Convenio suscrito el 19 de diciembre de 2022<\/a> entre la Secretar\u00eda de Estado de Turismo, la Consejer\u00eda de Cultura, Turismo y Deporte de la Junta de Castilla y Le\u00f3n y el Ayuntamiento de Duruelo de la Sierra para la ejecuci\u00f3n del Plan de Sostenibilidad Tur\u00edstica en Duruelo de la Sierra.<\/li>\n<li>ACUERDO por el que <a href=\"#adenda\">se autoriza la suscripci\u00f3n de la adenda de pr\u00f3rroga y modificaci\u00f3n al Convenio suscrito el 19 de diciembre de 2022<\/a> entre la Secretar\u00eda de Estado de Turismo, Turisme Comunitat Valenciana y la Mancomunidad Intermunicipal Vall del Pop para la ejecuci\u00f3n del Plan de Sostenibilidad Tur\u00edstica en la Mancomunidad Intermunicipal Vall del Pop.<\/li>\n<li>ACUERDO por el que <a href=\"#adenda\">se autoriza la suscripci\u00f3n de la adenda de pr\u00f3rroga y modificaci\u00f3n al Convenio suscrito el 20 de diciembre de 2022<\/a> entre la Secretar\u00eda de Estado de Turismo, la Consejer\u00eda de Industria, Turismo, Innovaci\u00f3n, Transporte y Comercio de la Comunidad Aut\u00f3noma de Cantabria y el Ayuntamiento de Reoc\u00edn para la ejecuci\u00f3n del Plan de Sostenibilidad Tur\u00edstica en Reoc\u00edn.<\/li>\n<li>ACUERDO por el que <a href=\"#adenda\">se autoriza la suscripci\u00f3n de la adenda de pr\u00f3rroga y modificaci\u00f3n al Convenio suscrito el 21 de diciembre de 2022<\/a> entre la Secretar\u00eda de Estado de Turismo, la Consejer\u00eda de Cultura, Turismo y Deportes de la Junta de Extremadura y la Diputaci\u00f3n de Badajoz para la ejecuci\u00f3n del Plan de Sostenibilidad Tur\u00edstica en la Sierra del Suroeste-Tentud\u00eda.<\/li>\n<li>ACUERDO por el que <a href=\"#adenda\">se autoriza la suscripci\u00f3n de la adenda de pr\u00f3rroga y modificaci\u00f3n al Convenio suscrito el 19 de diciembre de 2022<\/a> entre la Secretar\u00eda de Estado de Turismo, la Consejer\u00eda de Econom\u00eda, Empresas y Empleo de la Junta de Comunidades de Castilla-La Mancha y el Ayuntamiento de Almansa para la ejecuci\u00f3n del Plan de Sostenibilidad Tur\u00edstica en Almansa.<\/li>\n<li>ACUERDO por el que <a href=\"#adenda\">se autoriza la suscripci\u00f3n de la adenda de pr\u00f3rroga y modificaci\u00f3n al Convenio suscrito el 21 de diciembre de 2022<\/a> entre la Secretar\u00eda de Estado de Turismo, la Agencia Turismo de Galicia de la Comunidad Aut\u00f3noma de Galicia y el Ayuntamiento de A Coru\u00f1a para la ejecuci\u00f3n del Plan de Sostenibilidad Tur\u00edstica en A Coru\u00f1a.<\/li>\n<li>ACUERDO por el que <a href=\"#adenda\">se autoriza la suscripci\u00f3n de la adenda de pr\u00f3rroga y modificaci\u00f3n al Convenio suscrito el 19 de diciembre de 2022<\/a> entre la Secretar\u00eda de Estado de Turismo, la Consejer\u00eda de Econom\u00eda, Empresas y Empleo de la Junta de Comunidades de Castilla-La Mancha y el Ayuntamiento de Elche de la Sierra para la ejecuci\u00f3n del Plan de Sostenibilidad Tur\u00edstica en Elche de la Sierra.<\/li>\n<li>ACUERDO por el que <a href=\"#adenda\">se autoriza la suscripci\u00f3n de la adenda de pr\u00f3rroga y modificaci\u00f3n al Convenio suscrito el 21 de diciembre de 2022<\/a> entre la Secretar\u00eda de Estado de Turismo, la Consejer\u00eda de Desarrollo Auton\u00f3mico de la Comunidad Aut\u00f3noma de La Rioja y la Mancomunidad para el Desarrollo Territorial de la Cuenca Alta del R\u00edo Najerilla para la ejecuci\u00f3n del Plan de Sostenibilidad Tur\u00edstica del Alto Najerilla.<\/li>\n<li>ACUERDO por el que <a href=\"#adenda\">se autoriza la suscripci\u00f3n de la adenda de pr\u00f3rroga y modificaci\u00f3n al Convenio suscrito el 21 de diciembre de 2022<\/a> entre la Secretar\u00eda de Estado de Turismo, la Consejer\u00eda de Desarrollo Auton\u00f3mico de la Comunidad Aut\u00f3noma de La Rioja y la Mancomunidad de Desarrollo Tur\u00edstico de Cameros para la ejecuci\u00f3n del Plan de Sostenibilidad Tur\u00edstica en Cameros, \u00abLa Rioja tambi\u00e9n es monta\u00f1a\u00bb.<\/li>\n<li>ACUERDO por el que <a href=\"#adenda\">se autoriza la suscripci\u00f3n de la adenda de pr\u00f3rroga y modificaci\u00f3n al Convenio suscrito el 19 de diciembre de 2022<\/a> entre la Secretar\u00eda de Estado de Turismo, la Consejer\u00eda de Cultura, Turismo y Deporte de la Junta de Castilla y Le\u00f3n y el Ayuntamiento de Covaleda para la ejecuci\u00f3n del Plan de Sostenibilidad Tur\u00edstica en Covaleda.<\/li>\n<li>ACUERDO por el que<a href=\"http:\/\/www.lamoncloa.gob.es\/consejodeministros\/referencias\/Paginas\/2025\/20251209-referencia-rueda-de-prensa-ministros.aspx#seguridad\" onclick=\"javascript:GoogleTrackEvent(&#039;True&#039;,&#039;Contenido&#039;,&#039;Click&#039;,&#039;[https:\/\/www.lamoncloa.gob.es\/consejodeministros\/referencias\/Paginas\/2025\/20251209-referencia-rueda-de-prensa-ministros.aspx] se aprueba el III Plan Nacional de Acci\u00f3n de Mujeres, Paz y Seguridad.. [\/consejodeministros\/referencias\/Paginas\/2025\/20251209-referencia-rueda-de-prensa-ministros.aspx#seguridad]&#039;);\" rel=\"nofollow noopener\" target=\"_blank\"> se aprueba el III Plan Nacional de Acci\u00f3n de Mujeres, Paz y Seguridad.<\/a><\/li>\n<\/ul>\n<p>Defensa Interior <\/p>\n<ul>\n<li>ACUERDO por el que se autoriza la contrataci\u00f3n de un servicio de auditor\u00eda, inspecci\u00f3n y control de centros de formaci\u00f3n colaboradores de la Direcci\u00f3n General de Tr\u00e1fico, por un valor estimado de 12.343.875 euros.<\/li>\n<li>ACUERDO por el que se toma raz\u00f3n de la declaraci\u00f3n de emergencia para la contrataci\u00f3n del suministro e instalaci\u00f3n de dos celdas de protecci\u00f3n en el centro de transformaci\u00f3n del Centro de Inserci\u00f3n Social Miguel Hern\u00e1ndez (Alicante), por importe de 24.059,52 euros.<\/li>\n<li>ACUERDO por el que se autoriza el pago de una contribuci\u00f3n voluntaria, por importe de 2.800 euros, a FERSI (Forum of European Road Safety Research Institutes).<\/li>\n<\/ul>\n<p>Transportes y Movilidad Sostenible <\/p>\n<ul>\n<li>REAL DECRETO por el que se regula la concesi\u00f3n directa de subvenciones a los ayuntamientos de Ourense, C\u00e1ceres, Badajoz, La L\u00ednea de la Concepci\u00f3n y Gand\u00eda para la sostenibilidad del transporte p\u00fablico colectivo urbano.<\/li>\n<li>ACUERDO por el que <a href=\"#valencia\">se autoriza la celebraci\u00f3n del contrato de ejecuci\u00f3n de las obras de instalaci\u00f3n de detectores de ca\u00edda de objetos a la v\u00eda (DCO) en la l\u00ednea L600 Valencia Nord &#8211; Cambiador Boella.<\/a> Valor estimado del contrato: 13.882.483,31 EUROS.<\/li>\n<li>ACUERDO por el que <a href=\"#jaca\">se autoriza la celebraci\u00f3n del contrato de obras correspondiente a la autov\u00eda A-21: Jaca &#8211; l\u00edmite de provincia de Navarra y A-23, Mud\u00e9jar, tramo: variante de Jaca, provincia de Huesca.<\/a> Valor estimado del contrato 139.630.801,83 euros.<\/li>\n<li>ACUERDO por el que <a href=\"#sevilla\">se autoriza la celebraci\u00f3n del contrato de obras correspondiente a la autov\u00eda SE-40, tramo: Dos Hermanas (Enlace A-4 Sur) &#8211; Enlace del Copero, provincia de Sevilla.<\/a> Valor estimado del contrato 37.238.547,18 euros.<\/li>\n<li>ACUERDO por el que <a href=\"#barcelona\">se autoriza la celebraci\u00f3n del contrato de redacci\u00f3n y ejecuci\u00f3n del proyecto de nueva infraestructura el\u00e9ctrica de MT (25KV) para suministro del muelle adosado del puerto de Barcelona<\/a>, por un valor estimado de 13.707.689,25 euros.<\/li>\n<li>ACUERDO por el que <a href=\"#getafe\">se autoriza la celebraci\u00f3n del contrato de obras sobre actuaciones de mejora en la accesibilidad del transporte p\u00fablico en la autov\u00eda Sur, A-4, entre los pol\u00edgonos industriales de Los Molinos y San Marcos, punto kilom\u00e9trico 12,000 de la A-4 y la avenida Leonardo Da Vinci (paso superior punto kilom\u00e9trico 15,200 de la A-4), provincia de Madrid.<\/a> Valor estimado del contrato 40.077.442,66 euros.<\/li>\n<li>ACUERDO por el que <a href=\"#murcia\">se autoriza la celebraci\u00f3n del contrato de suministro y transporte de balasto para la l\u00ednea de alta velocidad Murcia &#8211; Almer\u00eda, tramo: Lorca &#8211; Vera &#8211; Almer\u00eda, 6 Lotes.<\/a> Valor estimado del contrato 27.118.184,50 euros.<\/li>\n<li>ACUERDO por el que se toma raz\u00f3n de la declaraci\u00f3n de emergencia de las obras y de los servicios por graves da\u00f1os en el terrapl\u00e9n entre los puntos kilom\u00e9tricos 128+700 y 128+950 de la l\u00ednea 700 Intermodal Abando \u2010 Indalecio Prieto \u2010 Casetas, por un importe de 2.808.986,25 euros.<\/li>\n<li>ACUERDO por el que se toma raz\u00f3n de la declaraci\u00f3n de emergencia para las obras de sustituci\u00f3n de los aparatos de apoyos de la estructura de acceso viario norte al puerto de Algeciras (C\u00e1diz) situada en el punto kilom\u00e9trico 2+600 de la N-357, en la provincia de C\u00e1diz, subsanando la situaci\u00f3n de grave peligro existente, por importe de 5.040.092,12 euros.<\/li>\n<li>ACUERDO por el que se toma raz\u00f3n de la declaraci\u00f3n de emergencia para las obras de reparaci\u00f3n de los viaductos de Laball\u00f3s y r\u00edo Lamas de la autov\u00eda A-6, pertenecientes al puerto de Piedrafita, en la provincia de Le\u00f3n, subsanando la situaci\u00f3n de grave peligro existente, por importe de 1.039.700,20 euros.<\/li>\n<li>ACUERDO por el que se toma raz\u00f3n de la declaraci\u00f3n de emergencia para las obras de reparaci\u00f3n del viaducto de la Vid, punto kilom\u00e9trico 249+300 de la autov\u00eda A-3, en la provincia de Valencia, subsanando la situaci\u00f3n de grave peligro existente, por importe de 2.206.774,48 euros.<\/li>\n<li>ACUERDO por el que se toma raz\u00f3n de la ampliaci\u00f3n de la declaraci\u00f3n de emergencia para las obras de reparaci\u00f3n del sistema de ventilaci\u00f3n en varios t\u00faneles de la autov\u00eda A-6, pertenecientes al puerto de Piedrafita, en las provincias de Lugo y Le\u00f3n, subsanando la situaci\u00f3n de grave peligro existente, por importe de 179.534,84 euros.<\/li>\n<li>Compromisos del Plan de Recuperaci\u00f3n, Transformaci\u00f3n y Resiliencia (C6, I2). ACUERDO por el que se <a href=\"#alicante\">autoriza la suscripci\u00f3n de la Adenda n.\u00ba 2 al Convenio de gesti\u00f3n directa entre la Administraci\u00f3n General del Estado y la Sociedad Estatal de Infraestructuras del Transporte Terrestre, S.M.E., S.A., por el que se regula la gesti\u00f3n de la explotaci\u00f3n de autopistas de titularidad estatal.<\/a><\/li>\n<li>ACUERDO por el que se modifica el Acuerdo del Consejo de Ministros, de 3 de diciembre de 2024, por el que se aprueban las tarifas aplicables en determinadas autopistas de la Red de Carreteras del Estado.<\/li>\n<\/ul>\n<p>Educaci\u00f3n, Formaci\u00f3n Profesional y Deportes <\/p>\n<ul>\n<li>REAL DECRETO por el que <a href=\"#deporte\">se regula la concesi\u00f3n directa de subvenciones a determinadas entidades para la ejecuci\u00f3n de actuaciones de relevancia deportiva y de inter\u00e9s p\u00fablico durante los ejercicios de 2025, 2026 y 2027.<\/a><\/li>\n<li>REAL DECRETO por el que se establece el Certificado profesional en Construcci\u00f3n en piedra seca, de la familia profesional Edificaci\u00f3n y Obra Civil, se fija su curr\u00edculo y las ofertas de grados B y A incluidas en este certificado profesional.<\/li>\n<li>REAL DECRETO por el que se establece el Certificado profesional en Ecoturismo, de la familia profesional Hosteler\u00eda y Turismo, se fija su curr\u00edculo y las ofertas de grados B y A incluidas en este certificado profesional.<\/li>\n<li>REAL DECRETO por el que se establece el Certificado profesional en Enoturismo, de la familia profesional Hosteler\u00eda y Turismo, se fija su curr\u00edculo y las ofertas de grados B y A incluidas en este certificado profesional.<\/li>\n<li>REAL DECRETO por el que se establece el Certificado profesional en Instalaciones de suministro y evacuaci\u00f3n de aguas en edificios, de la familia profesional Instalaci\u00f3n y Mantenimiento, se fija su curr\u00edculo y las ofertas de grados B y A incluidas en este certificado profesional.<\/li>\n<li>REAL DECRETO por el que se establece el Certificado profesional en Instalaciones de protecci\u00f3n contra incendios, de la familia profesional Instalaci\u00f3n y Mantenimiento, se fija su curr\u00edculo y las ofertas de grados B y A incluidas en este certificado profesional.<\/li>\n<li>REAL DECRETO por el que se establece el Certificado profesional en Mecanizado de piezas de madera y derivados con centros de control num\u00e9rico (CNC), de la familia profesional Madera, Mueble y Corcho, se fija su curr\u00edculo y las ofertas de grados B y A incluidas en este certificado profesional.<\/li>\n<\/ul>\n<p>Industria y Turismo <\/p>\n<ul>\n<li>Compromisos del Plan de Recuperaci\u00f3n, Transformaci\u00f3n y Resiliencia (C14, I1; C14, I2; C14, I3 y C14, I4). REAL DECRETO por el que se modifican el Real Decreto 1118\/2021, de 21 de diciembre; el Real Decreto 449\/2022, de 14 de junio; y el Real Decreto 1011\/2022, de 5 de diciembre, <a href=\"#recuperar\">por los que se regula la concesi\u00f3n directa de subvenciones destinadas a la financiaci\u00f3n de las estrategias de resiliencia tur\u00edstica para territorios extrapeninsulares, <\/a>en el marco del Plan de Recuperaci\u00f3n, Transformaci\u00f3n y Resiliencia.<\/li>\n<\/ul>\n<p>Agricultura, Pesca y Alimentaci\u00f3n Pol\u00edtica Territorial y Memoria Democr\u00e1tica Econom\u00eda, Comercio y Empresa Sanidad <\/p>\n<ul>\n<li>REAL DECRETO por el que se regula la concesi\u00f3n directa de una subvenci\u00f3n a Gasol Foundation para el desarrollo y expansi\u00f3n de la metodolog\u00eda del programa FIVAL\u00cdN de actuaci\u00f3n frente a la obesidad infantil.<\/li>\n<li>ACUERDO por el que se autoriza la ampliaci\u00f3n del plazo de ejecuci\u00f3n del Programa de desarrollo de medidas para mejorar la eficiencia y la sostenibilidad del Sistema Nacional de Salud (SNS): consolidaci\u00f3n de la medicina personalizada de precisi\u00f3n en el SNS PLAN 5P.<\/li>\n<li>EVALUACI\u00d3N de la <a href=\"#salud\">sanidad privada en el Sistema Nacional de Salud.<\/a><\/li>\n<\/ul>\n<p>Derechos Sociales, Consumo y Agenda 2030 <\/p>\n<ul>\n<li>ACUERDO por el que se autoriza el abono de la contribuci\u00f3n econ\u00f3mica al Programa Mundial de Alimentos (PMA), por importe de 200.000 euros.<\/li>\n<\/ul>\n<p>Para la Transformaci\u00f3n Digital y de la Funci\u00f3n P\u00fablica ACUERDOS DE PERSONALPresidencia del GobiernoVivienda y Agenda UrbanaCulturaPara la Transformaci\u00f3n Digital y de la Funci\u00f3n P\u00fablica AMPLIACI\u00d3N DE CONTENIDOSASUNTOS GENERALESHacienda<a href=\"https:\/\/www.lamoncloa.gob.es\/consejodeministros\/referencias\/Paginas\/2025\/20251209-referencia-rueda-de-prensa-ministros.aspx\" name=\"plan\" id=\"plan\" onclick=\"javascript:GoogleTrackEvent(&#039;True&#039;,&#039;Contenido&#039;,&#039;Click&#039;,&#039;[https:\/\/www.lamoncloa.gob.es\/consejodeministros\/referencias\/Paginas\/2025\/20251209-referencia-rueda-de-prensa-ministros.aspx] CR\u00c9DITO EXTRAORDINARIO DEL MRR AL CENTRO ESPA\u00d1OL DE METROLOG\u00cdA PARA EL CUMPLIMIENTO DEL PRTR. [\/consejodeministros\/referencias\/Paginas\/2025\/20251209-referencia-rueda-de-prensa-ministros.aspx]&#039;);\" rel=\"nofollow noopener\" target=\"_blank\">CR\u00c9DITO EXTRAORDINARIO DEL MRR AL CENTRO ESPA\u00d1OL DE METROLOG\u00cdA PARA EL CUMPLIMIENTO DEL PRTR<\/a><\/p>\n<p class=\"ms-rteElement-Parrafo_Normal\">El Consejo de Ministros ha aprobado un acuerdo por el que se autoriza un cr\u00e9dito extraordinario vinculado al Mecanismo de Recuperaci\u00f3n y Resiliencia (MRR) en el Centro Espa\u00f1ol de Metrolog\u00eda, por un importe de 8.417.335,74 euros, en cumplimiento del art\u00edculo 37.3 del Real Decreto-ley 36\/2020, de 30 de diciembre, por el que se aprueban medidas urgentes para la modernizaci\u00f3n de la Administraci\u00f3n P\u00fablica y para la ejecuci\u00f3n del Plan de Recuperaci\u00f3n, Transformaci\u00f3n y Resiliencia.<\/p>\n<p class=\"ms-rteElement-Parrafo_Normal\">El Organismo Aut\u00f3nomo Centro Espa\u00f1ol de Metrolog\u00eda (CEM) solicit\u00f3 un cr\u00e9dito extraordinario con alta en la aplicaci\u00f3n presupuestaria &#8216;Al Estado para cumplir con el art\u00edculo 37.3 del Real Decreto-ley 36\/2020&#8217;, por un importe de 8.417.335,74 euros. <\/p>\n<p class=\"ms-rteElement-Parrafo_Normal\">El art\u00edculo 37.3 del Real Decreto-ley 36\/2020, de 30 de diciembre, por el que se aprueban medidas urgentes para la modernizaci\u00f3n de la Administraci\u00f3n P\u00fablica y para la ejecuci\u00f3n del Plan de Recuperaci\u00f3n, Transformaci\u00f3n y Resiliencia (en adelante PRTR), y el art\u00edculo 7 regla Sexta de la Ley 31\/2022, de 23 de diciembre, de Presupuestos Generales del Estado para el a\u00f1o 2023, prorrogados para el a\u00f1o 2025, establecen que los ingresos por transferencias recibidas de la Administraci\u00f3n del Estado, procedentes del Mecanismo de Recuperaci\u00f3n y Resiliencia est\u00e1n legalmente afectados a financiar los cr\u00e9ditos presupuestarios destinados a cubrir los proyectos o l\u00edneas de acci\u00f3n que se integren dentro del PRTR y, en caso de no realizarse el gasto, se deber\u00e1 reintegrar al Tesoro los fondos recibidos que no vayan a destinarse a la finalidad asignada. <\/p>\n<p class=\"ms-rteElement-Parrafo_Normal\">Desde 2021, el CEM ha realizado actuaciones asociadas al PRTR en el \u00e1mbito la inversi\u00f3n 2 del componente 12, concretamente en la l\u00ednea 4, correspondiente al Plan de modernizaci\u00f3n del Centro Espa\u00f1ol de Metrolog\u00eda. <\/p>\n<p class=\"ms-rteElement-Parrafo_Normal\">En este marco, el Ministerio de Industria y Turismo transfiri\u00f3 al CEM 16.440.000 euros para las actuaciones previstas, de los cuales 8.022.664,26 euros constituyen el importe m\u00e1ximo que se ejecutar\u00e1 en el marco de la inversi\u00f3n 2 del componente 12, quedando sin ejecutar 8.417.335,74 euros. <\/p>\n<p class=\"ms-rteElement-Parrafo_Normal\">Por este motivo se considera necesario tramitar un expediente de cr\u00e9dito extraordinario, por el mencionado importe, financiado con la parte del remanente de tesorer\u00eda que a fin del ejercicio anterior no fue aplicado en el presupuesto del organismo. <\/p>\n<p class=\"ms-rteElement-Parrafo_Normal\">En consecuencia, y con la finalidad indicada, se propone la modificaci\u00f3n de cr\u00e9dito solicitada, cuya competencia corresponde al Consejo de Ministros, con el detalle de aplicaciones presupuestarias e importes que figuran en la propuesta.<\/p>\n<p>Hacienda<a href=\"https:\/\/www.lamoncloa.gob.es\/consejodeministros\/referencias\/Paginas\/2025\/20251209-referencia-rueda-de-prensa-ministros.aspx\" name=\"fondo\" id=\"fondo\" onclick=\"javascript:GoogleTrackEvent(&#039;True&#039;,&#039;Contenido&#039;,&#039;Click&#039;,&#039;[https:\/\/www.lamoncloa.gob.es\/consejodeministros\/referencias\/Paginas\/2025\/20251209-referencia-rueda-de-prensa-ministros.aspx] TRANSFERENCIAS DE CR\u00c9DITO PARA FINANCIAR EL FONDO DE INVERSIONES DE TERUEL. [\/consejodeministros\/referencias\/Paginas\/2025\/20251209-referencia-rueda-de-prensa-ministros.aspx]&#039;);\" rel=\"nofollow noopener\" target=\"_blank\">TRANSFERENCIAS DE CR\u00c9DITO PARA FINANCIAR EL FONDO DE INVERSIONES DE TERUEL<\/a><\/p>\n<p class=\"ms-rteElement-Parrafo_Normal\">El Consejo de Ministros ha autorizado dos transferencias de cr\u00e9dito por importe de 15 y 6,5 millones de euros al Ministerio de Pol\u00edtica Territorial y Memoria Democr\u00e1tica para financiar el Fondo de Inversiones Teruel (FITE).<\/p>\n<p class=\"ms-rteElement-Parrafo_Normal\">En concreto, el primer acuerdo autoriza una transferencia de cr\u00e9dito al citado Ministerio de Pol\u00edtica Territorial por importe de 15 millones de euros para financiar el Fondo de Inversiones de Teruel.<\/p>\n<p class=\"ms-rteElement-Parrafo_Normal\">El Fondo de Inversiones de Teruel (FITE) es un instrumento de solidaridad interterritorial destinado a financiar inversiones en la provincia de Teruel que viene a suplir la exclusi\u00f3n de la provincia de Teruel del Fondo de Compensaci\u00f3n Interterritorial (FCI), puesto que, si bien la comunidad aut\u00f3noma de Arag\u00f3n no es beneficiaria del FCI por su nivel de renta, la provincia de Teruel presenta desigualdades interterritoriales significativas, an\u00e1logas a las que tienen territorios que participan del FCI.<\/p>\n<p class=\"ms-rteElement-Parrafo_Normal\">La financiaci\u00f3n del FITE se configura, a partes iguales, por el Gobierno auton\u00f3mico y por el Gobierno de Espa\u00f1a. Con dichas aportaciones se cofinancian, proyectos y actuaciones favorecedores del desarrollo econ\u00f3mico y social de la provincia de Teruel, que se alinean con diferentes planes y estrategias aprobadas por la Uni\u00f3n Europea, el Estado y la comunidad de Arag\u00f3n.<\/p>\n<p class=\"ms-rteElement-Parrafo_Normal\">En cuanto a la segunda transferencia de cr\u00e9dito, el Consejo de Ministros ha autorizado otra transferencia a Pol\u00edtica Territorial por importe de 6,5 millones de euros, para financiar el FITE.<\/p>\n<p class=\"ms-rteElement-Parrafo_Normal\">Para el ejercicio 2025 se va a conceder una subvenci\u00f3n a la Comunidad Aut\u00f3noma de Arag\u00f3n, mediante el correspondiente Real Decreto que establece las normas para la concesi\u00f3n directa de la citada subvenci\u00f3n, para la financiaci\u00f3n de inversiones en la provincia de Teruel que favorezcan la generaci\u00f3n de actividad econ\u00f3mica en dicha provincia por cuant\u00eda de 36.500.000 euros.<\/p>\n<p class=\"ms-rteElement-Parrafo_Normal\">Ambas transferencias se efect\u00faan para costear parte de esa subvenci\u00f3n de 36,5 millones de euros.<\/p>\n<p>Hacienda<a href=\"https:\/\/www.lamoncloa.gob.es\/consejodeministros\/referencias\/Paginas\/2025\/20251209-referencia-rueda-de-prensa-ministros.aspx\" name=\"deuda\" id=\"deuda\" onclick=\"javascript:GoogleTrackEvent(&#039;True&#039;,&#039;Contenido&#039;,&#039;Click&#039;,&#039;[https:\/\/www.lamoncloa.gob.es\/consejodeministros\/referencias\/Paginas\/2025\/20251209-referencia-rueda-de-prensa-ministros.aspx] AUTORIZACI\u00d3N A VARIAS CCAA PARA FORMALIZAR OPERACIONES DE DEUDA A CORTO Y LARGO PLAZO. [\/consejodeministros\/referencias\/Paginas\/2025\/20251209-referencia-rueda-de-prensa-ministros.aspx]&#039;);\" rel=\"nofollow noopener\" target=\"_blank\">AUTORIZACI\u00d3N A VARIAS CCAA PARA FORMALIZAR OPERACIONES DE DEUDA A CORTO Y LARGO PLAZO<\/a><\/p>\n<p class=\"ms-rteElement-Parrafo_Normal\">El Consejo de Ministros ha aprobado diversos acuerdos por los que se autoriza a varias comunidades aut\u00f3nomas, en concreto a la Comunidad de Madrid, Andaluc\u00eda, Navarra y Catalu\u00f1a, a formalizar operaciones de endeudamiento a corto y largo plazo.<\/p>\n<p class=\"ms-rteElement-Parrafo_Normal\">Estas autorizaciones se efect\u00faan en cumplimiento del art\u00edculo 20 de la Ley Org\u00e1nica de Estabilidad Presupuestaria y Sostenibilidad Financiera (LOEPSF) y el art\u00edculo 14 de la Ley Org\u00e1nica de Financiaci\u00f3n de las Comunidades Aut\u00f3nomas (LOFCA).<\/p>\n<p class=\"ms-rteElement-Parrafo_Normal\"><strong>Autorizaci\u00f3n a Madrid<\/strong><\/p>\n<p class=\"ms-rteElement-Parrafo_Normal\">En el caso de la Comunidad de Madrid, el Consejo de Ministros le ha autorizado a formalizar operaciones de deuda por un importe m\u00e1ximo de 4.873,9 millones de euros. En concreto, ser\u00edan operaciones a largo plazo por un importe m\u00e1ximo 3.027,6 millones de euros y operaciones de deuda a corto plazo por un importe m\u00e1ximo de 1.846,2 millones de euros.<\/p>\n<p class=\"ms-rteElement-Parrafo_Normal\">Esta comunidad ha solicitado autorizaci\u00f3n para formalizar operaciones de deuda a largo plazo para atender las necesidades financieras del ejercicio 2026 correspondientes a la Administraci\u00f3n General de la Comunidad de Madrid por un importe de 3.027,65 millones de euros. Este importe, de acuerdo con la solicitud, tiene por objeto financiar las necesidades financieras derivadas de las amortizaciones ordinarias del ejercicio 2026 por importe de 2.972,63 millones de euros y la anualidad que debe satisfacer esta Comunidad en 2026 para abonar las cantidades aplazadas de la liquidaci\u00f3n negativa del sistema de financiaci\u00f3n, correspondientes a 2009 por importe de 55,02 millones de euros.<\/p>\n<p class=\"ms-rteElement-Parrafo_Normal\">La Comunidad de Madrid tambi\u00e9n ha solicitado autorizaci\u00f3n para formalizar operaciones de deuda a corto plazo para atender las necesidades transitorias de tesorer\u00eda del ejercicio 2026, tanto de la Administraci\u00f3n General como las referentes al sector p\u00fablico institucional que se integra en el Sector Administraciones P\u00fablicas subsector Comunidad de Madrid, por importe de 1.846,25 millones de euros. <\/p>\n<p class=\"ms-rteElement-Parrafo_Normal\">Este importe, de acuerdo con la solicitud, tiene por objeto financiar las necesidades financieras de la Administraci\u00f3n General derivadas de la renovaci\u00f3n de las condiciones financieras para el a\u00f1o 2026 de los cr\u00e9ditos en cuenta corriente y l\u00edneas de cr\u00e9dito a corto plazo, formalizados al amparo del convenio de colaboraci\u00f3n para la prestaci\u00f3n de servicios de tesorer\u00eda, financiaci\u00f3n y recaudaci\u00f3n de la Comunidad de Madrid, firmado con una duraci\u00f3n de 4 a\u00f1os, cuyo importe global asciende a 1.820 millones de euros. <\/p>\n<p class=\"ms-rteElement-Parrafo_Normal\">Asimismo, el importe de la solicitud a corto plazo tiene por objeto la financiaci\u00f3n de las necesidades referentes a la empresa p\u00fablica Radio Televisi\u00f3n Madrid, S.A por importe de 25 millones de euros y de la Fundaci\u00f3n Orquesta y Coro de Madrid por importe de 1,25 millones de euros. <\/p>\n<p class=\"ms-rteElement-Parrafo_Normal\"><strong>Autorizaci\u00f3n a Andaluc\u00eda<\/strong><\/p>\n<p class=\"ms-rteElement-Parrafo_Normal\">Por otra parte, el Consejo de Ministros ha autorizado a Andaluc\u00eda a formalizar operaciones de deuda a largo plazo por un importe m\u00e1ximo 3.818,38 millones de euros.<\/p>\n<p class=\"ms-rteElement-Parrafo_Normal\">Este importe tiene por objeto financiar los vencimientos de deuda del ejercicio y la financiaci\u00f3n de las liquidaciones negativas de los a\u00f1os 2008 y 2009 del sistema de financiaci\u00f3n auton\u00f3mica.<\/p>\n<p class=\"ms-rteElement-Parrafo_Normal\"><strong>Acuerdo sobre Navarra<\/strong><\/p>\n<p class=\"ms-rteElement-Parrafo_Normal\">Por otro lado, el Ejecutivo ha autorizado a Navarra a formalizar operaciones de deuda a corto plazo por un importe m\u00e1ximo de 300 millones de euros.<\/p>\n<p class=\"ms-rteElement-Parrafo_Normal\">Esta cantidad tiene por objetivo financiar las necesidades transitorias de tesorer\u00eda durante el ejercicio 2026. Estas operaciones de tesorer\u00eda se formalizar\u00e1n a partir de enero de 2026 y quedar\u00e1n canceladas a m\u00e1s tardar el 31 de diciembre de 2026.<\/p>\n<p class=\"ms-rteElement-Parrafo_Normal\"><strong>Autorizaci\u00f3n a Catalu\u00f1a<\/strong><\/p>\n<p class=\"ms-rteElement-Parrafo_Normal\">Por \u00faltimo, el Consejo de Ministros ha autorizado a Catalu\u00f1a a formalizar operaciones de deuda a corto plazo por un importe m\u00e1ximo de 77 millones de euros. Este importe se destinar\u00e1 a atender los vencimientos de deuda a corto plazo de enero a junio del a\u00f1o 2026. <\/p>\n<p class=\"ms-rteElement-Parrafo_Normal\">Estas autorizaciones podr\u00e1n amparar operaciones formalizadas hasta el 31 de diciembre de 2026.<\/p>\n<p>Hacienda<a href=\"https:\/\/www.lamoncloa.gob.es\/consejodeministros\/referencias\/Paginas\/2025\/20251209-referencia-rueda-de-prensa-ministros.aspx\" name=\"garantia\" id=\"garantia\" onclick=\"javascript:GoogleTrackEvent(&#039;True&#039;,&#039;Contenido&#039;,&#039;Click&#039;,&#039;[https:\/\/www.lamoncloa.gob.es\/consejodeministros\/referencias\/Paginas\/2025\/20251209-referencia-rueda-de-prensa-ministros.aspx] AUTORIZACI\u00d3N A CASTILLA Y LE\u00d3N PARA OTORGAR GARANT\u00cdAS . [\/consejodeministros\/referencias\/Paginas\/2025\/20251209-referencia-rueda-de-prensa-ministros.aspx]&#039;);\" rel=\"nofollow noopener\" target=\"_blank\">AUTORIZACI\u00d3N A CASTILLA Y LE\u00d3N PARA OTORGAR GARANT\u00cdAS <\/a><\/p>\n<p class=\"ms-rteElement-Parrafo_Normal\">El Consejo de Ministros ha autorizado a Castilla y Le\u00f3n a otorgar garant\u00edas por un importe m\u00e1ximo de 40 millones de euros durante 2026.<\/p>\n<p class=\"ms-rteElement-Parrafo_Normal\">Esta autorizaci\u00f3n se efect\u00faa en cumplimiento del art\u00edculo 20 de la Ley Org\u00e1nica de Estabilidad Presupuestaria y Sostenibilidad Financiera (LOEPSF).<\/p>\n<p class=\"ms-rteElement-Parrafo_Normal\">El pasado 7 de enero de 2025 se aprob\u00f3 un acuerdo de Consejo de Ministros por el que se autorizaba a Castilla y Le\u00f3n a conceder durante 2025 garant\u00edas a trav\u00e9s de la Sociedad Publica de Infraestructuras y Medio Ambiente de Castilla y Le\u00f3n, S.A. (SOMACYL), en el marco de la Orden MAV\/669\/2023, de 19 de mayo, por la que se regula la l\u00ednea de garant\u00edas &#8216;Mi primera vivienda&#8217;, destinada a facilitar la compra de vivienda a personas de edad igual o menor a 35 a\u00f1os por el remanente del importe global m\u00e1ximo de la dotaci\u00f3n de la l\u00ednea, de 40 millones de euros.<\/p>\n<p class=\"ms-rteElement-Parrafo_Normal\">Con fecha 20 de noviembre de 2025, la Consejer\u00eda de Econom\u00eda y Hacienda de la Junta de Castilla y Le\u00f3n ha solicitado autorizaci\u00f3n para la concesi\u00f3n durante 2026 de avales por parte de SOMACYL en el marco de la citada l\u00ednea de garant\u00edas por el saldo pendiente de aplicaci\u00f3n a 31 de diciembre de 2025 del referido importe de 40 millones.<\/p>\n<p class=\"ms-rteElement-Parrafo_Normal\">Atendiendo la solicitud de la Comunidad Aut\u00f3noma y considerando la finalidad y caracter\u00edsticas de las operaciones garantizadas, as\u00ed como las condiciones de las garant\u00edas, se ha estimado pertinente la concesi\u00f3n de la autorizaci\u00f3n solicitada.<\/p>\n<p class=\"ms-rteElement-Parrafo_Normal\">Esta autorizaci\u00f3n solo podr\u00e1 amparar la concesi\u00f3n hasta el 31 de diciembre de 2026 por parte de SOMACYL de las garant\u00edas descritas anteriormente, por un importe m\u00e1ximo sujeto al l\u00edmite indicado.<\/p>\n<p>Hacienda<a href=\"https:\/\/www.lamoncloa.gob.es\/consejodeministros\/referencias\/Paginas\/2025\/20251209-referencia-rueda-de-prensa-ministros.aspx\" name=\"proa\" id=\"proa\" onclick=\"javascript:GoogleTrackEvent(&#039;True&#039;,&#039;Contenido&#039;,&#039;Click&#039;,&#039;[https:\/\/www.lamoncloa.gob.es\/consejodeministros\/referencias\/Paginas\/2025\/20251209-referencia-rueda-de-prensa-ministros.aspx] MODIFICACI\u00d3N DE L\u00cdMITES PARA CUBRIR LOS PROGRAMAS DE REFUERZO Y PROA+ EN CEUTA Y MELILLA. [\/consejodeministros\/referencias\/Paginas\/2025\/20251209-referencia-rueda-de-prensa-ministros.aspx]&#039;);\" rel=\"nofollow noopener\" target=\"_blank\">MODIFICACI\u00d3N DE L\u00cdMITES PARA CUBRIR LOS PROGRAMAS DE REFUERZO Y PROA+ EN CEUTA Y MELILLA<\/a><\/p>\n<p class=\"ms-rteElement-Parrafo_Normal\">El Consejo de Ministros ha aprobado un acuerdo por el que se modifican los l\u00edmites para adquirir compromisos de gasto con cargo a ejercicios futuros en aplicaci\u00f3n de lo dispuesto en el art\u00edculo 47 de la Ley 47\/2003, de 26 de noviembre, General Presupuestaria, a fin de posibilitar al Ministerio de Educaci\u00f3n, Formaci\u00f3n Profesional y Deportes la cobertura de las necesidades de educaci\u00f3n encuadradas en los programas de refuerzo y PROA+ en los centros concertados de las ciudades de Ceuta y Melilla.<\/p>\n<p class=\"ms-rteElement-Parrafo_Normal\">El Ministerio de Educaci\u00f3n, Formaci\u00f3n Profesional y Deportes (MEFPD) solicit\u00f3 autorizaci\u00f3n para modificar los l\u00edmites establecidos en el apartado 2 del art\u00edculo 47 de la Ley 47\/2003 para adquirir compromisos de gasto con cargo a ejercicios futuros en la aplicaci\u00f3n presupuestaria &#8216;Para hacer efectiva la gratuidad de la ense\u00f1anza en centros educativos&#8217;, seg\u00fan nivel de vinculaci\u00f3n, que cuenta con una dotaci\u00f3n inicial de 13.891.990 euros en los Presupuestos Generales del Estado para el a\u00f1o 2023, prorrogados en el a\u00f1o 2025. <\/p>\n<p class=\"ms-rteElement-Parrafo_Normal\">La Direcci\u00f3n General de Planificaci\u00f3n y Gesti\u00f3n Educativa incoa el presente expediente con el fin de poder hacer frente a los gastos propios de los programas: Programa de Cooperaci\u00f3n Territorial de refuerzo de la competencia lectora y el Programa de Cooperaci\u00f3n Territorial de refuerzo de la competencia matem\u00e1tica (PCTS) y el Programa para la Orientaci\u00f3n, Avance y Enriquecimiento Educativo (PROA+ FSE+) en los centros concertados de Ceuta y Melilla y que se detallan en la memoria justificativa que se acompa\u00f1a. <\/p>\n<p class=\"ms-rteElement-Parrafo_Normal\">A 15 de octubre de 2025, la situaci\u00f3n contable de la aplicaci\u00f3n presupuestaria arroja un saldo de cr\u00e9dito gastado de 9.724.393,00 euros en 2026. <\/p>\n<p class=\"ms-rteElement-Parrafo_Normal\">El importe para hacer frente a los gastos propios de los programas anteriores (PCTS y PROA+) en los centros concertados de Ceuta y Melilla, asciende a 131.985,68 euros en 2026. <\/p>\n<p class=\"ms-rteElement-Parrafo_Normal\">De lo anteriormente expuesto se desprende que en la aplicaci\u00f3n presupuestaria citada se supera para el a\u00f1o 2026, el l\u00edmite previsto en el apartado 2 del art\u00edculo 47 de la Ley 47\/2003, por lo que se solicit\u00f3 el aumento de este seg\u00fan el detalle expuesto en la propuesta, de acuerdo con el siguiente resumen:<\/p>\n<tr>\n<td\/>\n<td>Cr\u00e9dito retenido<\/td>\n<td>Nuevas necesidades<\/td>\n<td>Nuevo l\u00edmite solicitado<\/td>\n<\/tr>\n<tr>\n<td>A\u00f1o 2026<\/td>\n<td>9.724.393,00<\/td>\n<td>131.985,68<\/td>\n<td>9.856.378,68<\/td>\n<\/tr>\n<p class=\"ms-rteElement-Parrafo_Normal\">Por lo que, en aplicaci\u00f3n de lo dispuesto en el apartado 3 del art\u00edculo 47 de la Ley 47\/2003 se somete el presente Acuerdo para su autorizaci\u00f3n por el Consejo de Ministros en los t\u00e9rminos previstos en la propuesta.<\/p>\n<p>Hacienda<a href=\"https:\/\/www.lamoncloa.gob.es\/consejodeministros\/referencias\/Paginas\/2025\/20251209-referencia-rueda-de-prensa-ministros.aspx\" name=\"dana\" id=\"dana\" onclick=\"javascript:GoogleTrackEvent(&#039;True&#039;,&#039;Contenido&#039;,&#039;Click&#039;,&#039;[https:\/\/www.lamoncloa.gob.es\/consejodeministros\/referencias\/Paginas\/2025\/20251209-referencia-rueda-de-prensa-ministros.aspx] AUTORIZADOS COMPROMISOS DE GASTO A LA CHJ PARA PALIAR LOS EFECTOS ADVERSOS CAUSADOS POR LA DANA . [\/consejodeministros\/referencias\/Paginas\/2025\/20251209-referencia-rueda-de-prensa-ministros.aspx]&#039;);\" rel=\"nofollow noopener\" target=\"_blank\">AUTORIZADOS COMPROMISOS DE GASTO A LA CHJ PARA PALIAR LOS EFECTOS ADVERSOS CAUSADOS POR LA DANA <\/a><\/p>\n<p class=\"ms-rteElement-Parrafo_Normal\">El Consejo de Ministros ha aprobado un acuerdo por el que se autoriza la adquisici\u00f3n de compromisos de gasto con cargo a ejercicios futuros en aplicaci\u00f3n de lo dispuesto en el art\u00edculo 47 de la Ley 47\/2003, de 26 de noviembre, General Presupuestaria, a fin de posibilitar al Organismo Aut\u00f3nomo Confederaci\u00f3n Hidrogr\u00e1fica del J\u00facar la tramitaci\u00f3n de diversos expedientes destinados a paliar los efectos adversos producidos por la Depresi\u00f3n Aislada en Niveles Altos (DANA) en octubre de 2024.<\/p>\n<p class=\"ms-rteElement-Parrafo_Normal\">El Organismo Aut\u00f3nomo Confederaci\u00f3n Hidrogr\u00e1fica del J\u00facar solicit\u00f3 autorizaci\u00f3n para modificar los l\u00edmites establecidos en el apartado 2 del art\u00edculo 47 de la Ley 47\/2003, de 26 de noviembre, General Presupuestaria, para adquirir compromisos de gasto con cargo a ejercicios futuros en la aplicaci\u00f3n presupuestaria &#8216;Inversiones reales&#8217;, seg\u00fan nivel de vinculaci\u00f3n. <\/p>\n<p class=\"ms-rteElement-Parrafo_Normal\">El art\u00edculo 20 de la Ley 17\/2015, de 9 de julio, del Sistema Nacional de Protecci\u00f3n Civil, prev\u00e9 que, cuando se produzca una emergencia cuya magnitud requiera para su recuperaci\u00f3n la intervenci\u00f3n de la Administraci\u00f3n General del Estado, se aplicar\u00e1n las medidas recogidas en el cap\u00edtulo V del t\u00edtulo II, previa declaraci\u00f3n de la misma de acuerdo con el procedimiento previsto en su art\u00edculo 23. <\/p>\n<p class=\"ms-rteElement-Parrafo_Normal\">A su vez, el art\u00edculo 24 del citado texto legal recoge una relaci\u00f3n de medidas que podr\u00e1n adoptarse cuando se produzca la mencionada declaraci\u00f3n, en los t\u00e9rminos que apruebe el Consejo de Ministros. <\/p>\n<p class=\"ms-rteElement-Parrafo_Normal\">De este modo, y de conformidad con lo dispuesto en el mencionado art\u00edculo 23, el Consejo de Ministros, en su reuni\u00f3n del d\u00eda 5 de noviembre de 2024 acord\u00f3 declarar zona afectada gravemente por una emergencia de protecci\u00f3n civil las comunidades aut\u00f3nomas de Comunitat Valenciana, Castilla-La Mancha, Andaluc\u00eda, Illes Balears y Arag\u00f3n, como consecuencia de la Depresi\u00f3n Aislada en Niveles Altos (DANA) que ha afectado a amplias zonas de la Pen\u00ednsula y Baleares entre el 28 de octubre y el 4 de noviembre de 2024. <\/p>\n<p class=\"ms-rteElement-Parrafo_Normal\">En la misma fecha es aprobado el Real Decreto-ley 6\/2024, de 5 de noviembre, por el que se adoptan medidas urgentes de respuesta ante los da\u00f1os causados por la Depresi\u00f3n Aislada en Niveles Altos (DANA) en diferentes municipios entre el 28 de octubre y el 4 de noviembre de 2024, que tiene por objeto contribuir al restablecimiento de la normalidad de las zonas afectadas y la adopci\u00f3n, con la necesaria celeridad que demandan las circunstancias, de algunas de las medidas contempladas por el art\u00edculo 24 de la Ley 17\/2015, de 9 de julio, del Sistema Nacional de Protecci\u00f3n Civil, junto con otras medidas que complementan aquellas. <\/p>\n<p class=\"ms-rteElement-Parrafo_Normal\">Posteriormente, es aprobado el Real Decreto-ley 7\/2024, de 11 de noviembre, por el que se adoptan medidas urgentes para el impulso del Plan de respuesta inmediata, reconstrucci\u00f3n y relanzamiento frente a los da\u00f1os causados por la Depresi\u00f3n Aislada en Niveles Altos (DANA) en diferentes municipios entre el 28 de octubre y el 4 de noviembre de 2024, abordando la fase de reconstrucci\u00f3n de las infraestructuras hidr\u00e1ulicas, tanto de abastecimiento como de saneamiento y depuraci\u00f3n, que han resultado afectadas en distintos puntos del territorio, lo que resulta imprescindible para la recuperaci\u00f3n de los est\u00e1ndares de calidad, bienestar y protecci\u00f3n de los habitantes de los municipios afectados por la citada DANA. <\/p>\n<p class=\"ms-rteElement-Parrafo_Normal\">En este contexto, el Organismo Aut\u00f3nomo Confederaci\u00f3n Hidrogr\u00e1fica del J\u00facar se configura como un agente llamado a jugar un papel muy importante en las tareas de recuperaci\u00f3n de la normalidad de las infraestructuras hidr\u00e1ulicas de las zonas afectadas. Para atender a estas circunstancias descritas, el presidente del Organismo Aut\u00f3nomo Confederaci\u00f3n Hidrogr\u00e1fica del J\u00facar procedi\u00f3 a declarar de emergencia un conjunto de obras y servicios, que requer\u00edan unas necesidades de cr\u00e9dito por valor de 5.003.001 euros en el a\u00f1o 2026, conforme se indica en la documentaci\u00f3n justificativa que acompa\u00f1a el expediente. <\/p>\n<p class=\"ms-rteElement-Parrafo_Normal\">Una vez en marcha las actuaciones anteriores, que est\u00e1n ya en un avanzado grado de ejecuci\u00f3n, detectadas y evaluadas nuevas necesidades de intervenci\u00f3n para la reparaci\u00f3n de da\u00f1os y la restauraci\u00f3n del Dominio P\u00fablico Hidr\u00e1ulico, de las zonas asociadas y de los m\u00e1rgenes, as\u00ed como del acondicionamiento, mejora y restauraci\u00f3n hidromorfol\u00f3gica de diversos cauces afectados por las avenidas de agua extraordinarias causadas por los fuertes temporales originados por la DANA del mes de octubre de 2024, dentro de lo que ser\u00eda la fase 2 del Plan de respuesta inmediata, de reconstrucci\u00f3n y de relanzamiento de la Comunitat Valenciana, el presidente de la Confederaci\u00f3n Hidrogr\u00e1fica del J\u00facar ha ordenado el inicio de la tramitaci\u00f3n de los expedientes recogidos en el siguiente cuadro (importe en euros):<\/p>\n<tr>\n<td>Expediente<\/td>\n<td>2025<\/td>\n<td>2026<\/td>\n<td>2027<\/td>\n<td>2028<\/td>\n<td>2029<\/td>\n<\/tr>\n<tr>\n<td><strong>Retirada de Tapones, Reparaci\u00f3n de da\u00f1os en el DPH, zonas asociadas y m\u00e1rgenes, causadas por la DANA, en la provincia de Valencia (Fase 2).<\/strong><\/td>\n<td>10.000,00<\/td>\n<td>2.053.774,91<\/td>\n<td>1.990.000,00<\/td>\n<td>400.000,00<\/td>\n<td>&#8211;<\/td>\n<\/tr>\n<tr>\n<td><strong>Asistencia T\u00e9cnica para el control, vigilancia y coordinaci\u00f3n de SYS en las obras para la retirada de Tapones, Reparaci\u00f3n de da\u00f1os en el DPH, zonas asociadas y m\u00e1rgenes, causadas por la DANA, en la provincia de Valencia (Fase 2).<\/strong><\/td>\n<td>779,50<\/td>\n<td>142.850,38<\/td>\n<td>142.070,87<\/td>\n<td>&#8211;<\/td>\n<td>&#8211;<\/td>\n<\/tr>\n<tr>\n<td><strong>Proyecto y ejecuci\u00f3n de las obras de acondicionamiento, mejora y restauraci\u00f3n hidromorfol\u00f3gica en el Barranco del Poyo y cauce del R\u00edo Magro (Valencia).<\/strong><\/td>\n<td>1.000,00<\/td>\n<td>1.170.000,00<\/td>\n<td>3.500.000,00<\/td>\n<td>5.499.000,00<\/td>\n<td>1.000.000,00<\/td>\n<\/tr>\n<tr>\n<td><strong>Asistencia T\u00e9cnica para la ejecuci\u00f3n de las obras de acondicionamiento, mejora y restauraci\u00f3n hidromorfol\u00f3gica en el Barranco del Poyo y cauce del R\u00edo Magro (Valencia).<\/strong><\/td>\n<td>&#8211;<\/td>\n<td>40.820,00<\/td>\n<td>142.870,00<\/td>\n<td>224.469,18<\/td>\n<td>&#8211;<\/td>\n<\/tr>\n<tr>\n<td><strong>Expropiaci\u00f3n para las Obras de Emergencia para la Defensa contra Avenidas y retranqueo de las obras de adecuaci\u00f3n de la EDAR de Torrent, con motivo de la Dana del 29 de octubre de 2024.<\/strong><\/td>\n<td>300.000,00<\/td>\n<td>&#8211;<\/td>\n<td>&#8211;<\/td>\n<td>&#8211;<\/td>\n<td>&#8211;<\/td>\n<\/tr>\n<tr>\n<td>Total<\/td>\n<td>311.779,50<\/td>\n<td>3.407.445,29<\/td>\n<td>5.774.940,87<\/td>\n<td>6.123.469,18<\/td>\n<td>1.000.000,00<\/td>\n<\/tr>\n<p>El importe de dichos gastos se atender\u00e1 con cargo a la aplicaci\u00f3n presupuestaria &#8216;Inversiones reales&#8217;, seg\u00fan nivel de vinculaci\u00f3n, atendiendo as\u00ed a lo dispuesto en la disposici\u00f3n adicional primera del Real Decreto-ley 6\/2024, de 5 de noviembre. <\/p>\n<p>Teniendo en cuenta lo se\u00f1alado, y los compromisos ya adquiridos, las necesidades de cr\u00e9dito para la aplicaci\u00f3n presupuestaria &#8216;Inversiones reales&#8217;, seg\u00fan nivel de vinculaci\u00f3n, son las siguientes (importe en euros): <\/p>\n<p><\/p>\n<tr>\n<td\/>\n<td\/>\n<td>2026<\/td>\n<td\/>\n<td>2027<\/td>\n<td\/>\n<td>2028<\/td>\n<td\/>\n<td>2029<\/td>\n<\/tr>\n<tr>\n<td>Compromisos adquiridos<\/td>\n<td\/>\n<td>5.003.001,00<\/td>\n<td\/>\n<td>&#8211;<\/td>\n<td\/>\n<td>&#8211;<\/td>\n<td\/>\n<td>&#8211;<\/td>\n<\/tr>\n<tr>\n<td>Compromisos por adquirir<\/td>\n<td\/>\n<td>3.407.445,29<\/td>\n<td\/>\n<td>5.774.940,87<\/td>\n<td\/>\n<td>6.123.469,18<\/td>\n<td\/>\n<td>1.000.000,00<\/td>\n<\/tr>\n<tr>\n<td><strong>Compromisos totales<\/strong><\/td>\n<td\/>\n<td><strong>8.410.446,29<\/strong><\/td>\n<td\/>\n<td><strong>5.774.940,87<\/strong><\/td>\n<td\/>\n<td><strong>6.123.469,18<\/strong><\/td>\n<td\/>\n<td><strong>1.000.000,00<\/strong><\/td>\n<\/tr>\n<p class=\"ms-rteElement-Parrafo_Normal\">Dado que dicha aplicaci\u00f3n presupuestaria carece de cr\u00e9dito inicial, se solicit\u00f3 la autorizaci\u00f3n del Consejo de Ministros para adquirir compromisos de gasto con cargo a ejercicios futuros, en las anualidades de 2026 a 2029 de acuerdo con lo previsto en el art\u00edculo 47 de la Ley 47\/2003, de 26 de noviembre, General Presupuestaria.<\/p>\n<p>Hacienda<a href=\"https:\/\/www.lamoncloa.gob.es\/consejodeministros\/referencias\/Paginas\/2025\/20251209-referencia-rueda-de-prensa-ministros.aspx\" name=\"permiso\" id=\"permiso\" onclick=\"javascript:GoogleTrackEvent(&#039;True&#039;,&#039;Contenido&#039;,&#039;Click&#039;,&#039;[https:\/\/www.lamoncloa.gob.es\/consejodeministros\/referencias\/Paginas\/2025\/20251209-referencia-rueda-de-prensa-ministros.aspx] SUBVENCIONES PARA LA OBTENCI\u00d3N DE LOS PERMISOS DE CONDUCCI\u00d3N C Y D. [\/consejodeministros\/referencias\/Paginas\/2025\/20251209-referencia-rueda-de-prensa-ministros.aspx]&#039;);\" rel=\"nofollow noopener\" target=\"_blank\">SUBVENCIONES PARA LA OBTENCI\u00d3N DE LOS PERMISOS DE CONDUCCI\u00d3N C Y D<\/a><\/p>\n<p class=\"ms-rteElement-Parrafo_Normal\">El Consejo de Ministros ha aprobado un acuerdo por el que se autoriza la adquisici\u00f3n de compromisos de gasto con cargo a ejercicios futuros en aplicaci\u00f3n de lo dispuesto en el art\u00edculo 47 de la Ley 47\/2003, de 26 de noviembre, General Presupuestaria, a fin de posibilitar al Ministerio de Transportes y Movilidad Sostenible la financiaci\u00f3n de la concesi\u00f3n directa de subvenciones a los ciudadanos para la obtenci\u00f3n de permisos de conducci\u00f3n de las clases C y D.<\/p>\n<p class=\"ms-rteElement-Parrafo_Normal\">La Direcci\u00f3n General de Transporte por Carretera y Ferrocarril, adscrita al Ministerio de Transportes y Movilidad Sostenible (MITMS), solicit\u00f3, con base en lo establecido en el apartado 3 del art\u00edculo 47 de la Ley 47\/2003, que se autorizara la adquisici\u00f3n de compromisos de gasto con cargo a ejercicios futuros en la aplicaci\u00f3n presupuestaria &#8216;Programa de apoyo a ciudadanos para la mejora de la competitividad en el transporte por carretera&#8217;, seg\u00fan nivel de vinculaci\u00f3n, la cual carece de dotaci\u00f3n inicial en el presupuesto vigente para 2025. <\/p>\n<p class=\"ms-rteElement-Parrafo_Normal\">El Consejo de Ministros aprob\u00f3, con fecha 12 de noviembre de 2025, el Real Decreto 1030\/2025, por el que se regula la concesi\u00f3n directa de subvenciones para la obtenci\u00f3n de permisos de conducci\u00f3n de las clases C y D. <\/p>\n<p class=\"ms-rteElement-Parrafo_Normal\">Este Real Decreto tiene como objeto regular la concesi\u00f3n directa de una subvenci\u00f3n, por parte de la Administraci\u00f3n General del Estado, a favor de aquellas personas que, estando en posesi\u00f3n del t\u00edtulo de T\u00e9cnico en Conducci\u00f3n de Veh\u00edculos de Transporte por Carretera, o habiendo completado el primer curso del ciclo formativo para la obtenci\u00f3n del t\u00edtulo est\u00e9n matriculadas en todas las materias del segundo curso o que, sin cumplir los requisitos anteriores, sean titulares del certificado de aptitud profesional para la conducci\u00f3n de determinados veh\u00edculos destinados al transporte por carretera, obtengan un permiso de conducci\u00f3n perteneciente a las clases C o D, de acuerdo con lo establecido en el Reglamento General de Conductores, aprobado por el Real Decreto 818\/2009, de 8 de mayo. <\/p>\n<p class=\"ms-rteElement-Parrafo_Normal\">Asimismo, tambi\u00e9n se pretende financiar la obtenci\u00f3n del permiso de conducci\u00f3n de la clase B por parte de aquellas personas que no dispongan de este, condicionada a la posterior obtenci\u00f3n de un permiso de conducci\u00f3n de las categor\u00edas C o D. <\/p>\n<p class=\"ms-rteElement-Parrafo_Normal\">La subvenci\u00f3n se concede con el objetivo de paliar la escasez de conductores profesionales, contribuyendo mediante esta medida a aliviar uno de los principales desaf\u00edos a los que se enfrenta el sector del transporte por carretera en Espa\u00f1a, reduciendo as\u00ed la barrera econ\u00f3mica que supone para numerosas personas acercarse a la profesi\u00f3n de conductor de veh\u00edculos para el transporte de mercanc\u00edas y viajeros por carretera. <\/p>\n<p class=\"ms-rteElement-Parrafo_Normal\">Por su parte, el art\u00edculo 6 del citado Real Decreto indica que la cuant\u00eda total de la subvenci\u00f3n asciende a 500.000 euros, con cargo al Presupuesto de Gastos del Ministerio de Transportes y Movilidad Sostenible, con la distribuci\u00f3n por anualidades.<\/p>\n<p class=\"ms-rteElement-Parrafo_Normal\">A la vista de cuanto antecede, la Direcci\u00f3n General de Transporte por Carretera y Ferrocarril decidi\u00f3 incoar el presente expediente de solicitud de autorizaci\u00f3n para adquirir compromisos de gasto con cargo a ejercicios futuros con el detalle que se recoge a continuaci\u00f3n:<\/p>\n<tr>\n<td>\n<p class=\"Centrado\"><strong>A\u00f1o<\/strong><\/p>\n<p><\/td>\n<td><strong>Compromisos ya adquiridos<\/strong><\/td>\n<td><strong>Nuevas necesidades<\/strong><\/td>\n<td><strong>Compromiso m\u00e1ximo a adquirir<\/strong><\/td>\n<\/tr>\n<tr>\n<td>2026<\/td>\n<td>&#8211;<\/td>\n<td>400.000<\/td>\n<td>400.000<\/td>\n<\/tr>\n<tr>\n<td>2027<\/td>\n<td>&#8211;<\/td>\n<td>100.000<\/td>\n<td>100.000<\/td>\n<\/tr>\n<tr>\n<td><strong>TOTAL<\/strong><\/td>\n<td><strong>&#8211;<\/strong><\/td>\n<td><strong>500.000<\/strong><\/td>\n<td><strong>500.000<\/strong><\/td>\n<\/tr>\n<p class=\"ms-rteElement-Parrafo_Normal\">Por lo expuesto, se solicit\u00f3 autorizaci\u00f3n para adquirir compromisos de gasto con cargo a ejercicios futuros, en la aplicaci\u00f3n presupuestaria &#8216;Programa de apoyo a ciudadanos para la mejora de la competitividad en el transporte por carretera&#8217;, seg\u00fan nivel de vinculaci\u00f3n, para las anualidades de 2026 y 2027, de conformidad con lo establecido en el apartado 3 del art\u00edculo 47 de la Ley 47\/2003, de 26 de noviembre, General Presupuestaria.<\/p>\n<p>Hacienda<a href=\"https:\/\/www.lamoncloa.gob.es\/consejodeministros\/referencias\/Paginas\/2025\/20251209-referencia-rueda-de-prensa-ministros.aspx\" name=\"viajero\" id=\"viajero\" onclick=\"javascript:GoogleTrackEvent(&#039;True&#039;,&#039;Contenido&#039;,&#039;Click&#039;,&#039;[https:\/\/www.lamoncloa.gob.es\/consejodeministros\/referencias\/Paginas\/2025\/20251209-referencia-rueda-de-prensa-ministros.aspx] AUTORIZADOS COMPROMISOS DE GASTO PARA COFINANCIAR LAS AYUDAS DIRECTAS AL TRANSPORTE COLECTIVO DE VIAJEROS. [\/consejodeministros\/referencias\/Paginas\/2025\/20251209-referencia-rueda-de-prensa-ministros.aspx]&#039;);\" rel=\"nofollow noopener\" target=\"_blank\">AUTORIZADOS COMPROMISOS DE GASTO PARA COFINANCIAR LAS AYUDAS DIRECTAS AL TRANSPORTE COLECTIVO DE VIAJEROS<\/a><\/p>\n<p class=\"ms-rteElement-Parrafo_Normal\">El Consejo de Ministros ha aprobado un acuerdo por el que se autoriza adquirir compromisos de gasto con cargo a ejercicios futuros en aplicaci\u00f3n de lo dispuesto en el art\u00edculo 47 de la Ley 47\/2003, de 26 de noviembre, General Presupuestaria, a fin de posibilitar al Ministerio de Transportes y Movilidad Sostenible cofinanciar parte de las ayudas directas al transporte colectivo de viajeros, recogidas en el Real Decreto-ley 1\/2025, de 28 de enero.<\/p>\n<p class=\"ms-rteElement-Parrafo_Normal\">La Direcci\u00f3n General de Estrategias de Movilidad, unidad adscrita al Ministerio de Transportes y Movilidad Sostenible, ha sido el centro directivo que ha solicitado esta autorizaci\u00f3n.<\/p>\n<p class=\"ms-rteElement-Parrafo_Normal\">El Real Decreto-ley 1\/2025, de 28 de enero, por el que se adoptan medidas urgentes en materia econ\u00f3mica, de transporte, y de Seguridad Social, y para hacer frente a situaciones de vulnerabilidad, establece en el Cap\u00edtulo I de su T\u00edtulo II las bases para la concesi\u00f3n de ayudas directas al transporte colectivo urbano e interurbano competencia de las comunidades aut\u00f3nomas, entidades locales, y entes locales supramunicipales que agrupen varios municipios, creados por normas de rango legal y que presten servicio de transporte p\u00fablico colectivo, cumpliendo las condiciones establecidas en dicho Real Decreto-ley. <\/p>\n<p class=\"ms-rteElement-Parrafo_Normal\">Las ayudas van dirigidas a la reducci\u00f3n de precios de t\u00edtulos de transporte colectivo terrestre, excluidos el billete de ida y vuelta y los t\u00edtulos tur\u00edsticos de cualquier naturaleza similar, de los servicios competencia de las administraciones p\u00fablicas solicitantes para el periodo comprendido entre el 1 de julio y el 31 de diciembre de 2025.<\/p>\n<p class=\"ms-rteElement-Parrafo_Normal\">El citado Real Decreto-ley contempla que las ayudas previstas se financien con cargo a las siguientes aplicaciones del presupuesto del servicio 41 &#8216;Direcci\u00f3n General de Estrategias de Movilidad&#8217;: la aplicaci\u00f3n &#8216;A Comunidades Aut\u00f3nomas para cofinanciar servicios de transporte colectivo&#8217; y &#8216;A Corporaciones Locales para cofinanciar servicios de transporte colectivo&#8217;.<\/p>\n<p class=\"ms-rteElement-Parrafo_Normal\">Con fecha 6 de marzo de 2025, la Secretar\u00eda de Estado de Transportes y Movilidad Sostenible, mediante Resoluci\u00f3n, aprob\u00f3 la convocatoria del procedimiento de concesi\u00f3n de las referidas ayudas. La Resoluci\u00f3n desarrolla el procedimiento de c\u00e1lculo del anticipo a conceder y abonar durante el ejercicio 2025, para aquellas entidades que tengan derecho a percibir el mismo, por haber presentado su solicitud en los 30 d\u00edas naturales posteriores a la publicaci\u00f3n de la convocatoria.<\/p>\n<p class=\"ms-rteElement-Parrafo_Normal\">Mediante Resoluci\u00f3n de 14 de octubre de 2025, la Secretar\u00eda de Estado de Transportes y Movilidad Sostenible fij\u00f3 los criterios de c\u00e1lculo de la cuant\u00eda de la subvenci\u00f3n a conceder en la convocatoria. La resoluci\u00f3n establece un procedimiento para definir el importe total de ayuda a conceder a cada solicitante, que posteriormente ser\u00e1 liquidada en el ejercicio 2026. El procedimiento para determinar el importe de ayuda a conceder supone proporcionar a los solicitantes la oportunidad de presentar sus propias estimaciones de la p\u00e9rdida de ingresos que van a soportar entre el 1 de julio y el 31 de diciembre de 2025, a partir de datos de demanda previos y del desarrollo de la convocatoria durante el semestre hasta la fecha. La p\u00e9rdida de ingresos determinar\u00e1 el importe de la ayuda a conceder seg\u00fan la formulaci\u00f3n establecida por el Real Decreto-ley. La distribuci\u00f3n del gasto previsto en la resoluci\u00f3n de la convocatoria se efectu\u00f3 conforme a su art\u00edculo tercero.2, con el detalle num\u00e9rico que se recoge en la memoria.<\/p>\n<p class=\"ms-rteElement-Parrafo_Normal\">Debido a que las aplicaciones presupuestarias para financiar tales ayudas no estaban contempladas en los Presupuestos Generales del Estado para 2023, prorrogados a 2025, se aprob\u00f3 una transferencia de cr\u00e9dito para dar cobertura presupuestaria a la anualidad de 2025 de ambas aplicaciones recogidas en el real decreto-ley.<\/p>\n<p class=\"ms-rteElement-Parrafo_Normal\">Adicionalmente, para poder adquirir los compromisos de gasto correspondientes a la anualidad 2026, se autorizaron por acuerdo de Consejo de Ministros, de fecha 18 de febrero de 2025, los l\u00edmites de gasto para dicho a\u00f1o.<\/p>\n<p class=\"ms-rteElement-Parrafo_Normal\">Conforme al art\u00edculo tercero.2 de la resoluci\u00f3n de la convocatoria, la distribuci\u00f3n del gasto previsto para las ayudas era el siguiente:<\/p>\n<tr>\n<td>Aplicaci\u00f3n<\/td>\n<td>2025 Anticipo (\u20ac)<\/td>\n<td>2026 (\u20ac)<\/td>\n<td>Total (\u20ac)<\/td>\n<\/tr>\n<tr>\n<td>17.41.441M.450<\/td>\n<td>170.000.000<\/td>\n<td>65.000.000<\/td>\n<td>235.000.000<\/td>\n<\/tr>\n<tr>\n<td>17.41.441M.466<\/td>\n<td>90.000.000<\/td>\n<td>30.000.000<\/td>\n<td>120.000.000<\/td>\n<\/tr>\n<tr>\n<td>Total<\/td>\n<td>260.000.000<\/td>\n<td>95.000.000<\/td>\n<td>355.000.000<\/td>\n<\/tr>\n<p class=\"ms-rteElement-Parrafo_Normal\">No obstante, de las estimaciones de la p\u00e9rdida de ingresos presentadas por los beneficiarios de las ayudas, se prev\u00e9 que el importe de anticipo previsto para este ejercicio es inferior al considerado inicialmente, mientras que el gasto total de las ayudas, concretamente la anualidad de 2026, es superior a los compromisos autorizados. Las anualidades m\u00e1ximas previstas, de acuerdo con los datos aportados por los beneficiarios revisados hasta la fecha, ser\u00edan las siguientes:<\/p>\n<tr>\n<td>Aplicaci\u00f3n<\/td>\n<td>2025 Anticipo (\u20ac)<\/td>\n<td>2026 (\u20ac)<\/td>\n<td>Total (\u20ac)<\/td>\n<\/tr>\n<tr>\n<td>17.41.441M.450<\/td>\n<td>139.000.000<\/td>\n<td>108.000.000<\/td>\n<td>247.000.000<\/td>\n<\/tr>\n<tr>\n<td>17.41.441M.466<\/td>\n<td>63.000.000<\/td>\n<td>67.000.000<\/td>\n<td>130.000.000<\/td>\n<\/tr>\n<tr>\n<td>Total<\/td>\n<td>202.000.000<\/td>\n<td>175.000.000<\/td>\n<td>377.000.000<\/td>\n<\/tr>\n<p class=\"ms-rteElement-Parrafo_Normal\">Por ello y para poder ajustar las anualidades del gasto aprobado de la convocatoria antes de conceder las ayudas, la Direcci\u00f3n General de Estrategias de Movilidad ha incoado este expediente de solicitud de autorizaci\u00f3n para adquirir compromisos de gasto con cargo a ejercicios futuros, con el detalle que se recoge a continuaci\u00f3n:<\/p>\n<tr>\n<td>\n<p class=\"Justificado\">A\u00f1o<\/p>\n<\/td>\n<td>\n<p class=\"Centrado\">Aplicaciones presupuestarias<\/p>\n<p class=\"Centrado\">(Sin cr\u00e9dito inicial)<\/p>\n<\/td>\n<td>L\u00edmite de compromiso m\u00e1ximo a adquirir (\u20ac)<\/td>\n<td\/><\/tr>\n<tr>\n<td\/>\n<td\/>\n<td\/>\n<td\/><\/tr>\n<tr>\n<td>2026<\/td>\n<td>17.41.441M.450<\/td>\n<td>108.000.000<\/td>\n<td\/><\/tr>\n<tr>\n<td>2026<\/td>\n<td>17.41.441M.466<\/td>\n<td>67.000.000<\/td>\n<td><\/td>\n<\/tr>\n<p class=\"ms-rteElement-Parrafo_Normal\">Consecuentemente, se ha solicitado al Consejo de Ministros autorizaci\u00f3n para adquirir compromisos de gasto con cargo a ejercicios futuros en las citadas aplicaciones presupuestarias para la anualidad de 2026, de conformidad con lo establecido en la Ley General Presupuestaria.<\/p>\n<p>Hacienda<a href=\"https:\/\/www.lamoncloa.gob.es\/consejodeministros\/referencias\/Paginas\/2025\/20251209-referencia-rueda-de-prensa-ministros.aspx\" name=\"bici\" id=\"bici\" onclick=\"javascript:GoogleTrackEvent(&#039;True&#039;,&#039;Contenido&#039;,&#039;Click&#039;,&#039;[https:\/\/www.lamoncloa.gob.es\/consejodeministros\/referencias\/Paginas\/2025\/20251209-referencia-rueda-de-prensa-ministros.aspx] AUTORIZADOS COMPROMISOS DE GASTO PARA AYUDAS A EELL PARA APOYAR LOS SERVICIOS DE PR\u00c9STAMOS DE BICICLETAS. [\/consejodeministros\/referencias\/Paginas\/2025\/20251209-referencia-rueda-de-prensa-ministros.aspx]&#039;);\" rel=\"nofollow noopener\" target=\"_blank\">AUTORIZADOS COMPROMISOS DE GASTO PARA AYUDAS A EELL PARA APOYAR LOS SERVICIOS DE PR\u00c9STAMOS DE BICICLETAS<\/a><\/p>\n<p class=\"ms-rteElement-Parrafo_Normal\">El Consejo de Ministros ha aprobado un acuerdo por el que se autoriza adquirir compromisos de gasto con cargo a ejercicios futuros en aplicaci\u00f3n de lo dispuesto en el art\u00edculo 47 de la Ley 47\/2003, de 26 de noviembre, General Presupuestaria, a fin de posibilitar al Ministerio de Transportes y Movilidad Sostenible la concesi\u00f3n de ayudas a Entidades Locales para el apoyo financiero de los servicios p\u00fablicos de pr\u00e9stamos de bicicletas.<\/p>\n<p class=\"ms-rteElement-Parrafo_Normal\">La Direcci\u00f3n General de Estrategias de Movilidad, adscrita al Ministerio de Transportes y Movilidad Sostenible (MITMS) ha sido el centro directivo que ha solicitado esta autorizaci\u00f3n.<\/p>\n<p class=\"ms-rteElement-Parrafo_Normal\">El Real Decreto-ley 1\/2025, de 28 de enero, por el que se adoptan medidas urgentes en materia econ\u00f3mica, de transporte, y de Seguridad Social, y para hacer frente a situaciones de vulnerabilidad, establece en el Cap\u00edtulo VI, Secci\u00f3n 1\u00aa, del T\u00edtulo II &#8216;Medida para el fomento del uso de los servicios p\u00fablicos de pr\u00e9stamo de bicicletas&#8217;, un sistema de ayudas directas en el periodo desde el 1 de enero al 31 de diciembre de 2025, para la concesi\u00f3n de apoyo financiero a las Entidades Locales que presten servicios p\u00fablicos de pr\u00e9stamo de bicicletas, as\u00ed como a los entes supramunicipales que agrupen varios municipios, creados por normas de rango legal y que presten servicio p\u00fablico de pr\u00e9stamo de bicicletas y que cumplan una serie de condiciones.<\/p>\n<p class=\"ms-rteElement-Parrafo_Normal\">Este Real Decreto-ley 1\/2025, de 28 de enero, indica que las ayudas previstas se financien con cargo a la aplicaci\u00f3n &#8216;Ayudas EELL para el apoyo financiero de los servicios p\u00fablicos de pr\u00e9stamos de bicicletas&#8217;, con la siguiente previsi\u00f3n de gasto:<\/p>\n<tr>\n<td>Aplicaci\u00f3n<\/td>\n<td>2025 (\u20ac)<\/td>\n<td>2026 (\u20ac)<\/td>\n<td>Total (\u20ac)<\/td>\n<\/tr>\n<tr>\n<td>17.41.441M.465<\/td>\n<td>3.000.000<\/td>\n<td>7.000.000<\/td>\n<td>10.000.000<\/td>\n<\/tr>\n<p>Debido a que la aplicaci\u00f3n presupuestaria para financiar las referidas ayudas no est\u00e1 contemplada en los Presupuestos Generales del Estado para 2023, prorrogados para 2025, con fecha 18 de febrero de 2025 se instrument\u00f3 una transferencia de cr\u00e9dito para dar cobertura presupuestaria a la anualidad de 2025.<\/p>\n<p>Adicionalmente, para poder adquirir los compromisos de gasto correspondientes a la anualidad de 2026, se autoriz\u00f3 mediante acuerdo de Consejo de Ministros el pasado 18 de febrero de 2025, el l\u00edmite de gasto para aquel a\u00f1o.<\/p>\n<p>Asimismo, y mediante Resoluci\u00f3n de la Secretar\u00eda de Estado de Transportes y Movilidad Sostenible, de fecha 6 de marzo de 2025, se aprob\u00f3 la convocatoria del procedimiento de concesi\u00f3n de las ayudas directas para el fomento de los servicios p\u00fablicos de pr\u00e9stamo de bicicletas, amparadas por el Real Decreto-ley 1\/2025. El procedimiento de concesi\u00f3n de las ayudas se desarrolla en r\u00e9gimen de concurrencia no competitiva, de manera que pod\u00edan resultar beneficiarias todas las entidades que cumplieran los requisitos establecidos y presentaran su solicitud dentro del plazo previsto, hasta el l\u00edmite del cr\u00e9dito disponible.<\/p>\n<p>En este contexto, once Entidades Locales han resultado beneficiarias de las ayudas, teniendo, adem\u00e1s, tres de ellas derecho al pago del anticipo al haber presentado su solicitud dentro de los primeros 30 d\u00edas naturales desde la publicaci\u00f3n del extracto en el BOE y haberlo solicitado. Por ello, las necesidades para el pago de dicho anticipo en el ejercicio 2025 ascienden a un importe total de 158.976,98 euros. En consecuencia, al haberse realizado pagos por importe inferior al inicialmente contemplado para la anualidad de 2025, debe realizarse un reajuste de las anualidades previstas en la convocatoria:<\/p>\n<tr>\n<td>Aplicaci\u00f3n<\/td>\n<td>2025 (\u20ac)<\/td>\n<td>2026 (\u20ac)<\/td>\n<td>Total (\u20ac)<\/td>\n<\/tr>\n<tr>\n<td>17.41.441M.465<\/td>\n<td>158.976,98<\/td>\n<td>9.841.023,02<\/td>\n<td>10.000.000<\/td>\n<\/tr>\n<p><\/p>\n<p class=\"ms-rteElement-Parrafo_Normal\">A la vista de cuanto antecede, y para realizar dicho reajuste de anualidades, la Direcci\u00f3n General de Estrategias de Movilidad ha incoado el presente expediente de solicitud de autorizaci\u00f3n para adquirir compromisos de gasto con cargo a ejercicios futuros, cifrada en 9.841.023,02 euros como cantidad l\u00edmite de compromiso m\u00e1ximo a adquirir en 2026.<\/p>\n<p class=\"ms-rteElement-Parrafo_Normal\">Por todo ello, se ha solicitado autorizaci\u00f3n para adquirir compromisos de gasto con cargo a ejercicios futuros, en la aplicaci\u00f3n presupuestaria &#8216;Ayudas EELL para el apoyo financiero de los servicios p\u00fablicos de pr\u00e9stamos de bicicletas&#8217;, seg\u00fan nivel de vinculaci\u00f3n, para la anualidad de 2026, de conformidad con lo establecido en la Ley General Presupuestaria.<\/p>\n<p>Hacienda<a href=\"https:\/\/www.lamoncloa.gob.es\/consejodeministros\/referencias\/Paginas\/2025\/20251209-referencia-rueda-de-prensa-ministros.aspx\" name=\"parques\" id=\"parques\" onclick=\"javascript:GoogleTrackEvent(&#039;True&#039;,&#039;Contenido&#039;,&#039;Click&#039;,&#039;[https:\/\/www.lamoncloa.gob.es\/consejodeministros\/referencias\/Paginas\/2025\/20251209-referencia-rueda-de-prensa-ministros.aspx] SUBVENCIONES A PROYECTOS DE INVESTIGACI\u00d3N EN LA RED DE PARQUES NACIONALES PARA 2025. [\/consejodeministros\/referencias\/Paginas\/2025\/20251209-referencia-rueda-de-prensa-ministros.aspx]&#039;);\" rel=\"nofollow noopener\" target=\"_blank\">SUBVENCIONES A PROYECTOS DE INVESTIGACI\u00d3N EN LA RED DE PARQUES NACIONALES PARA 2025<\/a><\/p>\n<p class=\"ms-rteElement-Parrafo_Normal\">El Consejo de Ministros ha aprobado un acuerdo por el que se autoriza adquirir compromisos de gasto con cargo a ejercicios futuros en aplicaci\u00f3n de lo dispuesto en el art\u00edculo 47 de la Ley 47\/2003, de 26 de noviembre, General Presupuestaria, a fin de posibilitar al Organismo Aut\u00f3nomo Parques Nacionales el cumplimiento de las obligaciones derivadas de la convocatoria de subvenciones para la realizaci\u00f3n de proyectos de investigaci\u00f3n en la Red de Parques Nacionales para el a\u00f1o 2025.<\/p>\n<p class=\"ms-rteElement-Parrafo_Normal\">En virtud de lo establecido en la Orden TED\/932\/2023, de 21 de julio, por la que se establecen las bases reguladoras para la concesi\u00f3n de subvenciones para la realizaci\u00f3n de proyectos de investigaci\u00f3n cient\u00edfica en la Red de Parques Nacionales, se ha dictado la Resoluci\u00f3n del Director de Parques Nacionales de 25 de marzo de 2025 por la que se convoca la concesi\u00f3n de subvenciones para la realizaci\u00f3n de proyectos de investigaci\u00f3n cient\u00edfica en la Red de Parques Nacionales.<\/p>\n<p class=\"ms-rteElement-Parrafo_Normal\">De conformidad con lo establecido en el punto 18 de esta convocatoria, el importe de la subvenci\u00f3n se librar\u00e1 en dos pagos: uno a la concesi\u00f3n del proyecto con car\u00e1cter de anticipo, y otro una vez finalizado el mismo y comprobado que se han cumplido los objetivos establecidos. De este modo, la propuesta de resoluci\u00f3n definitiva diferencia, entre otros, por entidad y a\u00f1o del pago, quedando resumido de la siguiente manera (importe en euros):<\/p>\n<tr>\n<td>CONCEPTO PRESUPUESTARIO<\/td>\n<td>PERCEPTOR<\/td>\n<td>PAGO 2025 &#8211; ANTICIPO<\/td>\n<td>PAGO FINAL 2029<\/td>\n<\/tr>\n<tr>\n<td>731<\/td>\n<td>Entidades del Sector P\u00fablico Administrativo Estatal con presupuesto limitativo.<\/td>\n<td>599.841,94<\/td>\n<td>89.976,06<\/td>\n<\/tr>\n<tr>\n<td>751 y 752<\/td>\n<td>Comunidades Aut\u00f3nomas (Universidades).<\/td>\n<td>647.255,87<\/td>\n<td>97.088,13<\/td>\n<\/tr>\n<tr>\n<td>780<\/td>\n<td>Instituciones sin fines de lucro.<\/td>\n<td>74.170,46<\/td>\n<td>11.125,54<\/td>\n<\/tr>\n<p class=\"ms-rteElement-Parrafo_Normal\">Dado que las aplicaciones presupuestarias &#8216;A Agencias Estatales y otros organismos p\u00fablicos. Convocatoria de investigaci\u00f3n&#8217; y &#8216;A familias e instituciones sin fines de lucro. Convocatoria de investigaci\u00f3n&#8217;, carecen de cr\u00e9dito inicial para adquirir compromisos de gasto con cargo a ejercicios futuros, se ha solicitado la autorizaci\u00f3n del Consejo de Ministros para adquirir compromisos de gasto con cargo a ejercicios futuros en la anualidad de 2029, de acuerdo con lo previsto en la Ley General Presupuestaria, en los siguientes t\u00e9rminos:<\/p>\n<tr>\n<td>23.101.000X.731<\/td>\n<td\/>\n<td\/>\n<td\/>\n<td>23.101.456C.780<\/td>\n<td\/>\n<td\/><\/tr>\n<tr>\n<td>A\u00f1o<\/td>\n<td\/>\n<td>L\u00edmite de compromiso m\u00e1ximo a adquirir (\u20ac)<\/td>\n<td\/>\n<td>A\u00f1o<\/td>\n<td\/>\n<td>L\u00edmite de compromiso m\u00e1ximo a adquirir (\u20ac)<\/td>\n<\/tr>\n<tr>\n<td>2029<\/td>\n<td\/>\n<td>89.976,06<\/td>\n<td\/>\n<td>2029<\/td>\n<td\/>\n<td>11.125,54<\/td>\n<\/tr>\n<p>Hacienda<a href=\"https:\/\/www.lamoncloa.gob.es\/consejodeministros\/referencias\/Paginas\/2025\/20251209-referencia-rueda-de-prensa-ministros.aspx\" name=\"ayuntamiento\" id=\"ayuntamiento\" onclick=\"javascript:GoogleTrackEvent(&#039;True&#039;,&#039;Contenido&#039;,&#039;Click&#039;,&#039;[https:\/\/www.lamoncloa.gob.es\/consejodeministros\/referencias\/Paginas\/2025\/20251209-referencia-rueda-de-prensa-ministros.aspx] REAJUSTE DE LA FINANCIACI\u00d3N EN LA CESI\u00d3N AL AYUNTAMIENTO DE SEVILLA DE LA SE-20 Y DOS TRAMOS DE LA N-630. [\/consejodeministros\/referencias\/Paginas\/2025\/20251209-referencia-rueda-de-prensa-ministros.aspx]&#039;);\" rel=\"nofollow noopener\" target=\"_blank\">REAJUSTE DE LA FINANCIACI\u00d3N EN LA CESI\u00d3N AL AYUNTAMIENTO DE SEVILLA DE LA SE-20 Y DOS TRAMOS DE LA N-630<\/a><\/p>\n<p class=\"ms-rteElement-Parrafo_Normal\">El Consejo de Ministros ha aprobado el Acuerdo por el que se modifican los l\u00edmites para adquirir compromisos de gasto con cargo a ejercicios futuros en aplicaci\u00f3n de lo dispuesto en el art\u00edculo 47 de la Ley 47\/2003, de 26 de noviembre, General Presupuestaria, a fin de posibilitar al Ministerio de Transportes y Movilidad Sostenible el reajuste de la financiaci\u00f3n de la adenda al convenio para la cesi\u00f3n al Ayuntamiento de Sevilla de la carretera SE-20, denominada Ronda S\u00faper Norte, y dos tramos de la N-630.<\/p>\n<p class=\"ms-rteElement-Parrafo_Normal\">El 13 de marzo de 2023 se suscribi\u00f3 el convenio entre el entonces Ministerio de Transportes, Movilidad y Agenda Urbana y el Ayuntamiento de Sevilla para la cesi\u00f3n al Ayuntamiento de Sevilla de la SE-20 y dos tramos de la N-630, actualmente integrados en la Red de Carreteras del Estado, y para la realizaci\u00f3n de actuaciones de mejora en la SE-20 y de acondicionamiento en dos tramos de la N-630.<\/p>\n<p class=\"ms-rteElement-Parrafo_Normal\">Conforme a dicho convenio, el importe estimado m\u00e1ximo a satisfacer por el Ministerio de Transportes y Movilidad Sostenible, para el periodo 2023-2025, ascend\u00eda a 3.780.000 euros, con cargo a la aplicaci\u00f3n presupuestaria &#8216;CC.LL. por asunci\u00f3n de competencias derivadas del cambio de titularidad de determinados tramos de carreteras estatales a v\u00edas urbanas&#8217; de dicho Departamento ministerial repartido entre las anualidades de 2023 a 2025.<\/p>\n<p class=\"ms-rteElement-Parrafo_Normal\">Posteriormente, el 11 de junio de 2024 se suscribi\u00f3 una adenda al referido convenio, por la que se adecuaban las anualidades al ritmo real de las actuaciones, modificando el reparto inicial recogido en el mismo.<\/p>\n<p class=\"ms-rteElement-Parrafo_Normal\">Por \u00faltimo, en la Comisi\u00f3n de seguimiento y control del convenio, en sesi\u00f3n celebrada el 21 de octubre de 2025, se propuso reajustar el importe \u00edntegro del convenio en la anualidad de 2026.<\/p>\n<p class=\"ms-rteElement-Parrafo_Normal\">Por tanto, partiendo de los nuevos compromisos a adquirir y teniendo en cuenta que no existe cr\u00e9dito retenido en la citada aplicaci\u00f3n presupuestaria, se obtiene el siguiente cuadro de necesidades totales: <\/p>\n<tr>\n<td>A\u00f1o<\/td>\n<td\/>\n<td>L\u00edmite de compromiso m\u00e1ximo a adquirir (\u20ac)<\/td>\n<td\/><\/tr>\n<tr>\n<td>2026<\/td>\n<td\/>\n<td>3.780.000<\/td>\n<td><\/td>\n<\/tr>\n<p class=\"ms-rteElement-Parrafo_Normal\">Por todo ello, al superarse los l\u00edmites establecidos en la Ley General Presupuestaria para el ejercicio 2026, se ha solicitado la autorizaci\u00f3n del Consejo de Ministros para elevar el l\u00edmite para adquirir compromisos de gasto con cargo a ejercicios futuros en la aplicaci\u00f3n presupuestaria indicada.<\/p>\n<p>Hacienda<a href=\"https:\/\/www.lamoncloa.gob.es\/consejodeministros\/referencias\/Paginas\/2025\/20251209-referencia-rueda-de-prensa-ministros.aspx\" name=\"canarias\" id=\"canarias\" onclick=\"javascript:GoogleTrackEvent(&#039;True&#039;,&#039;Contenido&#039;,&#039;Click&#039;,&#039;[https:\/\/www.lamoncloa.gob.es\/consejodeministros\/referencias\/Paginas\/2025\/20251209-referencia-rueda-de-prensa-ministros.aspx] REAJUSTE DE ANUALIDADES PARA LA TERCERA ADENDA AL CONVENIO DE CARRETERAS CON CANARIAS. [\/consejodeministros\/referencias\/Paginas\/2025\/20251209-referencia-rueda-de-prensa-ministros.aspx]&#039;);\" rel=\"nofollow noopener\" target=\"_blank\">REAJUSTE DE ANUALIDADES PARA LA TERCERA ADENDA AL CONVENIO DE CARRETERAS CON CANARIAS<\/a><\/p>\n<p class=\"ms-rteElement-Parrafo_Normal\">El Consejo de Ministros ha aprobado un acuerdo por el que se autoriza adquirir compromisos de gasto con cargo a ejercicios futuros en aplicaci\u00f3n de lo dispuesto en el art\u00edculo 47 de la Ley 47\/2003, de 26 de noviembre, General Presupuestaria, a fin de posibilitar al Ministerio de Transportes y Movilidad Sostenible el reajuste de anualidades correspondiente a la tercera adenda al convenio, suscrito el 22 de diciembre de 2018, con la Comunidad Aut\u00f3noma de Canarias en materia de carreteras.<\/p>\n<p class=\"ms-rteElement-Parrafo_Normal\">La Direcci\u00f3n General de Carreteras solicita dicha autorizaci\u00f3n en la aplicaci\u00f3n presupuestaria &#8216;Convenio con la Comunidad Aut\u00f3noma de Canarias&#8217;, seg\u00fan nivel de vinculaci\u00f3n, cuya dotaci\u00f3n inicial se eleva a 210.000.000 de euros.<\/p>\n<p class=\"ms-rteElement-Parrafo_Normal\">Con fecha 22 de diciembre de 2018 se suscribi\u00f3 el Convenio entre el entonces Ministerio de Fomento y la Administraci\u00f3n P\u00fablica de la Comunidad Aut\u00f3noma de Canarias en materia de carreteras, en el que se recog\u00eda una inversi\u00f3n total de 1.200 millones de euros para la ejecuci\u00f3n de obras y la financiaci\u00f3n de expropiaciones durante el periodo 2018-2025.<\/p>\n<p class=\"ms-rteElement-Parrafo_Normal\">Posteriormente, con fecha 18 de diciembre de 2019, se suscribi\u00f3 una primera adenda al convenio para adaptar las anualidades al ritmo real de las obras, estableciendo una nueva distribuci\u00f3n de anualidades por un mismo importe de 1.200 millones.<\/p>\n<p class=\"ms-rteElement-Parrafo_Normal\">Asimismo, con fecha 29 de diciembre de 2022 se suscribi\u00f3 una segunda adenda al convenio para adaptar de nuevo las anualidades al ritmo real de las obras, resultando una nueva distribuci\u00f3n de anualidades, con una inversi\u00f3n global de 1.472.988.755,28 euros.<\/p>\n<p class=\"ms-rteElement-Parrafo_Normal\">Posteriormente, la Comisi\u00f3n Mixta de Programaci\u00f3n, Seguimiento y Control del Convenio, en sesi\u00f3n celebrada el 19 de marzo de 2025, acord\u00f3 la tramitaci\u00f3n de una tercera adenda al convenio vigente, la cual tiene por objeto, entre otros:<\/p>\n<ul class=\"ms-rteElement-Parrafo_Normal\">\n<li>Redistribuir los remanentes derivados de la inversi\u00f3n no ejecutada de las anualidades 2023 y 2024, la previsi\u00f3n de ejecuci\u00f3n de la anualidad 2025, as\u00ed como del d\u00e9ficit de financiaci\u00f3n de la anualidad 2024, en las anualidades 2026 a 2030.<\/li>\n<li>Disminuir la financiaci\u00f3n a aportar por el Ministerio de Transportes y Movilidad Sostenible durante la vigencia de este convenio, para regularizar el importe real ejecutado durante el per\u00edodo comprendido entre el 16 de diciembre de 2018 y el 31 de diciembre de 2022 derivado del convenio 2006, que supone una disminuci\u00f3n del importe total del convenio 2018 de 24.733.230,31 euros.<\/li>\n<li>Prorrogar la vigencia del convenio hasta un plazo m\u00e1ximo de 5 a\u00f1os.<\/li>\n<\/ul>\n<p class=\"ms-rteElement-Parrafo_Normal\">Asimismo, la Comisi\u00f3n Mixta de Programaci\u00f3n, Seguimiento y Control al amparo de lo establecido en la Cl\u00e1usula sexta, apartado 4.j) del Convenio, en sesi\u00f3n celebrada el 17 de noviembre de 2025, acord\u00f3 la tramitaci\u00f3n de un reajuste de anualidades con el fin de adaptar la anualidad 2025 a la previsi\u00f3n de ejecuci\u00f3n real de las actuaciones recogidas en el convenio 2018. Las nuevas anualidades propuestas totalizan una inversi\u00f3n global de 1.448.255.524,97 euros, como se se\u00f1ala a continuaci\u00f3n:<\/p>\n<tr>\n<td>A\u00f1o<\/td>\n<td>\n<p class=\"Centrado\">Importe vigente<\/p>\n<p class=\"Centrado\">Adenda 3<\/p>\n<\/td>\n<td>Importe Adenda 3 (Reajuste de anualidades)<\/td>\n<td\/><\/tr>\n<tr>\n<td\/>\n<td\/>\n<td\/>\n<td\/><\/tr>\n<tr>\n<td>2021<\/td>\n<td>142.472.107,73<\/td>\n<td>142.472.107,73<\/td>\n<td\/><\/tr>\n<tr>\n<td>2022<\/td>\n<td>84.531.291,53<\/td>\n<td>84.531.291,53<\/td>\n<td\/><\/tr>\n<tr>\n<td>2023<\/td>\n<td>156.160.708,53<\/td>\n<td>156.160.708,53<\/td>\n<td\/><\/tr>\n<tr>\n<td>2024<\/td>\n<td>176.259.489,09<\/td>\n<td>176.259.489,09<\/td>\n<td\/><\/tr>\n<tr>\n<td>2025<\/td>\n<td>204.809.300,00<\/td>\n<td>143.201.619,51<\/td>\n<td\/><\/tr>\n<tr>\n<td>2026<\/td>\n<td>215.000.000,00<\/td>\n<td>215.000.000,00<\/td>\n<td\/><\/tr>\n<tr>\n<td>2027<\/td>\n<td>210.000.000,00<\/td>\n<td>215.000.000,00<\/td>\n<td\/><\/tr>\n<tr>\n<td>2028<\/td>\n<td>120.000.000,00<\/td>\n<td>170.000.000,00<\/td>\n<td\/><\/tr>\n<tr>\n<td>2029<\/td>\n<td>93.613.290,13<\/td>\n<td>100.000.000,00<\/td>\n<td\/><\/tr>\n<tr>\n<td>2030<\/td>\n<td>45.409.337,96<\/td>\n<td>45.630.308,58<\/td>\n<td\/><\/tr>\n<tr>\n<td>TOTAL (\u20ac)<\/td>\n<td>1.448.255.524,97<\/td>\n<td>1.448.255.524,97<\/td>\n<td><\/td>\n<\/tr>\n<p class=\"ms-rteElement-Parrafo_Normal\">Por lo expuesto, los nuevos compromisos de gasto que el Ministerio de Transportes y Movilidad Sostenible solicita adquirir en la aplicaci\u00f3n presupuestaria &#8216;Convenio con la Comunidad Aut\u00f3noma de Canarias, seg\u00fan nivel de vinculaci\u00f3n, para los ejercicios 2026 a 2030, superan los l\u00edmites y el n\u00famero de anualidades autorizados en el apartado 2 del art\u00edculo 47 de la Ley 47\/2003, de 26 de noviembre, General Presupuestaria, seg\u00fan el siguiente detalle:<\/p>\n<tr>\n<td>A\u00f1o<\/td>\n<td>Compromiso m\u00e1ximo por adquirir (\u20ac)<\/td>\n<td\/><\/tr>\n<tr>\n<td\/>\n<td\/>\n<td\/><\/tr>\n<tr>\n<td>2026<\/td>\n<td>215.000.000,00<\/td>\n<td\/><\/tr>\n<tr>\n<td>2027<\/td>\n<td>215.000.000,00<\/td>\n<td\/><\/tr>\n<tr>\n<td>2028<\/td>\n<td>170.000.000,00<\/td>\n<td\/><\/tr>\n<tr>\n<td>2029<\/td>\n<td>100.000.000,00<\/td>\n<td\/><\/tr>\n<tr>\n<td>2030<\/td>\n<td>45.630.308,58<\/td>\n<td><\/td>\n<\/tr>\n<p class=\"ms-rteElement-Parrafo_Normal\">Por lo que, en aplicaci\u00f3n de lo dispuesto en el apartado 3 del art\u00edculo 47 de la Ley 47\/2003, de 26 de noviembre, General Presupuestaria, se somete el presente Acuerdo para su autorizaci\u00f3n por el Consejo de Ministros.<\/p>\n<p>Hacienda<a href=\"https:\/\/www.lamoncloa.gob.es\/consejodeministros\/referencias\/Paginas\/2025\/20251209-referencia-rueda-de-prensa-ministros.aspx\" name=\"carlos\" id=\"carlos\" onclick=\"javascript:GoogleTrackEvent(&#039;True&#039;,&#039;Contenido&#039;,&#039;Click&#039;,&#039;[https:\/\/www.lamoncloa.gob.es\/consejodeministros\/referencias\/Paginas\/2025\/20251209-referencia-rueda-de-prensa-ministros.aspx] MODIFICACI\u00d3N DE L\u00cdMITES PARA LA ACCI\u00d3N ESTRAT\u00c9GICA DE SALUD 2026 DEL INSTITUTO DE SALUD CARLOS III. [\/consejodeministros\/referencias\/Paginas\/2025\/20251209-referencia-rueda-de-prensa-ministros.aspx]&#039;);\" rel=\"nofollow noopener\" target=\"_blank\">MODIFICACI\u00d3N DE L\u00cdMITES PARA LA ACCI\u00d3N ESTRAT\u00c9GICA DE SALUD 2026 DEL INSTITUTO DE SALUD CARLOS III<\/a><\/p>\n<p class=\"ms-rteElement-Parrafo_Normal\">El Consejo de Ministros ha aprobado un acuerdo por el que se modifican los l\u00edmites y el n\u00famero de anualidades para adquirir compromisos de gasto con cargo a ejercicios futuros en aplicaci\u00f3n de lo dispuesto en el art\u00edculo 47 de la Ley 47\/2003, de 26 de noviembre, General Presupuestaria, a fin de posibilitar al Organismo Aut\u00f3nomo Instituto de Salud Carlos III la tramitaci\u00f3n anticipada de la convocatoria, en r\u00e9gimen de concurrencia competitiva, de la Acci\u00f3n Estrat\u00e9gica de Salud correspondiente al a\u00f1o 2026.<\/p>\n<p class=\"ms-rteElement-Parrafo_Normal\">El Organismo Aut\u00f3nomo Instituto de Salud Carlos III, como organismo gestor de la Acci\u00f3n Estrat\u00e9gica en Salud, pretende llevar a cabo la tramitaci\u00f3n anticipada de la convocatoria correspondiente al ejercicio 2026 de ayudas a la investigaci\u00f3n que se encuentran integradas en dicha Acci\u00f3n. Estas ayudas se financiar\u00e1n con cargo a una serie de subconceptos, y con anualidades en los ejercicios de 2026 a 2030, por una cuant\u00eda total que asciende a 152.131.390 euros.<\/p>\n<p class=\"ms-rteElement-Parrafo_Normal\">Al importe previsto de la nueva convocatoria hay que adicionar los importes de los compromisos adquiridos, como consecuencia de convocatorias anteriores, seg\u00fan se detalla a continuaci\u00f3n (importe en euros):<\/p>\n<tr>\n<td> <\/td>\n<td><strong>2026<\/strong><\/td>\n<td><strong>2027<\/strong><\/td>\n<td><strong>2028<\/strong><\/td>\n<td><strong>2029<\/strong><\/td>\n<td><strong>2030<\/strong><\/td>\n<\/tr>\n<tr>\n<td>Compromisos adquiridos<\/td>\n<td>45.702.100<\/td>\n<td>9.015.900<\/td>\n<td>7.598.400<\/td>\n<td>4.264.000<\/td>\n<td\/><\/tr>\n<tr>\n<td>Convocatoria a\u00f1o 2026<\/td>\n<td>104.612.890<\/td>\n<td>37.767.100<\/td>\n<td>1.620.000<\/td>\n<td>3.867.400<\/td>\n<td>4.264.000<\/td>\n<\/tr>\n<tr>\n<td>Compromisos totales<\/td>\n<td>150.314.990<\/td>\n<td>46.783.000<\/td>\n<td>9.218.400<\/td>\n<td>8.131.400<\/td>\n<td>4.264.000<\/td>\n<\/tr>\n<p class=\"ms-rteElement-Parrafo_Normal\">Por tanto, al superarse los l\u00edmites y el n\u00famero de anualidades para adquirir compromisos de gasto con cargo a ejercicios futuros, a que se refiere el art\u00edculo 47 de la Ley General Presupuestaria, se ha solicitado autorizaci\u00f3n del Consejo de Ministros para elevar el l\u00edmite en la anualidad de 2026 y autorizar la anualidad de 2030.<\/p>\n<p>Hacienda<a href=\"https:\/\/www.lamoncloa.gob.es\/consejodeministros\/referencias\/Paginas\/2025\/20251209-referencia-rueda-de-prensa-ministros.aspx\" name=\"adif\" id=\"adif\" onclick=\"javascript:GoogleTrackEvent(&#039;True&#039;,&#039;Contenido&#039;,&#039;Click&#039;,&#039;[https:\/\/www.lamoncloa.gob.es\/consejodeministros\/referencias\/Paginas\/2025\/20251209-referencia-rueda-de-prensa-ministros.aspx] PR\u00d3RROGA DE CONVENIOS CON ADIF PARA LA MODERNIZACI\u00d3N DE INFRAESTRUCTURAS FERROVIARIAS. [\/consejodeministros\/referencias\/Paginas\/2025\/20251209-referencia-rueda-de-prensa-ministros.aspx]&#039;);\" rel=\"nofollow noopener\" target=\"_blank\">PR\u00d3RROGA DE CONVENIOS CON ADIF PARA LA MODERNIZACI\u00d3N DE INFRAESTRUCTURAS FERROVIARIAS<\/a><\/p>\n<p class=\"ms-rteElement-Parrafo_Normal\">El Consejo de Ministros ha aprobado varios acuerdos por los que se modifican los l\u00edmites para adquirir compromisos de gasto para que el Ministerio de Transportes y Movilidad Sostenible pueda prorrogar en 2026 sendos convenios con el Administrador de Infraestructuras Ferroviarias (ADIF) y con ADIF-Alta Velocidad, para la sostenibilidad econ\u00f3mica de las infraestructuras ferroviarias que integran ambas redes convencionales y de alta velocidad durante 2021-2025.<\/p>\n<p class=\"ms-rteElement-Parrafo_Normal\">Ambos acuerdos se desarrollan en cumplimiento del Plan de Recuperaci\u00f3n, Transformaci\u00f3n y Resiliencia (PRTR).<\/p>\n<p class=\"ms-rteElement-Parrafo_Normal\">En concreto, en el primer acuerdo, el Consejo de Ministros ha acordado la modificaci\u00f3n de los l\u00edmites establecidos en el art\u00edculo 41 del Real Decreto-ley 36\/2020, de 30 de diciembre, por el que se aprueban medidas urgentes para la modernizaci\u00f3n de la administraci\u00f3n p\u00fablica y para la ejecuci\u00f3n del Plan de Recuperaci\u00f3n, Transformaci\u00f3n y Resiliencia, para adquirir compromisos de gasto con cargo a ejercicios futuros, a fin de posibilitar al Ministerio de Transportes y Movilidad Sostenible la pr\u00f3rroga en 2026 del convenio con el Administrador de Infraestructuras Ferroviarias (ADIF) para la sostenibilidad econ\u00f3mica de las infraestructuras ferroviarias que integran su red durante 2021-2025.<\/p>\n<p class=\"ms-rteElement-Parrafo_Normal\">En concreto, la Direcci\u00f3n General del Sector Ferroviario ha sido el centro directivo que ha solicitado esta autorizaci\u00f3n. <\/p>\n<p class=\"ms-rteElement-Parrafo_Normal\">El actual Ministerio de Transportes y Movilidad Sostenible (MITMS), y el Administrador de Infraestructuras Ferroviarias (ADIF) suscribieron el 26 de julio de 2021 un convenio para la sostenibilidad econ\u00f3mica de las infraestructuras ferroviarias que integran la red del segundo, durante el per\u00edodo 2021-2025.<\/p>\n<p class=\"ms-rteElement-Parrafo_Normal\">De conformidad con lo establecido en la cl\u00e1usula d\u00e9cima del convenio las partes est\u00e1n acordando la pr\u00f3rroga por un a\u00f1o del mismo, previa tramitaci\u00f3n del correspondiente acuerdo de pr\u00f3rroga y cumpliendo todos los tr\u00e1mites y requisitos preceptivos, para lo cual formalizar\u00e1n la correspondiente adenda.<\/p>\n<p class=\"ms-rteElement-Parrafo_Normal\">De acuerdo con lo establecido en la adenda, referida a las aportaciones de la Administraci\u00f3n General del Estado en el ejercicio 2026, el importe de la partida destinada a financiar las actuaciones de inversi\u00f3n asociadas al MRR-UE en ADIF durante 2026 asciende a 219.773.600 euros.<\/p>\n<p class=\"ms-rteElement-Parrafo_Normal\">En atenci\u00f3n a lo expuesto, la Direcci\u00f3n General del Sector Ferroviario ha incoado este expediente de solicitud de autorizaci\u00f3n para adquirir compromiso de gasto con cargo a ejercicios futuros en la aplicaci\u00f3n presupuestaria &#8216;A ADIF para el Mecanismo de Recuperaci\u00f3n y Resiliencia&#8217;, con el detalle que se recoge a continuaci\u00f3n:<\/p>\n<tr>\n<td>A\u00f1o<\/td>\n<td\/>\n<td>Compromiso m\u00e1ximo a adquirir (\u20ac)<\/td>\n<td\/><\/tr>\n<tr>\n<td>2026<\/td>\n<td\/>\n<td>219.773.600<\/td>\n<td><\/td>\n<\/tr>\n<p class=\"ms-rteElement-Parrafo_Normal\">Por todo ello, al superarse los l\u00edmites establecidos en el art\u00edculo 41 del Real Decreto-ley 36\/2020, de 30 de diciembre, por el que se aprueban medidas urgentes para la modernizaci\u00f3n de la Administraci\u00f3n P\u00fablica y para la ejecuci\u00f3n del Plan de Recuperaci\u00f3n, Transformaci\u00f3n y Resiliencia, para el ejercicio 2026, se ha solicitado la autorizaci\u00f3n del Consejo de Ministros para elevar el compromiso de gasto en la citada aplicaci\u00f3n presupuestaria.<\/p>\n<p class=\"ms-rteElement-Parrafo_Normal\"><strong>Acuerdo sobre infraestructuras de Alta Velocidad<\/strong><\/p>\n<p class=\"ms-rteElement-Parrafo_Normal\">Por otro lado, el Consejo de Ministros ha aprobado un acuerdo por el que se modifican los l\u00edmites establecidos en el art\u00edculo 47 de la Ley General Presupuestaria, para adquirir compromisos de gasto con cargo a ejercicios futuros, a fin de posibilitar al Ministerio de Transportes y Movilidad la pr\u00f3rroga de un convenio con el Administrador de Infraestructuras Ferroviarias ADIF-Alta Velocidad para la sostenibilidad econ\u00f3mica de las infraestructuras ferroviarias que integran su red durante el periodo 2021-2025.<\/p>\n<p class=\"ms-rteElement-Parrafo_Normal\">Tambi\u00e9n la Direcci\u00f3n General del Sector Ferroviario solicit\u00f3 autorizaci\u00f3n para modificar los l\u00edmites establecidos en el art\u00edculo 41 del Real Decreto-ley 36\/2020, de 30 de diciembre, por el que se aprueban medidas urgentes para la modernizaci\u00f3n de la Administraci\u00f3n P\u00fablica y para la ejecuci\u00f3n del Plan de Recuperaci\u00f3n, Transformaci\u00f3n y Resiliencia, para adquirir compromisos de gasto con cargo a ejercicios futuros, a fin de posibilitar al Ministerio de Transportes y Movilidad Sostenible la pr\u00f3rroga del citado convenio con el Administrador de Infraestructuras Ferroviarias ADIF- Alta Velocidad.<\/p>\n<p class=\"ms-rteElement-Parrafo_Normal\">El 26 de julio de 2021 se suscribi\u00f3 un convenio entre la Administraci\u00f3n General del Estado y el Administrador de Infraestructuras Ferroviarias ADIF-Alta Velocidad, para la sostenibilidad econ\u00f3mica de las infraestructuras ferroviarias que integran su red durante el periodo 2021-2025, y cuyo objeto principal es regular las aportaciones econ\u00f3micas de la AGE, a trav\u00e9s del Ministerio de Transportes y Movilidad Sostenible, a la entidad p\u00fablica empresarial Administrador de Infraestructuras Ferroviarias ADIF-Alta Velocidad, para el periodo 2021-2025, en concordancia con las prioridades establecidas en la Estrategia de Movilidad de dicho Departamento ministerial, la Estrategia Indicativa para el desarrollo, mantenimiento y renovaci\u00f3n de las infraestructuras ferroviarias integrantes de la Red Ferroviaria de Inter\u00e9s General de titularidad de ADIF-Alta Velocidad y la pol\u00edtica com\u00fan europea de transporte ferroviario.<\/p>\n<p class=\"ms-rteElement-Parrafo_Normal\">Por su parte, la cl\u00e1usula d\u00e9cima del citado convenio establece que las partes podr\u00e1n acordar su pr\u00f3rroga por un a\u00f1o, previa tramitaci\u00f3n del correspondiente acuerdo de pr\u00f3rroga y cumplimiento de todos los tr\u00e1mites y requisitos que resulten preceptivos de conformidad con las disposiciones aplicables, en las mismas condiciones y por los importes medios anuales del convenio 2021-2025.<\/p>\n<p class=\"ms-rteElement-Parrafo_Normal\">Los importes resultantes en dicha pr\u00f3rroga de las partidas destinadas a ADIF-Alta Velocidad por medio del Mecanismo de Recuperaci\u00f3n y Resiliencia (MRR-UE) durante el a\u00f1o 2026, calculadas con los valores medios anuales del Convenio 2021-2025, son las siguientes:<\/p>\n<p><\/p>\n<tr>\n<td>Aplicaci\u00f3n<\/td>\n<td>2026 (\u20ac)<\/td>\n<\/tr>\n<tr>\n<td>17.50.45AC.746<\/td>\n<td>156.658.360<\/td>\n<\/tr>\n<tr>\n<td>17.50.45FA.746<\/td>\n<td>627.887.860<\/td>\n<\/tr>\n<tr>\n<td>17.50.45FB.746<\/td>\n<td>227.144.370<\/td>\n<\/tr>\n<tr>\n<td>Total<\/td>\n<td>1.011.690.590<\/td>\n<\/tr>\n<p class=\"ms-rteElement-Parrafo_Normal\">En atenci\u00f3n a lo expuesto, la Direcci\u00f3n General del Sector Ferroviario ha incoado el presente expediente de solicitud de autorizaci\u00f3n para adquirir compromiso de gasto con cargo a ejercicios futuros, con el detalle que se recoge a continuaci\u00f3n:<\/p>\n<tr>\n<td>A\u00f1o<\/td>\n<td>\n<p class=\"Centrado\">Compromiso m\u00e1ximo<\/p>\n<p class=\"Centrado\">a adquirir<\/p>\n<p class=\"Centrado\">(17.50.45AC.746)<\/p>\n<\/td>\n<\/tr>\n<tr>\n<td>2026<\/td>\n<td>156.658.360<\/td>\n<\/tr>\n<tr>\n<td> <\/td>\n<td> <\/td>\n<\/tr>\n<tr>\n<td>A\u00f1o<\/td>\n<td>\n<p class=\"Centrado\">Compromiso m\u00e1ximo<\/p>\n<p class=\"Centrado\">a adquirir<\/p>\n<p class=\"Centrado\">(17.50.45FA.746)<\/p>\n<\/td>\n<\/tr>\n<tr>\n<td>2026<\/td>\n<td>627.887.860<\/td>\n<\/tr>\n<tr>\n<td> <\/td>\n<td> <\/td>\n<\/tr>\n<tr>\n<td>A\u00f1o<\/td>\n<td>\n<p class=\"Centrado\">Compromiso m\u00e1ximo<\/p>\n<p class=\"Centrado\">a adquirir<\/p>\n<p class=\"Centrado\">(17.50.45FB.746)<\/p>\n<\/td>\n<\/tr>\n<tr>\n<td>2026<\/td>\n<td>227.144.370<\/td>\n<\/tr>\n<p class=\"ms-rteElement-Parrafo_Normal\">Por todo ello, al superarse los l\u00edmites establecidos en el art\u00edculo 41 del Real Decreto-ley 36\/2020, de 30 de diciembre, por el que se aprueban medidas urgentes para la modernizaci\u00f3n de la Administraci\u00f3n P\u00fablica y para la ejecuci\u00f3n del Plan de Recuperaci\u00f3n, Transformaci\u00f3n y Resiliencia, para el ejercicio 2026, se ha solicitado la autorizaci\u00f3n del Consejo de Ministros para elevar el compromiso de gasto en las aplicaciones presupuestarias indicadas.<\/p>\n<p>Para la Transici\u00f3n Ecol\u00f3gica y el Reto Demogr\u00e1fico<a href=\"https:\/\/www.lamoncloa.gob.es\/consejodeministros\/referencias\/Paginas\/2025\/20251209-referencia-rueda-de-prensa-ministros.aspx\" name=\"ebro\" id=\"ebro\" onclick=\"javascript:GoogleTrackEvent(&#039;True&#039;,&#039;Contenido&#039;,&#039;Click&#039;,&#039;[https:\/\/www.lamoncloa.gob.es\/consejodeministros\/referencias\/Paginas\/2025\/20251209-referencia-rueda-de-prensa-ministros.aspx] CONTRATO PARA LA MEJORA DE LOS CANALES DE RIEGO DE LA CONFEDERACI\u00d3N HIDROGR\u00c1FICA DEL EBRO . [\/consejodeministros\/referencias\/Paginas\/2025\/20251209-referencia-rueda-de-prensa-ministros.aspx]&#039;);\" rel=\"nofollow noopener\" target=\"_blank\">CONTRATO PARA LA MEJORA DE LOS CANALES DE RIEGO DE LA CONFEDERACI\u00d3N HIDROGR\u00c1FICA DEL EBRO <\/a><\/p>\n<p class=\"ms-rteElement-Parrafo_Normal\">El Consejo de Ministros ha aprobado el Acuerdo por el que se autoriza la celebraci\u00f3n del contrato de servicios para la mejora del estado de los canales existentes en las zonas regables de Inter\u00e9s General del Estado en la Confederaci\u00f3n Hidrogr\u00e1fica del Ebro, O.A., con el fin de impulsar el ahorro, eficiencia y sostenibilidad en el uso de los recursos h\u00eddricos, por un valor estimado de 35.804.520,06 euros. El objetivo es impulsar el ahorro, la eficiencia y la sostenibilidad en el uso de los recursos h\u00eddricos, garantizando la adecuada conservaci\u00f3n de unas infraestructuras clave para el regad\u00edo.<\/p>\n<p class=\"ms-rteElement-Parrafo_Normal\">El regad\u00edo ha desempe\u00f1ado hist\u00f3ricamente un papel fundamental en la econom\u00eda agraria espa\u00f1ola. Su desarrollo ha contribuido a dinamizar las zonas rurales, generar empleo, fijar poblaci\u00f3n y aumentar la productividad agr\u00edcola. Actualmente, el 70% de los recursos h\u00eddricos del pa\u00eds -unos 24.000 hm\u00b3- se destina a atender la demanda agraria, lo que pone de manifiesto la importancia de contar con sistemas de riego modernos y eficientes.<\/p>\n<p class=\"ms-rteElement-Parrafo_Normal\">Sin embargo, este elevado consumo de agua convive con importantes ineficiencias en la red. Las p\u00e9rdidas en las infraestructuras de riego se sit\u00faan entre el 30% y el 40%, una situaci\u00f3n especialmente preocupante en un contexto marcado por el cambio clim\u00e1tico y por la creciente presi\u00f3n sobre los recursos h\u00eddricos.<\/p>\n<p class=\"ms-rteElement-Parrafo_Normal\">En el \u00e1mbito de la Confederaci\u00f3n Hidrogr\u00e1fica del Ebro, muchas de las instalaciones llevan d\u00e9cadas en servicio, lo que incrementa la necesidad de acometer actuaciones urgentes para reducir fugas, mejorar el rendimiento de la red y reforzar la sostenibilidad del sistema. Estas intervenciones permitir\u00e1n avanzar hacia un uso m\u00e1s eficiente y responsable del agua, al tiempo que contribuir\u00e1n a proteger el buen estado de r\u00edos, acu\u00edferos y humedales de la cuenca.<\/p>\n<p class=\"ms-rteElement-Parrafo_Normal\">Mantenimiento integral para reforzar la seguridad y el suministro<\/p>\n<p class=\"ms-rteElement-Parrafo_Normal\">El contrato aprobado contempla la realizaci\u00f3n de trabajos de mantenimiento y conservaci\u00f3n de los canales y elementos asociados a las Zonas Regables de Inter\u00e9s General del Estado, incluyendo t\u00faneles, sifones, equipos de regulaci\u00f3n de caudal, sistemas de telecontrol, caminos de servicio y obras de drenaje.<\/p>\n<p class=\"ms-rteElement-Parrafo_Normal\">Los trabajos se estructuran en dos grandes bloques:<\/p>\n<ul class=\"ms-rteElement-Parrafo_Normal\">\n<li>Mantenimiento y conservaci\u00f3n ordinario: actuaciones programadas que se desarrollar\u00e1n principalmente entre octubre y marzo, una vez concluida la campa\u00f1a de riegos. <\/li>\n<li>Mantenimiento y conservaci\u00f3n extraordinario: intervenciones no planificables, debidas a fen\u00f3menos meteorol\u00f3gicos o aver\u00edas en cualquier \u00e9poca del a\u00f1o. El adjudicatario deber\u00e1 activar los trabajos en un m\u00e1ximo de dos horas desde la comunicaci\u00f3n de la incidencia.<\/li>\n<\/ul>\n<p class=\"ms-rteElement-Parrafo_Normal\">\u00c1mbitos de actuaci\u00f3n<\/p>\n<p class=\"ms-rteElement-Parrafo_Normal\">El contrato abarca seis servicios de explotaci\u00f3n, que comprenden las siguientes infraestructuras:<\/p>\n<p class=\"ms-rteElement-Parrafo_Normal\">1. Servicio 1\u00ba: Junta de Explotaci\u00f3n n\u00ba 1: Canal Imperial y Canal de Lodosa.<\/p>\n<p class=\"ms-rteElement-Parrafo_Normal\">2. Servicio 2\u00ba: Juntas de Explotaci\u00f3n n\u00ba 12 y 13: Canal de Arag\u00f3n y Catalu\u00f1a.<\/p>\n<p class=\"ms-rteElement-Parrafo_Normal\">3. Servicio 3\u00ba: Junta de Explotaci\u00f3n n\u00ba 15: Canal de Bardenas, Acequia de Navarra, Acequia de Cinco Villas y Acequia de Sora.<\/p>\n<p class=\"ms-rteElement-Parrafo_Normal\">4. Servicio 4\u00ba: Junta de Explotaci\u00f3n n\u00ba 5: Canales alimentadores de los embalses de Monteagudo y Lechago; Junta de Explotaci\u00f3n n\u00ba 7: Canales alimentadores de los embalses de Moneva y Almochuel; Junta de Explotaci\u00f3n n\u00ba 9: Canal Calanda-Alca\u00f1iz y Canal de Caspe; Junta de Explotaci\u00f3n n\u00ba 10: Canal alimentador del embalse de Pena; <\/p>\n<p class=\"ms-rteElement-Parrafo_Normal\">5. Servicio 5\u00ba: Junta de Explotaci\u00f3n n\u00ba 2: Canal Margen Izquierda del Najerilla y Canal Margen Derecha del Najerilla.<\/p>\n<p class=\"ms-rteElement-Parrafo_Normal\">6. Servicio 6\u00ba: Junta de Explotaci\u00f3n n\u00ba 14: Canales de Monegros y Cinca.<\/p>\n<p class=\"ms-rteElement-Parrafo_Normal\">Estas actuaciones contribuir\u00e1n a reforzar el ahorro y la eficiencia en el uso del agua en uno de los principales sistemas de regad\u00edo del pa\u00eds, asegurando el correcto funcionamiento de las infraestructuras y su adaptaci\u00f3n a los retos actuales de sostenibilidad y gesti\u00f3n responsable del recurso.<\/p>\n<p>Asuntos Exteriores, Uni\u00f3n Europea y Cooperaci\u00f3n<a href=\"https:\/\/www.lamoncloa.gob.es\/consejodeministros\/referencias\/Paginas\/2025\/20251209-referencia-rueda-de-prensa-ministros.aspx\" name=\"sostenible\" id=\"sostenible\" onclick=\"javascript:GoogleTrackEvent(&#039;True&#039;,&#039;Contenido&#039;,&#039;Click&#039;,&#039;[https:\/\/www.lamoncloa.gob.es\/consejodeministros\/referencias\/Paginas\/2025\/20251209-referencia-rueda-de-prensa-ministros.aspx] CONCESI\u00d3N DIRECTA DE SUBVENCIONES EN MATERIA DE COOPERACI\u00d3N INTERNACIONAL AL DESARROLLO SOSTENIBLE. [\/consejodeministros\/referencias\/Paginas\/2025\/20251209-referencia-rueda-de-prensa-ministros.aspx]&#039;);\" rel=\"nofollow noopener\" target=\"_blank\">CONCESI\u00d3N DIRECTA DE SUBVENCIONES EN MATERIA DE COOPERACI\u00d3N INTERNACIONAL AL DESARROLLO SOSTENIBLE<\/a><\/p>\n<p class=\"ms-rteElement-Parrafo_Normal\">El Consejo de Ministros ha aprobado el Real decreto por el que se regula la concesi\u00f3n directa de subvenciones para cooperaci\u00f3n internacional al desarrollo sostenible por la Secretar\u00eda de Estado de Cooperaci\u00f3n Internacional del Ministerio de Asuntos Exteriores, Uni\u00f3n Europea y Cooperaci\u00f3n.<\/p>\n<p class=\"ms-rteElement-Parrafo_Normal\">Este real decreto tiene por objeto regular la concesi\u00f3n directa de subvenciones en materia de cooperaci\u00f3n internacional al desarrollo sostenible a las siguientes entidades:<\/p>\n<ul class=\"ms-rteElement-Parrafo_Normal\">\n<li>La Federaci\u00f3n Espa\u00f1ola de Municipios y Provincias (FEMP).<\/li>\n<li>La Confederaci\u00f3n de Fondos de Cooperaci\u00f3n y Solidaridad (CONFOCOS).<\/li>\n<li>La Conferencia de Rectores de las Universidades Espa\u00f1olas (CRUE).<\/li>\n<li>La Uni\u00f3n General de Trabajadoras y Trabajadores (UGT). <\/li>\n<li>Comisiones Obreras (CCOO). <\/li>\n<li>La Red Espa\u00f1ola para el Desarrollo Sostenible (REDS). <\/li>\n<\/ul>\n<p>Asuntos Exteriores, Uni\u00f3n Europea y Cooperaci\u00f3n<a href=\"https:\/\/www.lamoncloa.gob.es\/consejodeministros\/referencias\/Paginas\/2025\/20251209-referencia-rueda-de-prensa-ministros.aspx\" name=\"ucrania\" id=\"ucrania\" onclick=\"javascript:GoogleTrackEvent(&#039;True&#039;,&#039;Contenido&#039;,&#039;Click&#039;,&#039;[https:\/\/www.lamoncloa.gob.es\/consejodeministros\/referencias\/Paginas\/2025\/20251209-referencia-rueda-de-prensa-ministros.aspx] CONVENIO POR EL QUE SE ESTABLECE UNA COMISI\u00d3N INTERNACIONAL DE RECLAMACIONES PARA UCRANIA. [\/consejodeministros\/referencias\/Paginas\/2025\/20251209-referencia-rueda-de-prensa-ministros.aspx]&#039;);\" rel=\"nofollow noopener\" target=\"_blank\">CONVENIO POR EL QUE SE ESTABLECE UNA COMISI\u00d3N INTERNACIONAL DE RECLAMACIONES PARA UCRANIA<\/a><\/p>\n<p class=\"ms-rteElement-Parrafo_Normal\">El Consejo de Ministros ha aprobado el Acuerdo por el que se autoriza la firma del Convenio por el que se establece una Comisi\u00f3n Internacional de Reclamaciones para Ucrania.<\/p>\n<p class=\"ms-rteElement-Parrafo_Normal\">El Proyecto de Convenio fue adoptado por el Comit\u00e9 de Ministros del Consejo de Europa el 22 de octubre de 2025 y la firma est\u00e1 prevista el pr\u00f3ximo 16 de diciembre de 2025 en La Haya.<\/p>\n<p class=\"ms-rteElement-Parrafo_Normal\">Con la firma de este convenio se pretende crear un mecanismo internacional para la reparaci\u00f3n de los da\u00f1os, las p\u00e9rdidas o los perjuicios que se deriven de los hechos internacionalmente il\u00edcitos que cometa la Federaci\u00f3n de Rusia en Ucrania o contra Ucrania. <\/p>\n<p class=\"ms-rteElement-Parrafo_Normal\">Actualmente se encuentra operativo el Registro de Da\u00f1os para Ucrania (RDU). Los pasos siguientes son crear, por un lado, la Comisi\u00f3n que gestione las reclamaciones para Ucrania (CRU) y determine las indemnizaciones, y por otro, un fondo de compensaci\u00f3n. <\/p>\n<p>Asuntos Exteriores, Uni\u00f3n Europea y Cooperaci\u00f3n<a href=\"https:\/\/www.lamoncloa.gob.es\/consejodeministros\/referencias\/Paginas\/2025\/20251209-referencia-rueda-de-prensa-ministros.aspx\" name=\"mauritania\" id=\"mauritania\" onclick=\"javascript:GoogleTrackEvent(&#039;True&#039;,&#039;Contenido&#039;,&#039;Click&#039;,&#039;[https:\/\/www.lamoncloa.gob.es\/consejodeministros\/referencias\/Paginas\/2025\/20251209-referencia-rueda-de-prensa-ministros.aspx] CONTRIBUCI\u00d3N VOLUNTARIA A ACNUR PARA EL APOYO A REFUGIADOS Y PERSONAS DESPLAZADAS EN MAURITANIA. [\/consejodeministros\/referencias\/Paginas\/2025\/20251209-referencia-rueda-de-prensa-ministros.aspx]&#039;);\" rel=\"nofollow noopener\" target=\"_blank\">CONTRIBUCI\u00d3N VOLUNTARIA A ACNUR PARA EL APOYO A REFUGIADOS Y PERSONAS DESPLAZADAS EN MAURITANIA<\/a><\/p>\n<p class=\"ms-rteElement-Parrafo_Normal\">El Consejo de Ministros ha aprobado el Acuerdo por el que se autoriza una contribuci\u00f3n voluntaria de Espa\u00f1a al Alto Comisionado de las Naciones Unidas para los Refugiados (ACNUR) para actividades de apoyo a refugiados y personas desplazadas en el Campamento de M&#8217;Bera, en Mauritania, por importe de 2.000.000 de euros.<\/p>\n<p class=\"ms-rteElement-Parrafo_Normal\">La estabilidad de Mauritania, pa\u00eds vecino de la UE y, en particular, de Espa\u00f1a, (con frontera mar\u00edtima con Canarias) se ve amenazada por el deterioro de la situaci\u00f3n pol\u00edtica y de seguridad en el Sahel. <\/p>\n<p class=\"ms-rteElement-Parrafo_Normal\">Pa\u00eds de tr\u00e1nsito y, cada vez m\u00e1s, de destino; la afluencia masiva de refugiados ha generado una crisis humanitaria en la regi\u00f3n de Hodh el Chargui, fronteriza con Mali, poniendo en peligro el fr\u00e1gil equilibrio demogr\u00e1fico del pa\u00eds. <\/p>\n<p class=\"ms-rteElement-Parrafo_Normal\">Esta contribuci\u00f3n de 2.000.000 de euros, busca mejorar las condiciones de vida de las personas refugiadas y comunidades de acogida en la regi\u00f3n de Hodh Chargui, en particular en el campo de M&#8217;Bera.<\/p>\n<p>Asuntos Exteriores, Uni\u00f3n Europea y Cooperaci\u00f3n<a href=\"https:\/\/www.lamoncloa.gob.es\/consejodeministros\/referencias\/Paginas\/2025\/20251209-referencia-rueda-de-prensa-ministros.aspx\" name=\"global\" id=\"global\" onclick=\"javascript:GoogleTrackEvent(&#039;True&#039;,&#039;Contenido&#039;,&#039;Click&#039;,&#039;[https:\/\/www.lamoncloa.gob.es\/consejodeministros\/referencias\/Paginas\/2025\/20251209-referencia-rueda-de-prensa-ministros.aspx] APORTACI\u00d3N DE CAPITAL AL FONDO DE GLOBAL GREEN BOND INITIATIVE FEEDER FUND SA. [\/consejodeministros\/referencias\/Paginas\/2025\/20251209-referencia-rueda-de-prensa-ministros.aspx]&#039;);\" rel=\"nofollow noopener\" target=\"_blank\">APORTACI\u00d3N DE CAPITAL AL FONDO DE GLOBAL GREEN BOND INITIATIVE FEEDER FUND SA<\/a><\/p>\n<p class=\"ms-rteElement-Parrafo_Normal\">El Consejo de Ministros ha aprobado el Acuerdo por el que se autoriza la aportaci\u00f3n de capital al fondo de Global Green Bond Initiative Feeder Fund SA, SICAV-RAIF-GGBI I Feeder Sub-Fund, con cargo al Fondo Espa\u00f1ol de Desarrollo Sostenible, por un importe m\u00e1ximo de 100.000.000 de euros.<\/p>\n<p class=\"ms-rteElement-Parrafo_Normal\">Se trata de la aportaci\u00f3n de capital, con cargo al Fondo Espa\u00f1ol de Desarrollo Sostenible, al fondo de inversi\u00f3n Global Green Bond Initiative Feeder Fund SA, SICAV-RAIF-GGBI I Feeder Sub-Fund por un importe m\u00e1ximo de 100.000.000 de euros.<\/p>\n<p class=\"ms-rteElement-Parrafo_Normal\">El Fondo tiene como principales objetivos movilizar capital privado; crear un enfoque coordinado entre los distintos miembros del consorcio de instituciones financieras de desarrollo y la Comisi\u00f3n Europea; y el desarrollo de conocimiento local que permita crear marcos robustos para la emisi\u00f3n de bonos verdes y apoyar los procesos de salida a mercado, siendo su enfoque global.<\/p>\n<p>Presidencia, Justicica y Relaciones con las Cortes<a href=\"https:\/\/www.lamoncloa.gob.es\/consejodeministros\/referencias\/Paginas\/2025\/20251209-referencia-rueda-de-prensa-ministros.aspx\" name=\"ley\" id=\"ley\" onclick=\"javascript:GoogleTrackEvent(&#039;True&#039;,&#039;Contenido&#039;,&#039;Click&#039;,&#039;[https:\/\/www.lamoncloa.gob.es\/consejodeministros\/referencias\/Paginas\/2025\/20251209-referencia-rueda-de-prensa-ministros.aspx] SOSTENIBILIDAD FINANCIERA DE LAS CC.AA. DE R\u00c9GIMEN COM\u00daN . [\/consejodeministros\/referencias\/Paginas\/2025\/20251209-referencia-rueda-de-prensa-ministros.aspx]&#039;);\" rel=\"nofollow noopener\" target=\"_blank\">SOSTENIBILIDAD FINANCIERA DE LAS CC.AA. DE R\u00c9GIMEN COM\u00daN <\/a><\/p>\n<p class=\"ms-rteElement-Parrafo_Normal\">El Consejo de Ministros ha aprobado el Proyecto de Ley de Medidas Excepcionales de Sostenibilidad Financiera para las Comunidades Aut\u00f3nomas de R\u00e9gimen Com\u00fan. Esta norma, que ha sido remitida al Congreso de los Diputados, es la que dar\u00e1 luz verde a que el Estado asuma 83.252 millones de euros de la deuda existente en las Comunidades Aut\u00f3nomas. Ello permitir\u00e1 mejorar la situaci\u00f3n financiera de las comunidades aut\u00f3nomas, facilitar\u00e1 el acceso a los mercados en mejores condiciones y permitir\u00e1 un ahorro en intereses de unos 6.700 millones.<\/p>\n<p class=\"ms-rteElement-Parrafo_Normal\"><img decoding=\"async\" src=\"https:\/\/www.europesays.com\/es\/wp-content\/uploads\/2025\/12\/ley.jpg\" alt=\"\" title=\"\"\/><\/p>\n<p class=\"ms-rteElement-Parrafo_Normal\"><strong>Metodolog\u00eda de la condonaci\u00f3n <\/strong><\/p>\n<p class=\"ms-rteElement-Parrafo_Normal\">La metodolog\u00eda para establecer el importe de la condonaci\u00f3n parte de criterios t\u00e9cnicos y transparentes que buscan el equilibrio y la igualdad entre las comunidades aut\u00f3nomas: <\/p>\n<ul class=\"ms-rteElement-Parrafo_Normal\">\n<li>Fase 1: Se compara el crecimiento de la deuda auton\u00f3mica durante la crisis financiera, periodo que abarca desde el 31 de diciembre de 2009 hasta el 31 de diciembre de 2013, con el pasivo surgido por la pandemia de Coronavirus y las consecuencias de la invasi\u00f3n rusa en Ucrania, que va del 31 de diciembre de 2019 al 31 de diciembre de 2023. Este c\u00e1lculo arroja una cifra de 80.310 millones. El 75% de este importe, que suponen 60.232 millones, se reparten por el criterio de poblaci\u00f3n ajustada. La condonaci\u00f3n media resultante en esta primera fase alcanza el 19% del pasivo auton\u00f3mico. <\/li>\n<li>Fase 2. En esta etapa se busca compensar a las CCAA que queden por debajo de la media del 19%, garantizando que todas alcancen este umbral. Ello supone a\u00f1adir 11.514 millones a la distribuci\u00f3n que se realizar\u00e1. <\/li>\n<li>Fase 3. La \u00faltima parte del procedimiento implica dos ajustes adicionales. En primer lugar, se identifica a la comunidad aut\u00f3noma que tras las dos primeras fases registra una mayor condonaci\u00f3n por habitante ajustado, que en este caso es la Comunitat Valenciana con 2.284 euros. <\/li>\n<\/ul>\n<p class=\"ms-rteElement-Parrafo_Normal\">Y, a continuaci\u00f3n, se eleva hasta alcanzar esa cifra a las comunidades que hayan registrado una financiaci\u00f3n homog\u00e9nea por habitante ajustado inferior a la media entre 2010 y 2022. Es decir, se mejora a las comunidades que han sido peor financiadas. Esto implica a\u00f1adir 10.590 millones a la condonaci\u00f3n. <\/p>\n<p class=\"ms-rteElement-Parrafo_Normal\">El otro ajuste es la suma de 917 millones de euros para las CCAA que hayan ejercido sus competencias normativas en IRPF al alza. Lo que se traduce en un 10% adicional para esas regiones que est\u00e9n por encima de la media en IRPF y otro 5% para las que est\u00e9n por debajo de esa misma media. Se valora as\u00ed a aquellas que exigieron un mayor esfuerzo fiscal a la ciudadan\u00eda para mejorar sus cuentas. <\/p>\n<p class=\"ms-rteElement-Parrafo_Normal\"><strong>Procedimiento para la asunci\u00f3n de deuda<\/strong><\/p>\n<p class=\"ms-rteElement-Parrafo_Normal\">El proyecto de ley establece c\u00f3mo se desarrollar\u00e1 el proceso de condonaci\u00f3n de deuda por parte del Estado. Este ser\u00e1 distinto en funci\u00f3n de si la CCAA tiene deuda con el Fondo de Liquidez Auton\u00f3mico (FLA) o no. <\/p>\n<p class=\"ms-rteElement-Parrafo_Normal\">En el primer caso, el Estado asumir\u00e1 la deuda cancelando o amortizando los saldos vivos de esos pr\u00e9stamos con el FLA hasta que se alcance el importe asignado a dicha comunidad. Se empezar\u00e1 por los pr\u00e9stamos m\u00e1s antiguos hasta llegar a 2019, que podr\u00e1 ser cancelado o amortizado en su totalidad. A partir de ah\u00ed, y si esa regi\u00f3n dispusiera a\u00fan de margen de condonaci\u00f3n, se empezar\u00eda con las cantidades de 2024, para despu\u00e9s pasar a 2023, 2022, 2021 y 2020, sucesivamente y si fuera necesario.<\/p>\n<p class=\"ms-rteElement-Parrafo_Normal\">Para las CCAA que no tienen cuentas pendientes con el FLA, se les solicitar\u00e1 que trasladen a la Secretar\u00eda General del Tesoro y Financiaci\u00f3n Internacional los datos de su cartera de deuda con terceros actores. Tras seleccionar las operaciones que puedan formar parte de la condonaci\u00f3n, la Comisi\u00f3n Delegada del Gobierno para Asuntos Econ\u00f3micos (CDGAE) acordar\u00e1 que el Estado subrogue la posici\u00f3n deudora de estas autonom\u00edas, aunque con el previo consentimiento de los acreedores. <\/p>\n<p>Presidencia, Justicia y Relaciones con las Cortes<a href=\"https:\/\/www.lamoncloa.gob.es\/consejodeministros\/referencias\/Paginas\/2025\/20251209-referencia-rueda-de-prensa-ministros.aspx\" name=\"suelo\" id=\"suelo\" onclick=\"javascript:GoogleTrackEvent(&#039;True&#039;,&#039;Contenido&#039;,&#039;Click&#039;,&#039;[https:\/\/www.lamoncloa.gob.es\/consejodeministros\/referencias\/Paginas\/2025\/20251209-referencia-rueda-de-prensa-ministros.aspx] MODIFICACI\u00d3N DEL ESTATUTO DE LA ENTIDAD P\u00daBLICA EMPRESARIAL DE SUELO. [\/consejodeministros\/referencias\/Paginas\/2025\/20251209-referencia-rueda-de-prensa-ministros.aspx]&#039;);\" rel=\"nofollow noopener\" target=\"_blank\">MODIFICACI\u00d3N DEL ESTATUTO DE LA ENTIDAD P\u00daBLICA EMPRESARIAL DE SUELO<\/a><\/p>\n<p class=\"ms-rteElement-Parrafo_Normal\">El Consejo de Ministros ha aprobado el Real Decreto por el que se modifica el estatuto de la Entidad P\u00fablica Empresarial de Suelo (SEPES), aprobado por Real Decreto 1525\/1999, de 1 de octubre, para transformar su nombre y adaptar su organizaci\u00f3n a la nueva realidad.<\/p>\n<p class=\"ms-rteElement-Parrafo_Normal\">La Entidad pasar\u00e1 de tener como actividad principal la urbanizaci\u00f3n y entrega de suelos y viviendas a las dem\u00e1s administraciones, para pasar a actuar como una gran empresa p\u00fablica estatal de vivienda, en la cual no solo se urbanice y se construya, sino que adem\u00e1s se gestione el parque p\u00fablico que, en lugar de cederse a otras administraciones, permanezca en el Estado. <\/p>\n<p class=\"ms-rteElement-Parrafo_Normal\">En concreto, se hacen los siguientes cambios:<\/p>\n<ul>\n<li>Se modifica la denominaci\u00f3n institucional de la Entidad a \u00abCASA 47 ENTIDAD P\u00daBLICA EMPRESARIAL\u00bb, manteniendo su naturaleza jur\u00eddica de Entidad P\u00fablica Empresarial (EPE) adscrita al Ministerio.<\/li>\n<li>Se suprime la Direcci\u00f3n General de SEPES, modific\u00e1ndola por el de la Presidencia de SEPES. <\/li>\n<li>Se reconfigura la estructura, sin que suponga un cambio en el rango o retribuciones de cada \u00f3rgano directivo, que pasa a organizarse de la siguiente manera:<\/li>\n<\/ul>\n<blockquote>\n<blockquote>\n<p> &#8211; La Secretar\u00eda General, cuya persona titular lo ser\u00e1 tambi\u00e9n de la Secretar\u00eda del Consejo.<\/p>\n<\/blockquote>\n<\/blockquote>\n<blockquote>\n<blockquote>\n<p> &#8211; La Direcci\u00f3n Econ\u00f3mico-Financiera.<\/p>\n<\/blockquote>\n<\/blockquote>\n<blockquote>\n<blockquote>\n<p> &#8211; La Direcci\u00f3n de Urbanizaci\u00f3n y Agenda Urbana.<\/p>\n<\/blockquote>\n<\/blockquote>\n<blockquote>\n<blockquote>\n<p> &#8211; La Direcci\u00f3n de Edificaci\u00f3n.<\/p>\n<\/blockquote>\n<blockquote>\n<p> &#8211; La Direcci\u00f3n de Promoci\u00f3n y Colaboraci\u00f3n.<\/p>\n<\/blockquote>\n<blockquote>\n<p> &#8211; La Direcci\u00f3n de Coordinaci\u00f3n y Transformaci\u00f3n.<\/p>\n<\/blockquote>\n<blockquote>\n<p> &#8211; La Direcci\u00f3n del Parque de Vivienda Asequible.<\/p>\n<\/blockquote>\n<blockquote>\n<p> &#8211; La Direcci\u00f3n de Comunicaci\u00f3n.<\/p>\n<\/blockquote>\n<\/blockquote>\n<blockquote\/>\n<p class=\"ms-rteElement-Parrafo_Normal\">Estas nuevas finalidades y estructuras permiten el cumplimiento del hito pactado con la Comisi\u00f3n Europea en el marco del Componente 2, Reforma 7 del PRTR.<\/p>\n<p>Presidencia, Justicia y Relaciones con las Cortes<a href=\"https:\/\/www.lamoncloa.gob.es\/consejodeministros\/referencias\/Paginas\/2025\/20251209-referencia-rueda-de-prensa-ministros.aspx\" name=\"a\u00f1o\" id=\"a\u00f1o\" onclick=\"javascript:GoogleTrackEvent(&#039;True&#039;,&#039;Contenido&#039;,&#039;Click&#039;,&#039;[https:\/\/www.lamoncloa.gob.es\/consejodeministros\/referencias\/Paginas\/2025\/20251209-referencia-rueda-de-prensa-ministros.aspx] DECLARACI\u00d3N INSTITUCIONAL CON MOTIVO DEL A\u00d1O INTERNACIONAL DE LAS PERSONAS VOLUNTARIAS PARA EL DESARROLLO SOSTENIBLE. [\/consejodeministros\/referencias\/Paginas\/2025\/20251209-referencia-rueda-de-prensa-ministros.aspx]&#039;);\" rel=\"nofollow noopener\" target=\"_blank\">DECLARACI\u00d3N INSTITUCIONAL CON MOTIVO DEL A\u00d1O INTERNACIONAL DE LAS PERSONAS VOLUNTARIAS PARA EL DESARROLLO SOSTENIBLE<\/a><\/p>\n<p class=\"ms-rteElement-Parrafo_Normal\">El Consejo de Ministros ha aprobado la declaraci\u00f3n institucional con motivo del A\u00f1o Internacional de las Personas Voluntarias para el Desarrollo Sostenible.<\/p>\n<p class=\"ms-rteElement-Parrafo_Normal\">La Asamblea General de las Naciones Unidas, mediante Resoluci\u00f3n aprobada el 18 de diciembre de 2023, proclam\u00f3 2026 como el A\u00f1o Internacional de las Personas Voluntarias para el Desarrollo Sostenible. Esta resoluci\u00f3n alienta a los Estados miembros a apoyar la acci\u00f3n del voluntariado para alcanzar los Objetivos del Desarrollo Sostenible, incluida la integraci\u00f3n del voluntariado en las prioridades sectoriales, estrategias, planes y pol\u00edticas nacionales de desarrollo. Asimismo, invita a dichos Estados, organizaciones del sistema de Naciones Unidas, otras organizaciones internacionales, la sociedad civil y dem\u00e1s interesados a celebrar este A\u00f1o Internacional con el fin de promover la importancia del voluntariado para el desarrollo sostenible. <\/p>\n<p class=\"ms-rteElement-Parrafo_Normal\">Con este motivo el Consejo de Ministros aprueba la siguiente declaraci\u00f3n:<\/p>\n<p class=\"ms-rteElement-Parrafo_Normal\">\u00abEn Espa\u00f1a, seg\u00fan los \u00faltimos datos del Observatorio del Voluntariado, 4.400.000 personas mayores de 14 a\u00f1os (el 10% de la poblaci\u00f3n de esta edad), un 55% de ellas mujeres, participan cada a\u00f1o en diversas actividades de voluntariado, dedicando de forma desinteresada y altruista su tiempo y\/o sus recursos para contribuir al bienestar general. El perfil de estas personas es variado en cuanto a sexo, edad, origen racial o \u00e9tnico, nacionalidad, ocupaci\u00f3n u orientaci\u00f3n ideol\u00f3gica; lo que refleja a su vez la diversidad existente en la sociedad espa\u00f1ola. <\/p>\n<p class=\"ms-rteElement-Parrafo_Normal\">Esta participaci\u00f3n de las personas voluntarias se articula fundamentalmente a trav\u00e9s de las organizaciones del Tercer Sector, que son las que confieren de estructura y proyecto a la acci\u00f3n voluntaria. Asimismo, universidad, empresas y Administraciones p\u00fablicas est\u00e1n teniendo cada vez m\u00e1s protagonismo, al promover acciones que impulsan el voluntariado en nuestra sociedad. <\/p>\n<p class=\"ms-rteElement-Parrafo_Normal\">Tambi\u00e9n son diversos los \u00e1mbitos donde act\u00faan dichas personas y organizaciones, incluyendo, entre otros, el voluntariado social, el internacional de cooperaci\u00f3n para el desarrollo, el ambiental, el cultural, el deportivo, el educativo, el socio-sanitario, el de ocio y tiempo libre, el comunitario o el de protecci\u00f3n civil. <\/p>\n<p class=\"ms-rteElement-Parrafo_Normal\">Recientemente, acontecimientos como la DANA del pasado mes de octubre de 2024 han demostrado la importancia que tiene la acci\u00f3n voluntaria como instrumento de solidaridad, de forma complementaria a la responsabilidad p\u00fablica, en los momentos m\u00e1s cr\u00edticos, convirti\u00e9ndose en una herramienta valiosa para afrontar las grandes crisis ecosociales de esta \u00e9poca. <\/p>\n<p class=\"ms-rteElement-Parrafo_Normal\">A nivel legal, la derogada Ley 6\/1996, de 15 de enero, de Voluntariado, regul\u00f3 por vez primera en el \u00e1mbito estatal el voluntariado en nuestro pa\u00eds, lo que supuso un hito fundamental para su reconocimiento y desarrollo. Posteriormente, la Ley 45\/2015, de 14 de octubre, de Voluntariado, permiti\u00f3 la actualizaci\u00f3n de este marco legal a algunas de las principales transformaciones de la \u00faltima d\u00e9cada, modernizando las formas de participaci\u00f3n e incorporando el voluntariado puntual o virtual, a trav\u00e9s de las nuevas tecnolog\u00edas. Seg\u00fan se recoge en su pre\u00e1mbulo, esta ley \u00abapuesta por un voluntariado abierto, participativo e intergeneracional, que combina, con el necesario equilibrio, las dimensiones de ayuda y participaci\u00f3n, sin renunciar a su aspiraci\u00f3n a la transformaci\u00f3n de la sociedad. <\/p>\n<p class=\"ms-rteElement-Parrafo_Normal\">Los principios recogidos en dicha ley se han convertido tambi\u00e9n en pilares de la acci\u00f3n voluntaria, incluy\u00e9ndose entre otros la libertad en el compromiso de las personas voluntarias, la participaci\u00f3n como principio democr\u00e1tico de intervenci\u00f3n, la solidaridad con conciencia global, el principio de igualdad entre mujeres y hombres y la no discriminaci\u00f3n de las personas voluntarias por raz\u00f3n de nacionalidad, origen racial o \u00e9tnico, religi\u00f3n, convicciones ideol\u00f3gicas o sindicales, enfermedad, discapacidad, edad, sexo, identidad sexual, orientaci\u00f3n sexual o cualquier otra condici\u00f3n o circunstancia personal o social, la gratuidad en los servicios prestados o la complementariedad respecto a las actuaciones de las Administraciones p\u00fablicas. <\/p>\n<p class=\"ms-rteElement-Parrafo_Normal\">Por su parte, la Ley 1\/2023, de 20 de febrero, de Cooperaci\u00f3n para el Desarrollo Sostenible y la Solidaridad Global, ampara a las personas voluntarias al servicio de la acci\u00f3n humanitaria y la cooperaci\u00f3n para el desarrollo sostenible, y a las organizaciones que las encuadran, y reconoce el trabajo realizado por el personal voluntario que ha sido decisivo para dar a la cooperaci\u00f3n espa\u00f1ola su actual prestigio y reputaci\u00f3n. Con esta norma se promueve por parte de las Administraciones p\u00fablicas el voluntariado y la participaci\u00f3n de la sociedad espa\u00f1ola en las iniciativas a favor de la solidaridad y la justicia global.<\/p>\n<p class=\"ms-rteElement-Parrafo_Normal\">Este marco estatal tiene como pretensi\u00f3n que en el mismo se sientan acogidas todo tipo de organizaciones -cualquiera que sea su origen, tama\u00f1o y \u00e1mbito de actuaci\u00f3n-, y todas las personas voluntarias, con independencia de cu\u00e1l sea su motivaci\u00f3n y el alcance de su compromiso. Adem\u00e1s, se ha visto complementado por las diversas normas auton\u00f3micas sobre voluntariado que las comunidades aut\u00f3nomas han ido aprobando en el marco de sus competencias. <\/p>\n<p class=\"ms-rteElement-Parrafo_Normal\">Asimismo, como reconocimiento a la importancia de la labor voluntaria, el Ministerio de Derechos Sociales, Consumo y Agenda 2030 concede cada a\u00f1o los Premios Estatales al Voluntariado, regulados por la Orden DSA\/857\/2022, de 26 de agosto, que tienen como objetivo \u00abel reconocimiento p\u00fablico a la extraordinaria contribuci\u00f3n individual o colectiva desarrollada por las personas f\u00edsicas o jur\u00eddicas en los distintos \u00e1mbitos de la acci\u00f3n voluntaria\u00bb. <\/p>\n<p class=\"ms-rteElement-Parrafo_Normal\">Durante la \u00faltima d\u00e9cada, la importancia social del voluntariado ha cobrado especial relevancia en el marco de los Objetivos de Desarrollo Sostenible establecidos por Naciones Unidas. A este respecto, la Estrategia de Desarrollo Sostenible impulsada por el Ministerio de Derechos Sociales, Consumo y Agenda 2030 hace referencia al voluntariado como un ejemplo de aquellas \u00abactuaciones transformadoras\u00bb que permiten alcanzar las metas de desarrollo sostenible, entre las que se encuentran la reducci\u00f3n del riesgo de pobreza o exclusi\u00f3n social, de las brechas de g\u00e9nero, de las emisiones de gases de efecto invernadero o de los delitos de odio y discriminaci\u00f3n. <\/p>\n<p class=\"ms-rteElement-Parrafo_Normal\">Por todo ello, y en reconocimiento a la importancia de la acci\u00f3n voluntaria para conseguir una sociedad m\u00e1s justa, m\u00e1s inclusiva y m\u00e1s solidaria, el Gobierno de Espa\u00f1a mediante la presente declaraci\u00f3n reafirma su compromiso con el apoyo a la acci\u00f3n del voluntariado para alcanzar los Objetivos del Desarrollo Sostenible celebrando el 2026 como el A\u00f1o Internacional de las Personas Voluntarias para el Desarrollo Sostenible (en sus siglas en ingl\u00e9s, IVY 2026) de Naciones Unidas, e invita a todas las Administraciones p\u00fablicas, entidades del Tercer Sector, universidades, empresas y otros actores de la sociedad civil a realizar acciones de reconocimiento y promoci\u00f3n de la importancia del voluntariado para el desarrollo sostenible\u00bb.<\/p>\n<p>Presidencia, Justicia y Relaciones con las Cortes<a href=\"https:\/\/www.lamoncloa.gob.es\/consejodeministros\/referencias\/Paginas\/2025\/20251209-referencia-rueda-de-prensa-ministros.aspx\" name=\"adenda\" id=\"adenda\" onclick=\"javascript:GoogleTrackEvent(&#039;True&#039;,&#039;Contenido&#039;,&#039;Click&#039;,&#039;[https:\/\/www.lamoncloa.gob.es\/consejodeministros\/referencias\/Paginas\/2025\/20251209-referencia-rueda-de-prensa-ministros.aspx] PR\u00d3RROGA Y MODIFICACI\u00d3N DE CONVENIOS PARA LA EJECUCI\u00d3N DE PLANES DE SOSTENIBILIDAD TUR\u00cdSTICA EN DESTINO. [\/consejodeministros\/referencias\/Paginas\/2025\/20251209-referencia-rueda-de-prensa-ministros.aspx]&#039;);\" rel=\"nofollow noopener\" target=\"_blank\">PR\u00d3RROGA Y MODIFICACI\u00d3N DE CONVENIOS PARA LA EJECUCI\u00d3N DE PLANES DE SOSTENIBILIDAD TUR\u00cdSTICA EN DESTINO<\/a><\/p>\n<p class=\"ms-rteElement-Parrafo_Normal\">El Consejo de Ministros ha aprobado 27 adendas de pr\u00f3rroga y modificaci\u00f3n de convenios para la ejecuci\u00f3n de Planes de Sostenibilidad Tur\u00edstica en Destino (PSTD) de la convocatoria ordinaria de 2022.<\/p>\n<p class=\"ms-rteElement-Parrafo_Normal\">El objetivo de estas adendas a los convenios es ampliar su plazo de ejecuci\u00f3n para facilitar la continuidad de la ejecuci\u00f3n de los Planes de Sostenibilidad en destino y, en algunos casos, modificar las actuaciones previstas.<\/p>\n<p class=\"ms-rteElement-Parrafo_Normal\">Las modificaciones de los convenios comprenden, por un lado, la pr\u00f3rroga de las anualidades de ejecuci\u00f3n, pudiendo ser de 1, 2, 3 o 4 a\u00f1os, en funci\u00f3n de los solicitado por la entidad local y lo aprobado por unanimidad por la Comisi\u00f3n de seguimiento. <\/p>\n<p class=\"ms-rteElement-Parrafo_Normal\">Por otro lado, la modificaci\u00f3n de actuaciones del convenio no conlleva alteraci\u00f3n alguna del presupuesto total del Plan de Sostenibilidad Tur\u00edstica.<\/p>\n<p class=\"ms-rteElement-Parrafo_Normal\">Las adendas de pr\u00f3rroga y modificaci\u00f3n de los convenios permitir\u00e1n que los destinos mejoren la sostenibilidad, eficacia y eficiencia a trav\u00e9s de los planes de acci\u00f3n, en colaboraci\u00f3n con el sector privado.<\/p>\n<p class=\"ms-rteElement-Parrafo_Normal\">Los 27 Planes de Sostenibilidad Tur\u00edstica cuyos convenios se modifican con esta adenda afectan a los siguientes destinos:<\/p>\n<p><\/p>\n<tr>\n<td><strong> <\/strong> <\/td>\n<td><strong>COMUNIDAD AUT\u00d3NOMA<\/strong><\/td>\n<td><strong>PSTD<\/strong><\/td>\n<td><strong>CUANT\u00cdA SETUR<\/strong><\/td>\n<td><strong>CUANT\u00cdA TOTAL<\/strong><\/td>\n<td><strong>MODIFICACI\u00d3N ANEXO ACTUACIONES<\/strong><\/td>\n<td><strong>PR\u00d3RROGA ANUALIDADES<\/strong><\/td>\n<\/tr>\n<tr>\n<td>1<\/td>\n<td>ANDALUC\u00cdA<\/td>\n<td>ARCOS DE LA FRONTERA<\/td>\n<td>\n<p class=\"Centrado\">333.333,00<\/p>\n<p class=\"Centrado\">(33,33%)<\/p>\n<\/td>\n<td>999.999,00<\/td>\n<td>SI<\/td>\n<td>2<\/td>\n<\/tr>\n<tr>\n<td>2<\/td>\n<td\/>\n<td>SIERRA MORENA-TERRITORIO LINCE<\/td>\n<td>1.300.000,00 (40,98%)<\/td>\n<td>\n<p class=\"Centrado\">3.172.217,00<\/p>\n<\/td>\n<td>SI<\/td>\n<td>4<\/td>\n<\/tr>\n<tr>\n<td>3<\/td>\n<td\/>\n<td>SOPORT\u00daJAR<\/td>\n<td>\n<p class=\"Centrado\">666.667,00<\/p>\n<p class=\"Centrado\">(38,27%)<\/p>\n<\/td>\n<td>1.742.067,00<\/td>\n<td>SI<\/td>\n<td>2<\/td>\n<\/tr>\n<tr>\n<td>4<\/td>\n<td>ARAG\u00d3N<\/td>\n<td>COMARCA DE G\u00daDAR-JAVALAMBRE<\/td>\n<td>\n<p class=\"Centrado\">650.000,00<\/p>\n<p class=\"Centrado\"> (42,90%)<\/p>\n<\/td>\n<td>1.515.000,00<\/td>\n<td>NO<\/td>\n<td>1<\/td>\n<\/tr>\n<tr>\n<td>5<\/td>\n<td\/>\n<td>VELILLA DE EBRO<\/td>\n<td>\n<p class=\"Centrado\">650.000,00<\/p>\n<p class=\"Centrado\">(41,79%)<\/p>\n<\/td>\n<td>1.555.569,00<\/td>\n<td>SI<\/td>\n<td>2<\/td>\n<\/tr>\n<tr>\n<td>6<\/td>\n<td>ASTURIAS<\/td>\n<td>CANGAS DE ON\u00cdS<\/td>\n<td>\n<p class=\"Centrado\">900.000,00<\/p>\n<p class=\"Centrado\">(49,17%)<\/p>\n<\/td>\n<td>1.830.500,00<\/td>\n<td>SI<\/td>\n<td>4<\/td>\n<\/tr>\n<tr>\n<td>7<\/td>\n<td\/>\n<td>TINEO<\/td>\n<td>\n<p class=\"Centrado\">600.000,00<\/p>\n<p class=\"Centrado\">(46,01%)<\/p>\n<\/td>\n<td>1.304.000,00<\/td>\n<td>SI<\/td>\n<td>3<\/td>\n<\/tr>\n<tr>\n<td>8<\/td>\n<td>BALEARES<\/td>\n<td>CALVI\u00c1<\/td>\n<td>\n<p class=\"Centrado\">953.772,89<\/p>\n<p class=\"Centrado\">(33,33%)<\/p>\n<\/td>\n<td>2.861.318,67<\/td>\n<td>NO<\/td>\n<td>2<\/td>\n<\/tr>\n<tr>\n<td>9<\/td>\n<td\/>\n<td>CONSELL INSULAR DE MENORCA<\/td>\n<td>\n<p class=\"Centrado\">666.666,68<\/p>\n<p class=\"Centrado\">(33,33%)<\/p>\n<\/td>\n<td>2.000.000,00<\/td>\n<td>SI<\/td>\n<td>4<\/td>\n<\/tr>\n<tr>\n<td>10<\/td>\n<td>CANARIAS<\/td>\n<td>LOS LLANOS DE ARIDANE<\/td>\n<td>1.997.500,00 (50,00%)<\/td>\n<td>3.995.000,00<\/td>\n<td>SI<\/td>\n<td>4<\/td>\n<\/tr>\n<tr>\n<td>11<\/td>\n<td>CANTABRIA<\/td>\n<td>REOC\u00cdN<\/td>\n<td>1.100.000,00 (36,67%)<\/td>\n<td>3.000.000,00<\/td>\n<td>SI<\/td>\n<td>3<\/td>\n<\/tr>\n<tr>\n<td>12<\/td>\n<td>CASTILLA &#8211; LA MANCHA<\/td>\n<td>ALMANSA<\/td>\n<td>\n<p class=\"Centrado\">633.000,00<\/p>\n<p class=\"Centrado\">(33,33%)<\/p>\n<\/td>\n<td>1.899.000,00<\/td>\n<td>SI<\/td>\n<td>2<\/td>\n<\/tr>\n<tr>\n<td>13<\/td>\n<td\/>\n<td>ELCHE DE LA SIERRA<\/td>\n<td>580.000,00 (38,67%)<\/td>\n<td>1.500.000,00<\/td>\n<td>SI<\/td>\n<td>2<\/td>\n<\/tr>\n<tr>\n<td>14<\/td>\n<td>CASTILLA Y LE\u00d3N<\/td>\n<td>COVALEDA<\/td>\n<td>\n<p class=\"Centrado\">900.000,00<\/p>\n<p class=\"Centrado\">(45,00%)<\/p>\n<\/td>\n<td>2.000.000,00<\/td>\n<td>SI<\/td>\n<td>2<\/td>\n<\/tr>\n<tr>\n<td>15<\/td>\n<td\/>\n<td>DURUELO DE LA SIERRA<\/td>\n<td>1.090.000,00 (50,00%)<\/td>\n<td>2.180.000,00<\/td>\n<td>NO<\/td>\n<td>1<\/td>\n<\/tr>\n<tr>\n<td>16<\/td>\n<td>CATALU\u00d1A<\/td>\n<td>DELTEBRE<\/td>\n<td>324.560,00 (14,31%)<\/td>\n<td>2.268.291,34<\/td>\n<td>NO<\/td>\n<td>1<\/td>\n<\/tr>\n<tr>\n<td>17<\/td>\n<td\/>\n<td>MONT-ROIG DEL CAMP<\/td>\n<td>1.327.579,00 (33,33%)<\/td>\n<td>3.982.737,00<\/td>\n<td>SI<\/td>\n<td>2<\/td>\n<\/tr>\n<tr>\n<td>18<\/td>\n<td\/>\n<td>TOSSA DE MAR<\/td>\n<td>\n<p class=\"Centrado\">418.282,37<\/p>\n<p class=\"Centrado\">(33,33%)<\/p>\n<\/td>\n<td>1.254.847,10<\/td>\n<td>SI<\/td>\n<td>1<\/td>\n<\/tr>\n<tr>\n<td>19<\/td>\n<td>COMUNIDAD VALENCIANA<\/td>\n<td>ALICANTE<\/td>\n<td>1.500.000,00 (33,33%)<\/td>\n<td>4.500.000,00<\/td>\n<td>SI<\/td>\n<td>3<\/td>\n<\/tr>\n<tr>\n<td>20<\/td>\n<td\/>\n<td>VALL DE POP<\/td>\n<td>\n<p class=\"Centrado\">500.000,00<\/p>\n<p class=\"Centrado\">(33,06%)<\/p>\n<\/td>\n<td>1.512.591,00<\/td>\n<td>SI<\/td>\n<td>2<\/td>\n<\/tr>\n<tr>\n<td>21<\/td>\n<td>EXTREMADURA<\/td>\n<td>SIERRA SUROESTE-TENTUD\u00cdA<\/td>\n<td>1.150.000,00 (40,00%)<\/td>\n<td>2.875.000,00<\/td>\n<td>NO<\/td>\n<td>3<\/td>\n<\/tr>\n<tr>\n<td>22<\/td>\n<td>GALICIA<\/td>\n<td>A CORU\u00d1A<\/td>\n<td>1.000.000,00 (33,33%)<\/td>\n<td>3.000.000,00<\/td>\n<td>SI<\/td>\n<td>3<\/td>\n<\/tr>\n<tr>\n<td>23<\/td>\n<td>LA RIOJA<\/td>\n<td>ALTO NAJERILLA<\/td>\n<td>\n<p class=\"Centrado\">700.000,00<\/p>\n<p class=\"Centrado\">(35,00%)<\/p>\n<\/td>\n<td>2.000.000,00<\/td>\n<td>SI<\/td>\n<td>3<\/td>\n<\/tr>\n<tr>\n<td>24<\/td>\n<td\/>\n<td>CAMEROS<\/td>\n<td>700.000,00 (35,00%)<\/td>\n<td>2.000.000,00<\/td>\n<td>SI<\/td>\n<td>2<\/td>\n<\/tr>\n<tr>\n<td>25<\/td>\n<td>MURCIA<\/td>\n<td>ALCANTARILLA<\/td>\n<td>\n<p class=\"Centrado\">471.638,60<\/p>\n<p class=\"Centrado\">(33,33%)<\/p>\n<\/td>\n<td>1.414.915,80<\/td>\n<td>SI<\/td>\n<td>4<\/td>\n<\/tr>\n<tr>\n<td>26<\/td>\n<td>MADRID<\/td>\n<td>EMBALSE DEL ATAZAR<\/td>\n<td>\n<p class=\"Centrado\">828.366,00<\/p>\n<p class=\"Centrado\">(50,00%)<\/p>\n<\/td>\n<td>1.656.732,00<\/td>\n<td>SI<\/td>\n<td>2<\/td>\n<\/tr>\n<tr>\n<td>27<\/td>\n<td\/>\n<td>TORRELAGUNA<\/td>\n<td>\n<p class=\"Centrado\">357.684,00<\/p>\n<p class=\"Centrado\">(40,00%)<\/p>\n<\/td>\n<td>894.212,36<\/td>\n<td>SI<\/td>\n<td>2<\/td>\n<\/tr>\n<tr>\n<td> <\/td>\n<td><strong>CUANT\u00cdA TOTAL 2022<\/strong><\/td>\n<td\/>\n<td>22.299.049,54<\/td>\n<td>58.913.997,2<\/td>\n<td> <\/td>\n<td><\/td>\n<\/tr>\n<p>Presidencia, Justicia y Relaciones con las Cortes<a href=\"https:\/\/www.lamoncloa.gob.es\/consejodeministros\/referencias\/Paginas\/2025\/20251209-referencia-rueda-de-prensa-ministros.aspx\" name=\"seguridad\" id=\"seguridad\" onclick=\"javascript:GoogleTrackEvent(&#039;True&#039;,&#039;Contenido&#039;,&#039;Click&#039;,&#039;[https:\/\/www.lamoncloa.gob.es\/consejodeministros\/referencias\/Paginas\/2025\/20251209-referencia-rueda-de-prensa-ministros.aspx] III PLAN NACIONAL DE ACCI\u00d3N DE MUJERES, PAZ Y SEGURIDAD. [\/consejodeministros\/referencias\/Paginas\/2025\/20251209-referencia-rueda-de-prensa-ministros.aspx]&#039;);\" rel=\"nofollow noopener\" target=\"_blank\">III PLAN NACIONAL DE ACCI\u00d3N DE MUJERES, PAZ Y SEGURIDAD<\/a><\/p>\n<p class=\"ms-rteElement-Parrafo_Normal\">El Consejo de Ministros ha aprobado el Acuerdo por el que se aprueba el III Plan Nacional de Acci\u00f3n de Mujeres, Paz y Seguridad, con la finalidad de poner en aplicaci\u00f3n las Resoluciones 1325 y siguientes en relaci\u00f3n con la Agenda Mujeres Paz y Seguridad.<\/p>\n<p class=\"ms-rteElement-Parrafo_Normal\">Espa\u00f1a identific\u00f3 desde el inicio de su servicio en el Consejo de Seguridad la agenda Mujeres, Paz y Seguridad como una prioridad para los dos a\u00f1os de su mandato. <\/p>\n<p class=\"ms-rteElement-Parrafo_Normal\">Este Plan, que tendr\u00e1 una duraci\u00f3n de cinco a\u00f1os (2026-2030), fija los objetivos, acciones y actores de la administraci\u00f3n responsables en la implementaci\u00f3n de la agenda de mujeres, paz y seguridad. Contar\u00e1 con la coordinaci\u00f3n y seguimiento de un Grupo de Trabajo Mixto y servir\u00e1 de gu\u00eda para la aplicaci\u00f3n pr\u00e1ctica de obligaciones preexistentes y compromisos adquiridos en la materia. <\/p>\n<p>Defensa<a href=\"https:\/\/www.lamoncloa.gob.es\/consejodeministros\/referencias\/Paginas\/2025\/20251209-referencia-rueda-de-prensa-ministros.aspx\" name=\"ejercito\" id=\"ejercito\" onclick=\"javascript:GoogleTrackEvent(&#039;True&#039;,&#039;Contenido&#039;,&#039;Click&#039;,&#039;[https:\/\/www.lamoncloa.gob.es\/consejodeministros\/referencias\/Paginas\/2025\/20251209-referencia-rueda-de-prensa-ministros.aspx] ACUERDO MARCO PARA EL SOSTENIMIENTO GLOBAL DEL SISTEMA INTEGRADO DE ENTRENAMIENTO (ITS) DEL EJ\u00c9RCITO . [\/consejodeministros\/referencias\/Paginas\/2025\/20251209-referencia-rueda-de-prensa-ministros.aspx]&#039;);\" rel=\"nofollow noopener\" target=\"_blank\">ACUERDO MARCO PARA EL SOSTENIMIENTO GLOBAL DEL SISTEMA INTEGRADO DE ENTRENAMIENTO (ITS) DEL EJ\u00c9RCITO <\/a><\/p>\n<p class=\"ms-rteElement-Parrafo_Normal\">El Consejo de Ministros ha autorizado la celebraci\u00f3n del Acuerdo Marco para el sostenimiento global del Sistema Integrado de Entrenamiento (ITS) del Ej\u00e9rcito del Aire y del Espacio.<\/p>\n<p class=\"ms-rteElement-Parrafo_Normal\">El objeto del acuerdo marco es disponer de un servicio global de sostenimiento (ingenier\u00eda, mantenimiento, abastecimiento e instrucci\u00f3n) del ITS del Ej\u00e9rcito del Aire y del Espacio. Dicho ITS se basa en el empleo de la aeronave Pilatus PC-21 versi\u00f3n 6 y el sistema de simulaci\u00f3n y ense\u00f1anza asociado a la misma. El conjunto supone un bloque integral indivisible que contribuir\u00e1 a satisfacer las necesidades de ense\u00f1anza b\u00e1sica y elemental de la Academia General del Aire, as\u00ed como de ensayos en vuelo en el Centro Log\u00edstico de Armamento y Experimentaci\u00f3n.<\/p>\n<p class=\"ms-rteElement-Parrafo_Normal\">El valor estimado del acuerdo marco asciende a 150.000.000 euros y tendr\u00e1 una duraci\u00f3n de siete a\u00f1os desde la formalizaci\u00f3n, sin posibilidad de pr\u00f3rroga.<\/p>\n<p>Defensa<a href=\"https:\/\/www.lamoncloa.gob.es\/consejodeministros\/referencias\/Paginas\/2025\/20251209-referencia-rueda-de-prensa-ministros.aspx\" name=\"fragatas\" id=\"fragatas\" onclick=\"javascript:GoogleTrackEvent(&#039;True&#039;,&#039;Contenido&#039;,&#039;Click&#039;,&#039;[https:\/\/www.lamoncloa.gob.es\/consejodeministros\/referencias\/Paginas\/2025\/20251209-referencia-rueda-de-prensa-ministros.aspx] MODIFICACI\u00d3N DE LA ORDEN DE EJECUCI\u00d3N PARA LA CONSTRUCCI\u00d3N DE CINCO FRAGATAS F-110. [\/consejodeministros\/referencias\/Paginas\/2025\/20251209-referencia-rueda-de-prensa-ministros.aspx]&#039;);\" rel=\"nofollow noopener\" target=\"_blank\">MODIFICACI\u00d3N DE LA ORDEN DE EJECUCI\u00d3N PARA LA CONSTRUCCI\u00d3N DE CINCO FRAGATAS F-110<\/a><\/p>\n<p class=\"ms-rteElement-Parrafo_Normal\">El Consejo de Ministros ha autorizado la celebraci\u00f3n de la modificaci\u00f3n de la orden de ejecuci\u00f3n para la construcci\u00f3n de cinco fragatas F-110.<\/p>\n<p class=\"ms-rteElement-Parrafo_Normal\">La orden de ejecuci\u00f3n tiene por objeto la construcci\u00f3n de fragatas F-110 para hacer frente a las necesidades de la Armada. Durante el desarrollo del dise\u00f1o del buque y definici\u00f3n del alcance de los sistemas que lo integran han surgido necesidades de cambios por mejoras t\u00e9cnicas o por consecuencias imprevistas e ineludibles.<\/p>\n<p class=\"ms-rteElement-Parrafo_Normal\">En consecuencia, para lograr la consecuci\u00f3n del Programa F-110 y la adquisici\u00f3n de las unidades previstas, es necesario modificar la orden de ejecuci\u00f3n incrementando su precio, as\u00ed como el plazo de ejecuci\u00f3n.<\/p>\n<p class=\"ms-rteElement-Parrafo_Normal\">Esta modificaci\u00f3n tiene un valor estimado de 443.641.369 euros y supone incrementar el plazo de duraci\u00f3n de la orden de ejecuci\u00f3n desde su formalizaci\u00f3n hasta julio de 2033.<\/p>\n<p>Defensa<a href=\"https:\/\/www.lamoncloa.gob.es\/consejodeministros\/referencias\/Paginas\/2025\/20251209-referencia-rueda-de-prensa-ministros.aspx\" name=\"cadiz\" id=\"cadiz\" onclick=\"javascript:GoogleTrackEvent(&#039;True&#039;,&#039;Contenido&#039;,&#039;Click&#039;,&#039;[https:\/\/www.lamoncloa.gob.es\/consejodeministros\/referencias\/Paginas\/2025\/20251209-referencia-rueda-de-prensa-ministros.aspx] CONSTRUCCI\u00d3N DE LA NUEVA RESIDENCIA LOG\u00cdSTICA DE LA ARMADA Y LA URBANIZACI\u00d3N DEL ENTORNO EN LA BASE NAVAL DE ROTA (C\u00c1DIZ). [\/consejodeministros\/referencias\/Paginas\/2025\/20251209-referencia-rueda-de-prensa-ministros.aspx]&#039;);\" rel=\"nofollow noopener\" target=\"_blank\">CONSTRUCCI\u00d3N DE LA NUEVA RESIDENCIA LOG\u00cdSTICA DE LA ARMADA Y LA URBANIZACI\u00d3N DEL ENTORNO EN LA BASE NAVAL DE ROTA (C\u00c1DIZ)<\/a><\/p>\n<p class=\"ms-rteElement-Parrafo_Normal\">El Consejo de Ministros ha autorizado la celebraci\u00f3n del contrato de obras para la construcci\u00f3n de la nueva residencia log\u00edstica de la Armada y la urbanizaci\u00f3n del entorno en la Base naval de Rota (C\u00e1diz).<\/p>\n<p class=\"ms-rteElement-Parrafo_Normal\">El d\u00e9ficit de alojamiento en la Base afecta tanto a la operatividad de la Armada como a la calidad de vida de su personal. La construcci\u00f3n de un nuevo edificio de residencia log\u00edstica es una necesidad prioritaria, plenamente justificada por el incremento sostenido de la demanda, las limitaciones de las infraestructuras existentes, el aumento de efectivos de las Fuerzas Armadas y la importancia estrat\u00e9gica de la Base Naval. Como consecuencia, resulta imprescindible ampliar la capacidad residencial mediante la construcci\u00f3n de una nueva instalaci\u00f3n que permita dar cobertura a la creciente demanda, descongestionando las residencias existentes.<\/p>\n<p class=\"ms-rteElement-Parrafo_Normal\">El contrato tendr\u00e1 un valor estimado de 13.909.090,91 euros, y tendr\u00e1 una duraci\u00f3n de 24 meses desde la formalizaci\u00f3n del acta de replanteo.<\/p>\n<p>Transportes y Movilidad Sostenible<a href=\"https:\/\/www.lamoncloa.gob.es\/consejodeministros\/referencias\/Paginas\/2025\/20251209-referencia-rueda-de-prensa-ministros.aspx\" name=\"valencia\" id=\"valencia\" onclick=\"javascript:GoogleTrackEvent(&#039;True&#039;,&#039;Contenido&#039;,&#039;Click&#039;,&#039;[https:\/\/www.lamoncloa.gob.es\/consejodeministros\/referencias\/Paginas\/2025\/20251209-referencia-rueda-de-prensa-ministros.aspx] OBRAS PARA INCREMENTAR LA SEGURIDAD FERROVIARIA EN LA L\u00cdNEA VAL\u00c8NCIA NORD - LA BOELLA. [\/consejodeministros\/referencias\/Paginas\/2025\/20251209-referencia-rueda-de-prensa-ministros.aspx]&#039;);\" rel=\"nofollow noopener\" target=\"_blank\">OBRAS PARA INCREMENTAR LA SEGURIDAD FERROVIARIA EN LA L\u00cdNEA VAL\u00c8NCIA NORD &#8211; LA BOELLA<\/a><\/p>\n<p class=\"ms-rteElement-Parrafo_Normal\">El Consejo de Ministros ha aprobado el Acuerdo por el que se autoriza la celebraci\u00f3n del contrato de ejecuci\u00f3n de las obras de instalaci\u00f3n de detectores de ca\u00edda de objetos a la v\u00eda (DCO) en la l\u00ednea L600 Valencia Nord &#8211; Cambiador Boella (Tarragona) por un valor estimado de 13.882.483,31 euros.<\/p>\n<p class=\"ms-rteElement-Parrafo_Normal\">El contrato, que se licitar\u00e1 por el Ministerio de Transportes y Movilidad Sostenible a trav\u00e9s de Adif Alta Velocidad, comprende la implantaci\u00f3n de nuevos Detectores de Ca\u00edda de Objetos (DCO) a la v\u00eda en 95 pasos superiores del tramo Alboraia-L&#8217;Ametlla de Mar. <\/p>\n<p class=\"ms-rteElement-Parrafo_Normal\">Adem\u00e1s, paralelamente y como medida complementaria de seguridad, en los m\u00e1rgenes de estos mismos pasos se est\u00e1n instalando cerramientos de protecci\u00f3n antivand\u00e1lica que funcionar\u00e1n como barrera f\u00edsica frente a la ca\u00edda de objetos sobre la plataforma ferroviaria. A su vez, a lo largo de estos p\u00f3rticos es donde se instalar\u00e1n los sensores de fibra \u00f3ptica objeto del contrato ahora autorizado para licitar.<\/p>\n<p class=\"ms-rteElement-Parrafo_Normal\">Esta actuaci\u00f3n est\u00e1 asociada al proyecto de cambio de ancho de convencional a est\u00e1ndar o europeo que Adif ya est\u00e1 ejecutando en esta l\u00ednea, en el marco del desarrollo del Corredor Mediterr\u00e1neo entre el norte de la Comunitat Valenciana y el sur de Tarragona. <\/p>\n<p class=\"ms-rteElement-Parrafo_Normal\">El sistema de DCO, basado en tecnolog\u00eda de mallas de fibra \u00f3ptica, se instalar\u00e1 en los pasos superiores de tr\u00e1fico de veh\u00edculos que cruzan la l\u00ednea, en ambos lados del paso, cuando exista un riesgo de ca\u00edda de veh\u00edculos, y en pasos superiores de otras l\u00edneas ferroviarias de tr\u00e1fico convencional de mercanc\u00edas cuando la velocidad de la l\u00ednea sea superior a 160 km\/h y exista riesgo de ca\u00edda de cargas. <\/p>\n<p class=\"ms-rteElement-Parrafo_Normal\">Los DCO son elementos necesarios para garantizar la correcta explotaci\u00f3n ferroviaria, ya que permiten conocer en todo momento y con toda seguridad la presencia o no de obst\u00e1culos en la v\u00eda. <\/p>\n<p class=\"ms-rteElement-Parrafo_Normal\">La instalaci\u00f3n de estos sistemas pretende controlar en todo momento el movimiento de las circulaciones de trenes ante posibles sucesos relacionados con ca\u00edda de veh\u00edculos o sus cargas y desprendimientos sobre la plataforma de v\u00eda, mediante un sistema de supervisi\u00f3n del trazado e infraestructuras.<\/p>\n<p class=\"ms-rteElement-Parrafo_Normal\">Esta actuaci\u00f3n contribuye a la consecuci\u00f3n del Objetivo de Desarrollo Sostenible (ODS) 9, que fomenta infraestructuras sostenibles, fiables y de calidad.<\/p>\n<p>Transportes y Movilidad Sostenible<a href=\"https:\/\/www.lamoncloa.gob.es\/consejodeministros\/referencias\/Paginas\/2025\/20251209-referencia-rueda-de-prensa-ministros.aspx\" name=\"jaca\" id=\"jaca\" onclick=\"javascript:GoogleTrackEvent(&#039;True&#039;,&#039;Contenido&#039;,&#039;Click&#039;,&#039;[https:\/\/www.lamoncloa.gob.es\/consejodeministros\/referencias\/Paginas\/2025\/20251209-referencia-rueda-de-prensa-ministros.aspx] NUEVO TRAMO DE AUTOV\u00cdA PARA CONECTAR LA A-21 Y LA A-23 EN JACA. [\/consejodeministros\/referencias\/Paginas\/2025\/20251209-referencia-rueda-de-prensa-ministros.aspx]&#039;);\" rel=\"nofollow noopener\" target=\"_blank\">NUEVO TRAMO DE AUTOV\u00cdA PARA CONECTAR LA A-21 Y LA A-23 EN JACA<\/a><\/p>\n<p class=\"ms-rteElement-Parrafo_Normal\">El Consejo de Ministros ha aprobado el Acuerdo por el que se autoriza la celebraci\u00f3n del contrato de obras correspondiente a la autov\u00eda A-21: Jaca &#8211; l\u00edmite de provincia de Navarra y A-23, Mud\u00e9jar, tramo: variante de Jaca, provincia de Huesca por un valor estimado de 139.630.801,83 euros (IVA excluido).<\/p>\n<p class=\"ms-rteElement-Parrafo_Normal\">La conexi\u00f3n se realizar\u00e1 mediante un nuevo tramo de autov\u00eda que enlazar\u00e1 por el este con la autov\u00eda A-23, entre Sabi\u00f1\u00e1nigo y Jaca, y por el Oeste con los tramos puestos en los \u00faltimos a\u00f1os en servicio de la autov\u00eda A-23 entre Jaca y Puente de la Reina. De esta manera, se da continuidad al itinerario formado por estas autov\u00edas que, junto con la A-22 (Lleida-Huesca), constituyen un eje alternativo al corredor del Ebro para el tr\u00e1fico del largo recorrido, y es de gran importancia para la vertebraci\u00f3n de la comunidad aut\u00f3noma de Arag\u00f3n. <\/p>\n<p class=\"ms-rteElement-Parrafo_Normal\">Adem\u00e1s, la actuaci\u00f3n sirve para descongestionar el tr\u00e1fico que pasa por Jaca, ya que constituye una variante a la ciudad que los veh\u00edculos de largo y medio recorrido podr\u00e1n utilizar en lugar de las traves\u00edas N-330a y N-240 que cruzan Jaca y que son actualmente de paso obligado. De esta manera, se disminuir\u00e1n los ruidos y otras molestias relacionadas con el tr\u00e1fico y se incrementar\u00e1 la seguridad vial. <\/p>\n<p class=\"ms-rteElement-Parrafo_Normal\">Por otro lado, la variante contribuir\u00e1 a una mejora de la comodidad de los usuarios de estas carreteras, ya que disminuyen los tiempos de recorrido al evitar el paso por traves\u00edas con velocidad limitada a 50 km\/h, numerosas intersecciones (algunas semaforizadas) y pasos peatonales.<\/p>\n<p class=\"ms-rteElement-Parrafo_Normal\">Caracter\u00edsticas T\u00e9cnicas<\/p>\n<p class=\"ms-rteElement-Parrafo_Normal\">El nuevo tramo de autov\u00eda, de 8,05 km de longitud, contar\u00e1 con dos calzadas separadas por una mediana de ancho variable (3,5 m hasta el r\u00edo Arag\u00f3n, 7,0 m en adelante), carriles de 3,5 m, arcenes exteriores de 2,5 m e interiores de 1,0 m.<\/p>\n<p class=\"ms-rteElement-Parrafo_Normal\">Las conexiones de este tramo de autov\u00eda se materializan mediante la construcci\u00f3n de tres enlaces: <\/p>\n<ul class=\"ms-rteElement-Parrafo_Normal\">\n<li>Jaca Este, que comunicar\u00e1 con un centro comercial, las urbanizaciones de la zona y la zona oriental de Jaca.<\/li>\n<li>Jaca Norte, que conectar\u00e1 con la N-330 que se dirige a Somport y con la N-330a por la que se accede a Jaca.<\/li>\n<li>Jaca Oeste, que conecta con las carreteras N-240 y A-2605.<\/li>\n<\/ul>\n<p class=\"ms-rteElement-Parrafo_Normal\">Por otro lado, el proyecto contempla la ejecuci\u00f3n de tres viaductos (uno en el enlace de Jaca Norte, otro sobre el r\u00edo Arag\u00f3n y un tercero sobre el arroyo Castiella), 5 pasos superiores, un falso t\u00fanel de 200 m de longitud en la zona del hospital, una pasarela peatonal y 5 pasos inferiores. Tambi\u00e9n se ampliar\u00e1n 2 pasos inferiores existentes y 6 muros.<\/p>\n<p class=\"ms-rteElement-Parrafo_Normal\">Finalmente, en cuanto a medidas de integraci\u00f3n ambiental, destaca la gesti\u00f3n de la tierra vegetal y la realizaci\u00f3n de siembras y plantaciones para la revegetaci\u00f3n de taludes e integraci\u00f3n paisaj\u00edstica de la obra, la correcci\u00f3n del efecto barrera (con especial menci\u00f3n al paso del Camino de Santiago), el vallado cineg\u00e9tico para tratar de impedir el acceso a la fauna y las protecciones contra la contaminaci\u00f3n ac\u00fastica.<\/p>\n<p><img decoding=\"async\" src=\"https:\/\/www.europesays.com\/es\/wp-content\/uploads\/2025\/12\/jaca.jpg\" alt=\"\" title=\"\"\/><\/p>\n<p class=\"ms-rteElement-Parrafo_Normal\">Carreteras \/ Huesca<\/p>\n<p>Transportes y Movilidad Sostenible<a href=\"https:\/\/www.lamoncloa.gob.es\/consejodeministros\/referencias\/Paginas\/2025\/20251209-referencia-rueda-de-prensa-ministros.aspx\" name=\"sevilla\" id=\"sevilla\" onclick=\"javascript:GoogleTrackEvent(&#039;True&#039;,&#039;Contenido&#039;,&#039;Click&#039;,&#039;[https:\/\/www.lamoncloa.gob.es\/consejodeministros\/referencias\/Paginas\/2025\/20251209-referencia-rueda-de-prensa-ministros.aspx] OBRAS EN LA SE-40 ENTRE DOS HERMANAS Y EL FUTURO ENLACE DE EL COPERO. [\/consejodeministros\/referencias\/Paginas\/2025\/20251209-referencia-rueda-de-prensa-ministros.aspx]&#039;);\" rel=\"nofollow noopener\" target=\"_blank\">OBRAS EN LA SE-40 ENTRE DOS HERMANAS Y EL FUTURO ENLACE DE EL COPERO<\/a><\/p>\n<p class=\"ms-rteElement-Parrafo_Normal\">El Consejo de Ministros ha aprobado el Acuerdo por el que se autoriza la celebraci\u00f3n del contrato de obras correspondiente a la autov\u00eda SE-40, tramo: Dos Hermanas (Enlace A-4 Sur) &#8211; Enlace del Copero, provincia de Sevilla por un valor estimado de 37.238.547,18 euros (IVA excluido).<\/p>\n<p class=\"ms-rteElement-Parrafo_Normal\">Por las dimensiones del proyecto de trazado aprobado para el tramo de la SE-40 entre Dos Hermanas y Palomares y Coria del R\u00edo, su ejecuci\u00f3n se ha estructurado en tres fases diferenciadas con el fin de optimizar su desarrollo. En concreto, la actuaci\u00f3n relativa a las obras del tramo de la SE-40 entre Dos Hermanas y el futuro enlace de El Copero, autorizadas a licitar, corresponden a la primera fase:<\/p>\n<ul class=\"ms-rteElement-Parrafo_Normal\">\n<li>Fase 1: corresponde a la ejecuci\u00f3n del tramo comprendido entre Dos Hermanas (en el enlace ya existente entre la A-4 Sur y la propia SE-40) y el futuro Enlace de El Copero, que se construir\u00e1 en el marco del presente contrato. <\/li>\n<li>Fase 2: correspondiente al tramo que discurre entre el enlace de El Copero y la conexi\u00f3n con la A-8058, dando servicio a los municipios de Palomares y Coria del R\u00edo.<\/li>\n<li>Fase 3: ejecuci\u00f3n del Corredor verde. Se trata de un gran parque periurbano y corredor ecol\u00f3gico que se extender\u00e1 sobre los r\u00edos Guadalquivir y Guada\u00edra, configurando un entorno natural de referencia entre Coria del R\u00edo y Dos Hermanas, destinado al disfrute ciudadano y a actividades de ocio en plena naturaleza.<\/li>\n<\/ul>\n<p class=\"ms-rteElement-Parrafo_Normal\"><strong>Tramo Dos Hermanas &#8211; Enlace de El Copero<\/strong><\/p>\n<p class=\"ms-rteElement-Parrafo_Normal\">El nuevo tramo tendr\u00e1 una longitud de 1,2 kil\u00f3metros y es contiguo al tramo ya en servicio entre Alcal\u00e1 de Guada\u00edra (A-376) y Dos Hermanas (A-4). Por otra parte, conectar\u00e1 con el futuro tramo de la fase 2 (entre El Copero y la conexi\u00f3n con la A-8058).<\/p>\n<p class=\"ms-rteElement-Parrafo_Normal\">La secci\u00f3n transversal tipo del tronco de la autov\u00eda estar\u00e1 compuesta en su mayor parte de dos calzadas con cinco carriles (cuatro habilitados al tr\u00e1fico y uno cebreado) desde el kil\u00f3metro 0 al 1+104; y de cuatro carriles en los 100 metros finales, es decir, entre los puntos kilom\u00e9tricos 1+104 y 1+210. <\/p>\n<p class=\"ms-rteElement-Parrafo_Normal\">El tramo dispondr\u00e1 de un enlace tipo diamante con pesas para el acceso desde la SE-40 a la Base Militar de El Copero y al Puerto de Sevilla, incluyendo adem\u00e1s la restituci\u00f3n del vaciadero del puerto.<\/p>\n<p class=\"ms-rteElement-Parrafo_Normal\">Se han previsto las siguientes estructuras:<\/p>\n<ul class=\"ms-rteElement-Parrafo_Normal\">\n<li>Dos viaductos de unos 40 metros de longitud para el drenaje auxiliar de la llanura de inundaci\u00f3n del r\u00edo Guadalquivir.<\/li>\n<li>Un paso inferior de 66 metros de longitud.<\/li>\n<li>Una pasarela peatonal con dos rampas de acceso, de 424 metros de longitud total y apta para el uso peatonal y ciclista.<\/li>\n<li>Tres muros: uno de 8,67 metros de altura y los otros dos con alturas variables entre 8,68 metros y 7,98 metros y entre 9,93 metros y 9,84 metros.<\/li>\n<\/ul>\n<p class=\"ms-rteElement-Parrafo_Normal\">Tanto la pasarela como el paso inferior forman parte de la red de itinerarios ciclistas y peatonales, alineada con la Estrategia de Movilidad Segura, Sostenible y Conectada 2030. <\/p>\n<p class=\"ms-rteElement-Parrafo_Normal\">Por otra parte, se finalizar\u00e1 el viaducto de la SE-40 sobre el Guadaira aguas abajo, ejecutado en parte en las obras del tramo anexo entre Alcal\u00e1 de Guadaira y Dos Hermanas.<\/p>\n<p class=\"ms-rteElement-Parrafo_Normal\"><strong>Movilidad sostenible y digitalizaci\u00f3n<\/strong><\/p>\n<p class=\"ms-rteElement-Parrafo_Normal\">En el marco de la Estrategia de Movilidad Segura, Sostenible y Conectada 2030, se han previsto actuaciones espec\u00edficas orientadas a favorecer los desplazamientos activos y a reforzar la intermodalidad. La movilidad sostenible no solo contribuye a reducir emisiones y mejorar la calidad del aire, sino que tambi\u00e9n incrementa la seguridad vial, facilita los desplazamientos cotidianos y mejora la calidad de vida de la ciudadan\u00eda, situando a las personas -incluidos los colectivos m\u00e1s vulnerables- en el centro del dise\u00f1o de las infraestructuras p\u00fablicas. <\/p>\n<p class=\"ms-rteElement-Parrafo_Normal\">Con este enfoque, la actuaci\u00f3n prev\u00e9 una red de itinerarios ciclistas y peatonales que garantiza la continuidad de los recorridos existentes y fortalecen la conexi\u00f3n entre distintos n\u00facleos urbanos y espacios naturales. En concreto, el proyecto de construcci\u00f3n define tres tramos de v\u00eda ciclista e itinerario peatonal:<\/p>\n<ul class=\"ms-rteElement-Parrafo_Normal\">\n<li>Reposici\u00f3n del itinerario ciclista y peatonal en la margen izquierda del r\u00edo Guadaira, mediante una pasarela sobre la SE-40.<\/li>\n<li>Reposici\u00f3n del itinerario ciclista y peatonal en la margen derecha del r\u00edo Guadaira, integrado en el Corredor Verde Metropolitano de Sevilla, a trav\u00e9s de un paso inferior bajo la plataforma de la SE-40. <\/li>\n<li>Conexi\u00f3n peatonal y ciclista entre la margen derecha del r\u00edo Guadaira y el futuro itinerario de cruce sobre el r\u00edo Guadalquivir, enlazando el acceso al Pol\u00edgono Industrial La Isla con la glorieta sur del Enlace de El Copero, y quedando preparado para su futura prolongaci\u00f3n hacia Coria del R\u00edo. Este tramo discurre adosado a la calzada del vial de reposici\u00f3n sur de acceso a El Copero.<\/li>\n<\/ul>\n<p class=\"ms-rteElement-Parrafo_Normal\"><strong>Metodolog\u00eda BIM<\/strong><\/p>\n<p class=\"ms-rteElement-Parrafo_Normal\">En el marco de la transformaci\u00f3n digital que est\u00e1 llevando a cabo la Direcci\u00f3n General de Carreteras, y en base al Plan de implementaci\u00f3n BIM de la Administraci\u00f3n General del Estado aprobado en julio de 2023, el proyecto constructivo ha sido desarrollado utilizando la metodolog\u00eda BIM, que ha permitido centralizar toda la informaci\u00f3n del proyecto en un modelo digital desarrollado por todos los agentes intervinientes, mejorando la coordinaci\u00f3n, la eficiencia y la toma de decisiones. <\/p>\n<p><img decoding=\"async\" src=\"https:\/\/www.europesays.com\/es\/wp-content\/uploads\/2025\/12\/sevilla.jpg\" alt=\"\" title=\"\"\/><\/p>\n<p>Croquis de la actuaci\u00f3n<\/p>\n<p><img decoding=\"async\" src=\"https:\/\/www.europesays.com\/es\/wp-content\/uploads\/2025\/12\/sevilla1.jpg\" alt=\"\" title=\"\"\/><\/p>\n<p>Virtualizaci\u00f3n de los itinerarios ciclistas en ambas m\u00e1rgenes del r\u00edo Guadaira, mediante la ejecuci\u00f3n de una nueva pasarela y un paso inferior<\/p>\n<p class=\"ms-rteElement-Parrafo_Normal\"><img decoding=\"async\" src=\"https:\/\/www.europesays.com\/es\/wp-content\/uploads\/2025\/12\/Sevilla2.jpg\" alt=\"\" title=\"\"\/><\/p>\n<p class=\"ms-rteElement-Parrafo_Normal\">Vista de modelo BIM del viaducto sobre el Guadaira desarrollado en el proyecto de construcci\u00f3n<\/p>\n<p>Transportes y Movilidad Sostenible<a href=\"https:\/\/www.lamoncloa.gob.es\/consejodeministros\/referencias\/Paginas\/2025\/20251209-referencia-rueda-de-prensa-ministros.aspx\" name=\"barcelona\" id=\"barcelona\" onclick=\"javascript:GoogleTrackEvent(&#039;True&#039;,&#039;Contenido&#039;,&#039;Click&#039;,&#039;[https:\/\/www.lamoncloa.gob.es\/consejodeministros\/referencias\/Paginas\/2025\/20251209-referencia-rueda-de-prensa-ministros.aspx] PROYECTO PARA LA MEJORA DEL SUMINISTRO EL\u00c9CTRICO EN EL PUERTO DE BARCELONA. [\/consejodeministros\/referencias\/Paginas\/2025\/20251209-referencia-rueda-de-prensa-ministros.aspx]&#039;);\" rel=\"nofollow noopener\" target=\"_blank\">PROYECTO PARA LA MEJORA DEL SUMINISTRO EL\u00c9CTRICO EN EL PUERTO DE BARCELONA<\/a><\/p>\n<p class=\"ms-rteElement-Parrafo_Normal\">El Consejo de ministros ha aprobado el Acuerdo por el que se autoriza la celebraci\u00f3n del contrato de redacci\u00f3n y ejecuci\u00f3n del proyecto de nueva infraestructura el\u00e9ctrica de MT (25KV) para suministro del muelle adosado del puerto de Barcelona por un valor estimado de 13.707.689,25 euros.<\/p>\n<p class=\"ms-rteElement-Parrafo_Normal\">Esta actuaci\u00f3n permitir\u00e1 al puerto de Barcelona contar con un suministro de energ\u00eda el\u00e9ctrica suficiente y de calidad para garantizar el funcionamiento \u00f3ptimo del muelle. En concreto, se prev\u00e9 la realizaci\u00f3n de mejoras y ampliaciones en los distintos suministros, tanto para garantizar una mayor conectividad en caso de fallo por el \u00fanico proveedor de acceso de servicios existente, como para facilitar la ampliaci\u00f3n de la capacidad de dichos servicios. Para ello, la mejor alternativa consiste en el mallado de servicios entre el muelle Adosado y el muelle Energ\u00eda, que permitir\u00e1 aumentar la capacidad de potencia e incrementar la seguridad del suministro.<\/p>\n<p class=\"ms-rteElement-Parrafo_Normal\">Esta actuaci\u00f3n se enmarca en el plan de electrificaci\u00f3n de la Autoridad Portuaria de Barcelona que sit\u00faa como prioritario el desarrollo de la infraestructura necesaria para el suministro el\u00e9ctrico a buques, en el marco de la normativa sobre descarbonizaci\u00f3n de los puertos de la Uni\u00f3n Europea. El Plan de Empresa consensuado con Puertos del Estado prev\u00e9 inversiones en el puerto de Barcelona por m\u00e1s de 107 millones de euros entre 2025 y 2029 para el desarrollo de OPS (Onshore Power Supply).<\/p>\n<p class=\"ms-rteElement-Parrafo_Normal\">Dentro del compromiso de los puertos del sistema de titularidad estatal con la sostenibilidad, se est\u00e1 impulsando el despliegue de este sistema OPS, que permitir\u00e1 el suministro el\u00e9ctrico de origen renovable a los barcos atracados para apagar los motores auxiliares y reducir emisiones a la atm\u00f3sfera. Para ello, hay previstas inversiones por m\u00e1s de 800 millones de euros hasta 2029 para el despliegue de la infraestructura necesaria en los puertos espa\u00f1oles.<\/p>\n<p class=\"ms-rteElement-Parrafo_Normal\">El puerto de Barcelona ya dispone de la primera terminal de contenedores con conexi\u00f3n OPS del Mediterr\u00e1neo en la terminal de BEST, as\u00ed como en la terminal de pasajeros y carga rodada del muelle de San Beltr\u00e1n, operado por Transmed-Grimaldi.<\/p>\n<p>Transportes y Movilidad Sostenible<a href=\"https:\/\/www.lamoncloa.gob.es\/consejodeministros\/referencias\/Paginas\/2025\/20251209-referencia-rueda-de-prensa-ministros.aspx\" name=\"getafe\" id=\"getafe\" onclick=\"javascript:GoogleTrackEvent(&#039;True&#039;,&#039;Contenido&#039;,&#039;Click&#039;,&#039;[https:\/\/www.lamoncloa.gob.es\/consejodeministros\/referencias\/Paginas\/2025\/20251209-referencia-rueda-de-prensa-ministros.aspx] OBRAS PARA LA MEJORA DE LA ACCESIBILIDAD DE LA A-4 EN GETAFE. [\/consejodeministros\/referencias\/Paginas\/2025\/20251209-referencia-rueda-de-prensa-ministros.aspx]&#039;);\" rel=\"nofollow noopener\" target=\"_blank\">OBRAS PARA LA MEJORA DE LA ACCESIBILIDAD DE LA A-4 EN GETAFE<\/a><\/p>\n<p class=\"ms-rteElement-Parrafo_Normal\">El Consejo de Ministros ha aprobado el Acuerdo por el que se autoriza la celebraci\u00f3n del contrato de obras sobre actuaciones de mejora en la accesibilidad del transporte p\u00fablico en la autov\u00eda Sur, A-4, entre los pol\u00edgonos industriales de Los Molinos y San Marcos, punto kilom\u00e9trico 12,000 de la A-4 y la avenida Leonardo Da Vinci (paso superior punto kilom\u00e9trico 15,200 de la A-4) a su paso por Getafe en la provincia de Madrid por un valor estimado de 40.077.442,66 euros.<\/p>\n<p class=\"ms-rteElement-Parrafo_Normal\">Las actuaciones proyectadas mejorar\u00e1n las condiciones de circulaci\u00f3n de la A-4 as\u00ed como la calidad de los servicios de transporte p\u00fablico de viajeros, reduciendo los tiempos de recorrido y asegurando una mayor regularidad. As\u00ed, se van a ejecutar los siguientes trabajos:<\/p>\n<p class=\"ms-rteElement-Parrafo_Normal\"><strong>En la margen derecha de la A-4, sentido salida hacia Andaluc\u00eda:<\/strong><\/p>\n<ul class=\"ms-rteElement-Parrafo_Normal\">\n<li>V\u00eda lateral de uno, dos o tres carriles, seg\u00fan los tramos, entre los km 12,350 y 13,750.<\/li>\n<li>Glorieta con un carril desde la v\u00eda lateral, con el fin de facilitar el acceso al pol\u00edgono de San Marcos.<\/li>\n<li>Transformaci\u00f3n del enlace existente con la carretera M-406 en un enlace tipo diamante con pesas, a\u00f1adiendo una glorieta oeste sim\u00e9trica a la existente.<\/li>\n<\/ul>\n<p class=\"ms-rteElement-Parrafo_Normal\"><strong>En la margen izquierda de la A-4, en sentido entrada a Madrid:<\/strong><\/p>\n<ul class=\"ms-rteElement-Parrafo_Normal\">\n<li>Tercer carril desde el entorno del km 15,35 hasta la zona de acceso a las instalaciones del Hotel Los \u00c1ngeles y la estaci\u00f3n de servicio adyacente.<\/li>\n<li>Nuevo ramal de incorporaci\u00f3n desde la glorieta este existente (con la M-406) a la v\u00eda lateral.<\/li>\n<\/ul>\n<p class=\"ms-rteElement-Parrafo_Normal\"><strong>Otras actuaciones destacables:<\/strong><\/p>\n<ul class=\"ms-rteElement-Parrafo_Normal\">\n<li>Demolici\u00f3n de la pasarela peatonal ubicada en el km 13,13 y sustituci\u00f3n por una nueva pasarela peatonal en el km 13,1 que salve con un solo vano los viales principales.<\/li>\n<li>Segunda pasarela en el km 15,030 para la reposici\u00f3n de la v\u00eda pecuaria vereda de San Marcos, que adem\u00e1s dar\u00e1 servicio a las dos paradas de autobuses ubicadas en la zona.<\/li>\n<li>Remodelaci\u00f3n del acceso desde la C\/ Erat\u00f3stenes a la v\u00eda lateral (optimizando los accesos a las instalaciones de Airbus).<\/li>\n<li>Reubicaci\u00f3n de dos paradas de autob\u00fas en cada v\u00eda lateral para que su posici\u00f3n sea compatible con las actuaciones proyectadas.<\/li>\n<\/ul>\n<p class=\"ms-rteElement-Parrafo_Normal\"><strong>Mejora de la Red de Carreteras del Estado en Madrid<\/strong><\/p>\n<p class=\"ms-rteElement-Parrafo_Normal\">Relacionado con esta actuaci\u00f3n, recientemente se ha adjudicado por 4,16 millones de euros la redacci\u00f3n del proyecto para mejorar la seguridad vial y el transporte p\u00fablico en la autov\u00eda A-5 en Madrid y Alcorc\u00f3n, donde est\u00e1 prevista otra inversi\u00f3n de 132 millones de euros. Adem\u00e1s, se dan los \u00faltimos pasos para activar el Bus-VAO de la A-2.<\/p>\n<p class=\"ms-rteElement-Parrafo_Normal\">En este sentido, tambi\u00e9n se han licitado por m\u00e1s de 70 millones de euros dos contratos para la conservaci\u00f3n de carreteras en la A-1 y N-1A y en la A-1, N-320, M-12, A-1A, M-110 y N-1A; se ha abierto al tr\u00e1fico de veh\u00edculos ligeros el paso superior sobre la A-6, en Torrelodones, tras los trabajos de rehabilitaci\u00f3n por algo m\u00e1s de 4 millones de euros.<\/p>\n<p class=\"ms-rteElement-Parrafo_Normal\">Asimismo, en el marco del Plan de Recuperaci\u00f3n, se trabaja en el aislamiento ac\u00fastico de la AP-6 en Collado Villalba, Alpedrete y Guadarrama por un mill\u00f3n de euros.<\/p>\n<p class=\"ms-rteElement-Parrafo_Normal\"><img decoding=\"async\" src=\"https:\/\/www.europesays.com\/es\/wp-content\/uploads\/2025\/12\/getafe.jpg\" alt=\"\" title=\"\"\/><\/p>\n<p>Transportes y Movilidad Sostenible<a href=\"https:\/\/www.lamoncloa.gob.es\/consejodeministros\/referencias\/Paginas\/2025\/20251209-referencia-rueda-de-prensa-ministros.aspx\" name=\"murcia\" id=\"murcia\" onclick=\"javascript:GoogleTrackEvent(&#039;True&#039;,&#039;Contenido&#039;,&#039;Click&#039;,&#039;[https:\/\/www.lamoncloa.gob.es\/consejodeministros\/referencias\/Paginas\/2025\/20251209-referencia-rueda-de-prensa-ministros.aspx] SUMINISTRO DE BALASTO PARA EL MONTAJE DE V\u00cdA EN LA NUEVA L\u00cdNEA DE ALTA VELOCIDAD MURCIA-ALMER\u00cdA . [\/consejodeministros\/referencias\/Paginas\/2025\/20251209-referencia-rueda-de-prensa-ministros.aspx]&#039;);\" rel=\"nofollow noopener\" target=\"_blank\">SUMINISTRO DE BALASTO PARA EL MONTAJE DE V\u00cdA EN LA NUEVA L\u00cdNEA DE ALTA VELOCIDAD MURCIA-ALMER\u00cdA <\/a><\/p>\n<p class=\"ms-rteElement-Parrafo_Normal\">El Consejo de Ministros ha aprobado el Acuerdo por el que se autoriza la celebraci\u00f3n del contrato de suministro y transporte de balasto para el montaje de v\u00eda en el tramo Lorca-Vera-Almer\u00eda (de 138km) de la nueva L\u00ednea de Alta Velocidad (LAV) Murcia-Almer\u00eda (de 200km).<\/p>\n<p class=\"ms-rteElement-Parrafo_Normal\">El contrato comprende el suministro de 935.000 toneladas de este material, uno de los elementos que, junto a las traviesas, el carril y los desv\u00edos, conforman las v\u00edas ferroviarias. De esta forma, se siguen adelantando trabajos para la pr\u00f3xima fase del desarrollo de la nueva l\u00ednea de alta velocidad: la del montaje de las v\u00edas. <\/p>\n<p class=\"ms-rteElement-Parrafo_Normal\">En la actualidad, ya est\u00e1n contratados los propios trabajos de montaje de v\u00eda de los tramos Murcia-Lorca y Vera-Almer\u00eda, mientras que trabaja para tambi\u00e9n licitar los de Lorca-Vera. Tambi\u00e9n se han adjudicado recientemente otros suministros para montar v\u00edas entre Vera y Almer\u00eda, como las traviesas, carril y desv\u00edos, y ha comenzado a licitar los correspondientes al tramo Lorca-Vera. <\/p>\n<p class=\"ms-rteElement-Parrafo_Normal\"><strong>Continuo avance del desarrollo de la nueva LAV<\/strong><\/p>\n<p class=\"ms-rteElement-Parrafo_Normal\">Adem\u00e1s de avanzar en la preparaci\u00f3n de pr\u00f3ximas fases de los trabajos, el Ministerio de Transportes y Movilidad Sostenible, a trav\u00e9s de Adif, contin\u00faa impulsando actuaciones actualmente en desarrollo para completar la nueva LAV, eje estrat\u00e9gico del Corredor Mediterr\u00e1neo, como es la plataforma de la l\u00ednea que est\u00e1 toda ella finalizada o en construcci\u00f3n, y la redacci\u00f3n del proyecto de la conexi\u00f3n Pulp\u00ed-\u00c1guilas. <\/p>\n<p class=\"ms-rteElement-Parrafo_Normal\">En paralelo, progresa la obra de electrificaci\u00f3n, tanto de la subestaci\u00f3n de Totana y sus centros de autotransformaci\u00f3n, como del tendido de catenaria del tramo Murcia-Lorca, mientras se encuentra en licitaci\u00f3n la electrificaci\u00f3n del tramo Lorca-Almer\u00eda. As\u00ed mismo, ya est\u00e1 tambi\u00e9n contratado el despliegue del resto de sistemas que componen una l\u00ednea de alta velocidad: las m\u00e1s avanzadas tecnolog\u00edas de comunicaciones ferroviarias (el GSM-R) y de se\u00f1alizaci\u00f3n (el ERTMS).\u202f <\/p>\n<p class=\"ms-rteElement-Parrafo_Normal\"><strong>Financiaci\u00f3n europea<\/strong>\u202f <\/p>\n<p class=\"ms-rteElement-Parrafo_Normal\">Estas actuaciones contribuyen a los ODS n\u00famero 9 (infraestructuras fiables, sostenibles y de calidad), 7 (sostenibilidad) y 8 (crecimiento econ\u00f3mico y de empleo).\u202f Adem\u00e1s, podr\u00e1n ser cofinanciadas por el Fondo Europeo de Desarrollo Regional (FEDER).\u202f<\/p>\n<p class=\"ms-rteElement-Parrafo_Normal\"><img decoding=\"async\" src=\"https:\/\/www.europesays.com\/es\/wp-content\/uploads\/2025\/12\/1765308617_157_murcia.jpg\" alt=\"\" title=\"\"\/><\/p>\n<p class=\"ms-rteElement-Parrafo_Normal\">Capa de balasto Ferrocarril \/ Murcia-Almer\u00eda<\/p>\n<p>Transportes y Movilidad Sostenible<a href=\"https:\/\/www.lamoncloa.gob.es\/consejodeministros\/referencias\/Paginas\/2025\/20251209-referencia-rueda-de-prensa-ministros.aspx\" name=\"alicante\" id=\"alicante\" onclick=\"javascript:GoogleTrackEvent(&#039;True&#039;,&#039;Contenido&#039;,&#039;Click&#039;,&#039;[https:\/\/www.lamoncloa.gob.es\/consejodeministros\/referencias\/Paginas\/2025\/20251209-referencia-rueda-de-prensa-ministros.aspx] LIBERACI\u00d3N DEL PEAJE DE LA AP-7 CIRCUNVALACI\u00d3N DE ALICANTE. [\/consejodeministros\/referencias\/Paginas\/2025\/20251209-referencia-rueda-de-prensa-ministros.aspx]&#039;);\" rel=\"nofollow noopener\" target=\"_blank\">LIBERACI\u00d3N DEL PEAJE DE LA AP-7 CIRCUNVALACI\u00d3N DE ALICANTE<\/a><\/p>\n<p class=\"ms-rteElement-Parrafo_Normal\">El Consejo de ministros ha aprobado el Acuerdo por el que se autoriza la suscripci\u00f3n de la Adenda n.\u00ba 2 al Convenio de gesti\u00f3n directa entre la Administraci\u00f3n General del Estado y la Sociedad Estatal de Infraestructuras del Transporte Terrestre, S.M.E., S.A., por el que se regula la gesti\u00f3n de la explotaci\u00f3n de autopistas de titularidad estatal.<\/p>\n<p class=\"ms-rteElement-Parrafo_Normal\">El acuerdo aprueba la liberaci\u00f3n definitiva del peaje de la AP-7 Circunvalaci\u00f3n de Alicante, tras comprobar la efectividad del periodo de prueba de gratuidad de la v\u00eda establecido en julio de 2024. De este modo, la autopista se configura con car\u00e1cter permanente como una alternativa libre para descongestionar el tr\u00e1fico de la autov\u00eda A-70, especialmente el de largo recorrido. <\/p>\n<p class=\"ms-rteElement-Parrafo_Normal\">As\u00ed, este tramo de la AP-7 pasa de estar a cargo de la Sociedad Estatal de Infraestructuras del Transporte Terrestre (SEITT) a ser una v\u00eda libre de peaje gestionada por la Direcci\u00f3n General de Carreteras del Ministerio de Transportes y Movilidad Sostenible. Mientras tanto, durante un periodo transitorio, SEITT continuar\u00e1 responsabiliz\u00e1ndose de la explotaci\u00f3n y conservaci\u00f3n mientras la DGC realiza las actuaciones preparatorias para poder asumir la gesti\u00f3n y conservaci\u00f3n de la autopista. <\/p>\n<p class=\"ms-rteElement-Parrafo_Normal\"><strong>Prueba piloto exitosa<\/strong><\/p>\n<p class=\"ms-rteElement-Parrafo_Normal\">Los usuarios de la AP-7 &#8211; Circunvalaci\u00f3n de Alicante gozaban hasta ahora de una bonificaci\u00f3n del 100% en todos sus recorridos, en virtud de una prueba piloto iniciada en julio de 2024 para comprobar si su uso resultar\u00eda seguro, c\u00f3modo y eficaz como alternativa a la autov\u00eda A-70, que estaba al borde de su capacidad m\u00e1xima. La medida, prevista inicialmente para cuatro meses, se prorrog\u00f3 en dos ocasiones, en octubre de 2024 y febrero de 2025, y ten\u00eda vigencia hasta el 15 de febrero de 2026. <\/p>\n<p class=\"ms-rteElement-Parrafo_Normal\">A la vista de los buenos resultados socioecon\u00f3micos y ambientales obtenidos en la prueba piloto, confirmados por los an\u00e1lisis de tr\u00e1fico y la significativa reducci\u00f3n de emisiones contaminantes en la A-70, el Gobierno ha optado por la liberaci\u00f3n definitiva del peaje.<\/p>\n<p class=\"ms-rteElement-Parrafo_Normal\">Por otro lado, el Consejo de ministros tambi\u00e9n ha aprobado la modificaci\u00f3n del Acuerdo de 3 de diciembre de 2024 que determinaba las tarifas a cobrar por SEITT en sus autopistas para el periodo 2025-2032. Esta modificaci\u00f3n, adem\u00e1s de abordar la gratuidad indefinida de la AP-7, mejora la habilitaci\u00f3n del Ministerio para establecer bonificaciones temporales de peaje en las autopistas, permitiendo que estas bonificaciones puedan ser financiadas por otras Administraciones o entidades. <\/p>\n<p>Educaci\u00f3n, Formaci\u00f3n Profesional y Deportes<a href=\"https:\/\/www.lamoncloa.gob.es\/consejodeministros\/referencias\/Paginas\/2025\/20251209-referencia-rueda-de-prensa-ministros.aspx\" name=\"deporte\" id=\"deporte\" onclick=\"javascript:GoogleTrackEvent(&#039;True&#039;,&#039;Contenido&#039;,&#039;Click&#039;,&#039;[https:\/\/www.lamoncloa.gob.es\/consejodeministros\/referencias\/Paginas\/2025\/20251209-referencia-rueda-de-prensa-ministros.aspx] SUBVENCIONES PARA INFRAESTRUCTURAS Y PROYECTOS ESTRAT\u00c9GICOS PARA EL DEPORTE ESPA\u00d1OL. [\/consejodeministros\/referencias\/Paginas\/2025\/20251209-referencia-rueda-de-prensa-ministros.aspx]&#039;);\" rel=\"nofollow noopener\" target=\"_blank\">SUBVENCIONES PARA INFRAESTRUCTURAS Y PROYECTOS ESTRAT\u00c9GICOS PARA EL DEPORTE ESPA\u00d1OL<\/a><\/p>\n<p class=\"ms-rteElement-Parrafo_Normal\">El Consejo de Ministros ha aprobado Real Decreto por el que se regula la concesi\u00f3n directa de subvenciones a determinadas entidades para la ejecuci\u00f3n de actuaciones de relevancia deportiva y de inter\u00e9s p\u00fablico durante los ejercicios de 2025, 2026 y 2027 por valor de 5.360.000 euros, destinadas a fortalecer el ecosistema deportivo espa\u00f1ol, construir nuevas instalaciones clave y apoyar nuevos proyectos estructurales en el \u00e1mbito federativo y profesional.<\/p>\n<p class=\"ms-rteElement-Parrafo_Normal\">Entre estas ayudas, gestionadas a trav\u00e9s del Consejo Superior de Deportes, destaca la concesi\u00f3n de 2,5 millones de euros a la Federaci\u00f3n Espa\u00f1ola de Baloncesto con motivo de la puesta en marcha de la Liga U. Esta competici\u00f3n ha sido creada para ofrecer un entorno para el desarrollo integral de los j\u00f3venes talentos, al combinar educaci\u00f3n y deporte. De este modo, la Liga U constituye un proyecto estrat\u00e9gico para ampliar la base y elevar el nivel del baloncesto espa\u00f1ol. El CSD contribuir\u00e1 a su organizaci\u00f3n con un total de 15 millones de euros en sus tres primeras temporadas, partiendo de la aportaci\u00f3n de 2,5 millones en 2025 aprobada en Consejo de Ministros.<\/p>\n<p class=\"ms-rteElement-Parrafo_Normal\">El real decreto incluye, asimismo, una subvenci\u00f3n de 1,5 millones de euros dirigida a los clubes independientes de una estructura masculina que compiten en la Liga Profesional de F\u00fatbol Femenino, con el fin de facilitar el cumplimiento de los est\u00e1ndares de calidad. Los beneficiarios podr\u00e1n modernizar y adecuar sus infraestructuras deportivas y mejorar las condiciones de sus jugadoras.<\/p>\n<p class=\"ms-rteElement-Parrafo_Normal\">Adem\u00e1s, el Consejo Superior de Deportes destinar\u00e1 un mill\u00f3n de euros para la construcci\u00f3n y equipamiento de un nuevo campo de hockey hierba en el Centro de Alto Rendimiento de Sant Cugat. Este espacio, destinado al entrenamiento de las selecciones nacionales, supondr\u00e1 una notable mejora en su preparaci\u00f3n.<\/p>\n<p class=\"ms-rteElement-Parrafo_Normal\">Por \u00faltimo, el real decreto regula la concesi\u00f3n de una subvenci\u00f3n de 360.000 euros a la Asociaci\u00f3n del Deporte Espa\u00f1ol (ADESP), una entidad que representa a las federaciones deportivas espa\u00f1olas. Esta ayuda permitir\u00e1 organizar programas deportivos y formativos, as\u00ed como financiar actuaciones de apoyo a la gesti\u00f3n de las federaciones deportivas espa\u00f1olas.<\/p>\n<p>Industria y Turismo<a href=\"https:\/\/www.lamoncloa.gob.es\/consejodeministros\/referencias\/Paginas\/2025\/20251209-referencia-rueda-de-prensa-ministros.aspx\" name=\"recuperar\" id=\"recuperar\" onclick=\"javascript:GoogleTrackEvent(&#039;True&#039;,&#039;Contenido&#039;,&#039;Click&#039;,&#039;[https:\/\/www.lamoncloa.gob.es\/consejodeministros\/referencias\/Paginas\/2025\/20251209-referencia-rueda-de-prensa-ministros.aspx] MODIFICACI\u00d3N DE PLAZOS DE PROYECTOS DE RESILIENCIA TUR\u00cdSTICA EN CANARIAS, BALEARES, CEUTA Y MELILLA. [\/consejodeministros\/referencias\/Paginas\/2025\/20251209-referencia-rueda-de-prensa-ministros.aspx]&#039;);\" rel=\"nofollow noopener\" target=\"_blank\">MODIFICACI\u00d3N DE PLAZOS DE PROYECTOS DE RESILIENCIA TUR\u00cdSTICA EN CANARIAS, BALEARES, CEUTA Y MELILLA<\/a><\/p>\n<p class=\"ms-rteElement-Parrafo_Normal\">El Consejo de Ministros ha aprobado el Real Decreto por el que se modifican el Real Decreto 1118\/2021, de 21 de diciembre; el Real Decreto 449\/2022, de 14 de junio; y el Real Decreto 1011\/2022, de 5 de diciembre, por los que se regulan la concesi\u00f3n directa de subvenciones destinadas a la financiaci\u00f3n de las estrategias de resiliencia tur\u00edstica para territorios extrapeninsulares, en el marco del Plan de Recuperaci\u00f3n, Transformaci\u00f3n y Resiliencia.<\/p>\n<p class=\"ms-rteElement-Parrafo_Normal\">El real decreto aprobado recoge la ampliaci\u00f3n de plazos de ejecuci\u00f3n y de justificaci\u00f3n de los proyectos de resiliencia tur\u00edstica adjudicados a diferentes entidades p\u00fablicas y privadas en Canarias, Baleares, Ceuta y Melilla.<\/p>\n<p class=\"ms-rteElement-Parrafo_Normal\">Las Comunidades Aut\u00f3nomas de Canarias y Baleares se caracterizan por una elevad\u00edsima dependencia del turismo y necesitan de actuaciones singulares para paliar las externalidades de su elevada dependencia de la actividad vacacional. En estos territorios insulares es imprescindible el desarrollo de estrategias de resiliencia que consoliden un sector innovador y con capacidad de adaptaci\u00f3n al cambio clim\u00e1tico y a los previsibles cambios en los flujos tur\u00edsticos.<\/p>\n<p class=\"ms-rteElement-Parrafo_Normal\">Por su parte, las Ciudades Aut\u00f3nomas de Ceuta y Melilla, ciudades aut\u00f3nomas con alto nivel de desempleo necesitan consolidar fuentes estables de generaci\u00f3n de ingresos para su poblaci\u00f3n y potenciar sectores econ\u00f3micos que puedan ejercer un efecto tractor sobra la industria y los servicios locales. El turismo y los servicios anexos a la actividad tur\u00edstica son una apuesta estrat\u00e9gica en este proceso.<\/p>\n<p class=\"ms-rteElement-Parrafo_Normal\">Las Estrategias de resiliencia tur\u00edstica se enmarcan dentro de la Inversi\u00f3n 3 del Componente 14 del Plan de Recuperaci\u00f3n, Transformaci\u00f3n y Resiliencia (Plan de Modernizaci\u00f3n y Competitividad del Sector Tur\u00edstico). Dicha Inversi\u00f3n 3 tiene como fin apoyar la innovaci\u00f3n, la adaptaci\u00f3n al cambio clim\u00e1tico y fomentar la diversificaci\u00f3n y desestacionalizaci\u00f3n, con un especial enfoque en estos territorios por su especial dependencia econ\u00f3mica del turismo y su impacto en el empleo, con un presupuesto de 220 millones de euros.<\/p>\n<p class=\"ms-rteElement-Parrafo_Normal\">Las Estrategias de resiliencia tur\u00edstica incluyen medidas para mejorar la competitividad y la capacidad de los territorios mencionados para adaptarse a la evoluci\u00f3n de los mercados internacionales, y orientadas a las infraestructuras p\u00fablicas, refuerzo de servicios p\u00fablicos, desarrollo de productos tur\u00edsticos alternativos, modernizaci\u00f3n de la oferta tur\u00edstica, promoci\u00f3n de los territorios u otro tipo de promociones estrat\u00e9gicas.<\/p>\n<p class=\"ms-rteElement-Parrafo_Normal\">Este real decreto propone la modificaci\u00f3n ampliando el plazo de ejecuci\u00f3n hasta el 31 de mayo de 2026 y el plazo de justificaci\u00f3n hasta el 30 de junio de 2026 para permitir maximizar la inversi\u00f3n y finalizar las actuaciones ya iniciadas. <\/p>\n<p class=\"ms-rteElement-Parrafo_Normal\">De esta forma, se facilitar\u00e1 el agotamiento del cr\u00e9dito disponible, sin poner en peligro el cumplimiento y acreditaci\u00f3n del objetivo original y siempre dentro de los m\u00e1rgenes que marca la normativa del mecanismo y, por tanto, se podr\u00e1 aumentar el n\u00famero de beneficiarios y mejorar la ambici\u00f3n de la medida, dando as\u00ed respuesta a las peticiones de los territorios afectados.<\/p>\n<p class=\"ms-rteElement-Parrafo_Normal\">Gracias a la ampliaci\u00f3n del plazo se podr\u00e1n ejecutar actuaciones por los siguientes importes:<\/p>\n<p><\/p>\n<tr>\n<td>Subvenciones a Entidades Locales por un importe total de (Baleares y Canarias)<\/td>\n<td>106.862.625 \u20ac<\/td>\n<\/tr>\n<tr>\n<td>\n<p class=\"Centrado\">Subvenciones a entidades privadas (Canarias)<\/p>\n<\/td>\n<td>6.500.000 \u20ac<\/td>\n<\/tr>\n<tr>\n<td>Subvenciones a actuaciones en el marco de 2 convenios (Ceuta)<\/td>\n<td>\n<p class=\"Centrado\">4.548.300,39 \u20ac<\/p>\n<\/td>\n<\/tr>\n<tr>\n<td>Subvenciones actuaciones (Melilla)<\/td>\n<td>1.000.000 \u20ac<\/td>\n<\/tr>\n<tr>\n<td><strong>Total importe pendiente de ejecuci\u00f3n que se podr\u00e1 ejecutar en plazo ampliado<\/strong><\/td>\n<td><strong>118.910.925,39 \u20ac<\/strong><\/td>\n<\/tr>\n<p>Agricultura, Pesca y Alimentaci\u00f3n<a href=\"https:\/\/www.lamoncloa.gob.es\/consejodeministros\/referencias\/Paginas\/2025\/20251209-referencia-rueda-de-prensa-ministros.aspx\" name=\"agro\" id=\"agro\" onclick=\"javascript:GoogleTrackEvent(&#039;True&#039;,&#039;Contenido&#039;,&#039;Click&#039;,&#039;[https:\/\/www.lamoncloa.gob.es\/consejodeministros\/referencias\/Paginas\/2025\/20251209-referencia-rueda-de-prensa-ministros.aspx] BASES REGULADORAS DE LAS SUBVENCIONES PARA LA CONSERVACI\u00d3N DE LAS RAZAS AUT\u00d3CTONAS GANADERAS . [\/consejodeministros\/referencias\/Paginas\/2025\/20251209-referencia-rueda-de-prensa-ministros.aspx]&#039;);\" rel=\"nofollow noopener\" target=\"_blank\">BASES REGULADORAS DE LAS SUBVENCIONES PARA LA CONSERVACI\u00d3N DE LAS RAZAS AUT\u00d3CTONAS GANADERAS <\/a><\/p>\n<p class=\"ms-rteElement-Parrafo_Normal\">El Consejo de Ministros ha aprobado un real decreto que tiene como objetivo modernizar las bases reguladoras para la concesi\u00f3n, en r\u00e9gimen de concurrencia competitiva, de las subvenciones para el fomento de las razas aut\u00f3ctonas espa\u00f1olas.<\/p>\n<p class=\"ms-rteElement-Parrafo_Normal\">La finalidad de las subvenciones es contribuir al desarrollo de los programas de cr\u00eda y a la implantaci\u00f3n y promoci\u00f3n del logotipo Raza Aut\u00f3ctona por parte de las asociaciones de criadores oficialmente reconocidas por las comunidades aut\u00f3nomas. Estas medidas tienen una transcendencia que va m\u00e1s all\u00e1 de la conservaci\u00f3n de los recursos gen\u00e9ticos ganaderos, ya que las razas aut\u00f3ctonas aportan servicios ecosist\u00e9micos -pastoreo para la prevenci\u00f3n de incendios-, conformaci\u00f3n y conservaci\u00f3n de h\u00e1bitats y paisajes, y aspectos etnol\u00f3gicos o sociales. <\/p>\n<p class=\"ms-rteElement-Parrafo_Normal\">El apoyo p\u00fablico para configurar un tejido asociativo para la conservaci\u00f3n del vasto patrimonio ganadero &#8211; constituido por 165 razas o variedades aut\u00f3ctonas, de las cuales 148 se clasifican como amenazadas-, se estructura en torno al Programa Nacional de Conservaci\u00f3n, Mejora y Fomento de las Razas Ganaderas. Durante el a\u00f1o 2025, el Ministerio de Agricultura, Pesca y Alimentaci\u00f3n ha destinado 6,2 millones de euros a medidas de apoyo a estas razas ganaderas. <\/p>\n<p class=\"ms-rteElement-Parrafo_Normal\">Este nuevo real decreto aprobado adapta las bases reguladoras de las subvenciones a las asociaciones de criadores al nuevo marco normativo europeo en materia de ayudas de Estado recogido en el Reglamento (UE) 2022\/2472, de la Comisi\u00f3n, de 14 de diciembre de 2022. <\/p>\n<p class=\"ms-rteElement-Parrafo_Normal\">Dentro de esta adaptaci\u00f3n se han aprovechado las nuevas opciones que permiten los art\u00edculos 24 y 30 de dicho reglamento para ampliar los conceptos subvencionables, con lo que las asociaciones de criadores tendr\u00e1n m\u00e1s posibilidades para financiar actividades de gran inter\u00e9s de sus programas de conservaci\u00f3n, as\u00ed como en materia de promoci\u00f3n del logotipo Raza Aut\u00f3ctona.<\/p>\n<p class=\"ms-rteElement-Parrafo_Normal\">Adem\u00e1s, se actualizan los criterios de concesi\u00f3n, de forma que se focalizar\u00e1n las ayudas en las actividades que tienen un mayor impacto en la conservaci\u00f3n de las razas. Al mismo tiempo se ampl\u00eda la flexibilidad de la que disponen las comunidades aut\u00f3nomas para definir sus criterios propios y dar respuesta a las situaciones particulares que cada una de ellas debe afrontar. <\/p>\n<p class=\"ms-rteElement-Parrafo_Normal\">Esa filosof\u00eda se ha trasladado, tambi\u00e9n, a la definici\u00f3n de los criterios de territorializaci\u00f3n de fondos, de forma que estos promuevan una correcta comunicaci\u00f3n de la informaci\u00f3n a la base de datos ARCA, el desarrollo de bancos de germoplasma y el uso del logotipo Raza Aut\u00f3ctona. <\/p>\n<p class=\"ms-rteElement-Parrafo_Normal\">La nueva normativa aprobada da cabida tambi\u00e9n a la modificaci\u00f3n del Real Decreto 794\/2021, de 14 de septiembre, por el que se establecen las bases reguladoras de las subvenciones a las asociaciones de criadores oficialmente reconocidas por el Ministerio de Agricultura, Pesca y Alimentaci\u00f3n. En ella, y a similitud de en la l\u00ednea territorializada, se actualizan aspectos relativos a los conceptos subvencionables y a los criterios de otorgamiento de las ayudas, para apoyar las actuaciones que tienen una mayor relevancia zoot\u00e9cnica que permite el mencionado reglamento europeo.<\/p>\n<p>Pol\u00edtica Territorial y Memoria Democr\u00e1tica<a href=\"https:\/\/www.lamoncloa.gob.es\/consejodeministros\/referencias\/Paginas\/2025\/20251209-referencia-rueda-de-prensa-ministros.aspx\" name=\"teruel\" id=\"teruel\" onclick=\"javascript:GoogleTrackEvent(&#039;True&#039;,&#039;Contenido&#039;,&#039;Click&#039;,&#039;[https:\/\/www.lamoncloa.gob.es\/consejodeministros\/referencias\/Paginas\/2025\/20251209-referencia-rueda-de-prensa-ministros.aspx] SUBVENCI\u00d3N A ARAG\u00d3N PARA LA FINANCIACI\u00d3N DE INVERSIONES EN LA PROVINCIA DE TERUEL. [\/consejodeministros\/referencias\/Paginas\/2025\/20251209-referencia-rueda-de-prensa-ministros.aspx]&#039;);\" rel=\"nofollow noopener\" target=\"_blank\">SUBVENCI\u00d3N A ARAG\u00d3N PARA LA FINANCIACI\u00d3N DE INVERSIONES EN LA PROVINCIA DE TERUEL<\/a><\/p>\n<p class=\"ms-rteElement-Parrafo_Normal\">El Consejo de Ministros ha aprobado el Real Decreto por el que se regula la concesi\u00f3n directa de una subvenci\u00f3n a la Comunidad Aut\u00f3noma de Arag\u00f3n, para la financiaci\u00f3n de inversiones en la provincia de Teruel que favorezcan la generaci\u00f3n de actividad econ\u00f3mica en dicha provincia. La ayuda de 36,5 millones de euros, con cargo al presupuesto de 2025 del Ministerio de Pol\u00edtica Territorial y Memoria Democr\u00e1tica, se concede para la financiaci\u00f3n de proyectos de inversi\u00f3n que promuevan directa o indirectamente la generaci\u00f3n de actividad econ\u00f3mica en la provincia de Teruel.<\/p>\n<p class=\"ms-rteElement-Parrafo_Normal\">El objetivo de la subvenci\u00f3n es hacer efectivo el principio de solidaridad interterritorial ante las desigualdades interterritoriales identificadas en la Comunidad Aut\u00f3noma de Arag\u00f3n como consecuencia de las peculiaridades estructurales de la provincia de Teruel, favoreciendo la generaci\u00f3n de actividad econ\u00f3mica para mejorar el bienestar social de su poblaci\u00f3n.<\/p>\n<p class=\"ms-rteElement-Parrafo_Normal\">La Comunidad Aut\u00f3noma de Arag\u00f3n aportar\u00e1 la misma cantidad que invierte la Administraci\u00f3n General del Estado (AGE) para el Fondo de Inversiones de Teruel (FITE), que para este a\u00f1o se elevar\u00e1 a 73 millones de euros. <\/p>\n<p class=\"ms-rteElement-Parrafo_Normal\"><strong>Corregir los desequilibrios econ\u00f3micos de Teruel<\/strong><\/p>\n<p class=\"ms-rteElement-Parrafo_Normal\">La Constituci\u00f3n Espa\u00f1ola reconoce en su art\u00edculo 158 el principio de solidaridad como un instrumento para atenuar las desigualdades territoriales y procurar la cohesi\u00f3n interna como un objetivo de la pol\u00edtica econ\u00f3mica y social. Este principio constitucional se materializa mediante el Fondo de Compensaci\u00f3n Interterritorial (FCI), del cual, por su nivel de renta, no es beneficiaria la Comunidad Aut\u00f3noma de Arag\u00f3n.<\/p>\n<p class=\"ms-rteElement-Parrafo_Normal\">No obstante, existen desigualdades estructurales internas en la Comunidad Aut\u00f3noma de Arag\u00f3n que afectan a la provincia de Teruel, sobre las que la pol\u00edtica regional no puede actuar eficazmente con los mecanismos generales disponibles. La provincia de Teruel requiere, por tanto, de una acci\u00f3n p\u00fablica espec\u00edfica para promover medidas tendentes a corregir los desequilibrios en la provincia y la generaci\u00f3n de actividad econ\u00f3mica y de empleo.<\/p>\n<p class=\"ms-rteElement-Parrafo_Normal\"><strong>FITE<\/strong><\/p>\n<p class=\"ms-rteElement-Parrafo_Normal\">A tal efecto, la AGE y la Diputaci\u00f3n General de Arag\u00f3n colaboran desde el a\u00f1o 1992, a trav\u00e9s de la suscripci\u00f3n de diferentes instrumentos, para la financiaci\u00f3n de inversiones que favorezcan el desarrollo econ\u00f3mico de la provincia de Teruel.<\/p>\n<p class=\"ms-rteElement-Parrafo_Normal\">En ese sentido, el Fondo de Inversiones de Teruel est\u00e1 destinado a la financiaci\u00f3n de proyectos de inversi\u00f3n que promuevan la creaci\u00f3n de un espacio de competitividad necesario para superar las peculiaridades socioecon\u00f3micas de la provincia de Teruel y favorecer la generaci\u00f3n de actividad econ\u00f3mica. <\/p>\n<p class=\"ms-rteElement-Parrafo_Normal\">La Ley 38\/2003, General de Subvenciones y su Reglamento, establecen que podr\u00e1n concederse de forma directa \u00abaquellas otras subvenciones en que se acrediten razones de inter\u00e9s p\u00fablico, social, econ\u00f3mico o humanitario, u otras debidamente justificadas que dificulten su convocatoria p\u00fablica\u00bb. Dado que existen razones de inter\u00e9s p\u00fablico, social y econ\u00f3mico para atender la situaci\u00f3n de la provincia de Teruel, derivada de sus caracter\u00edsticas estructurales, demogr\u00e1ficas y econ\u00f3micas, se justifica la concesi\u00f3n directa de esta subvenci\u00f3n, recogida en el Plan estrat\u00e9gico de subvenciones del Ministerio de Pol\u00edtica Territorial y Memoria Democr\u00e1tica, 2025-2027. <\/p>\n<p class=\"ms-rteElement-Parrafo_Normal\">La entidad beneficiaria es la Administraci\u00f3n de la Comunidad Aut\u00f3noma de Arag\u00f3n, que podr\u00e1 ejecutar directamente los diferentes proyectos o hacerlo en r\u00e9gimen de cooperaci\u00f3n con otras administraciones de la comunidad aut\u00f3noma, en especial con las entidades locales.<\/p>\n<p class=\"ms-rteElement-Parrafo_Normal\">La concesi\u00f3n de la subvenci\u00f3n, 36.500.000 de euros, se materializar\u00e1 con la firma de un convenio entre el Ministerio de Pol\u00edtica Territorial y Memoria Democr\u00e1tica y la Administraci\u00f3n de la Comunidad Aut\u00f3noma de Arag\u00f3n.<\/p>\n<p class=\"ms-rteElement-Parrafo_Normal\">Ser\u00e1n financiables las actuaciones previstas en el Real Decreto que hayan sido desarrolladas durante el periodo comprendido entre el 1 de enero de 2025 y el 31 de diciembre de 2028. La elecci\u00f3n y aprobaci\u00f3n de los proyectos de inversi\u00f3n financiados corresponder\u00e1 al Gobierno de Arag\u00f3n, que comunicar\u00e1 los proyectos aprobados y los cambios acordados al Ministerio de Pol\u00edtica Territorial y Memoria Democr\u00e1tica.<\/p>\n<p>Vivienda y Agenda Urbana<a href=\"https:\/\/www.lamoncloa.gob.es\/consejodeministros\/referencias\/Paginas\/2025\/20251209-referencia-rueda-de-prensa-ministros.aspx\" name=\"vulnerables\" id=\"vulnerables\" onclick=\"javascript:GoogleTrackEvent(&#039;True&#039;,&#039;Contenido&#039;,&#039;Click&#039;,&#039;[https:\/\/www.lamoncloa.gob.es\/consejodeministros\/referencias\/Paginas\/2025\/20251209-referencia-rueda-de-prensa-ministros.aspx] AYUDAS PARA LA COBERTURA POR IMPAGOS DEL ALQUILER PARA J\u00d3VENES Y COLECTIVOS VULNERABLES. [\/consejodeministros\/referencias\/Paginas\/2025\/20251209-referencia-rueda-de-prensa-ministros.aspx]&#039;);\" rel=\"nofollow noopener\" target=\"_blank\">AYUDAS PARA LA COBERTURA POR IMPAGOS DEL ALQUILER PARA J\u00d3VENES Y COLECTIVOS VULNERABLES<\/a><\/p>\n<p class=\"ms-rteElement-Parrafo_Normal\">El Consejo de Ministros ha aprobado el Real Decreto por el que se determinan las condiciones de la l\u00ednea de ayudas, por cuenta del Estado, para la cobertura en caso de impagos del alquiler de viviendas para j\u00f3venes y colectivos vulnerables. Esta medida consiste en un aval para facilitar el acceso al alquiler y ser\u00e1 gestionada por las comunidades aut\u00f3nomas de r\u00e9gimen com\u00fan y ciudades de Ceuta y Melilla, en el marco de lo dispuesto en el art\u00edculo 76 del Real Decreto-ley 1\/2025.<\/p>\n<p class=\"ms-rteElement-Parrafo_Normal\">Para contar con ella, los arrendadores deber\u00e1n cumplir, al menos, los siguientes requisitos:<\/p>\n<ul class=\"ms-rteElement-Parrafo_Normal\">\n<li>Firmar un contrato con menores de 35 a\u00f1os o personas vulnerables (seg\u00fan lo establecido en cada CCAA).<\/li>\n<li>Cobrar una renta del alquiler que no supere el \u00edndice estatal de referencia.<\/li>\n<li>Depositar la fianza legal obligatoria del contrato de alquiler, as\u00ed como sus actualizaciones.<\/li>\n<li>Suscribir con el arrendatario el compromiso relativo al aval al alquiler, con arreglo al modelo aprobado por la Administraci\u00f3n.<\/li>\n<li>Las comunidades aut\u00f3nomas podr\u00e1n fijar criterios adicionales si as\u00ed lo consideran.<\/li>\n<\/ul>\n<p class=\"ms-rteElement-Parrafo_Normal\">Las compensaciones a las que da cobertura el aval son las siguientes:<\/p>\n<ul class=\"ms-rteElement-Parrafo_Normal\">\n<li>El impago de rentas de alquiler.<\/li>\n<li>Todos los da\u00f1os causados a la vivienda.<\/li>\n<li>El coste de los suministros debidos.<\/li>\n<\/ul>\n<p class=\"ms-rteElement-Parrafo_Normal\">Las personas beneficiarias de esta medida, que deber\u00e1n estar al corriente de sus obligaciones tributarias y de Seguridad Social, ser\u00e1n:<\/p>\n<ul class=\"ms-rteElement-Parrafo_Normal\">\n<li>Las arrendadoras de las viviendas, respecto las rentas y los suministros impagados, los da\u00f1os sufridos en ellas y el importe de las primas pagadas en los seguros concertados en su garant\u00eda.<\/li>\n<li>Las CCAA que suscriban un seguro con las personas arrendadoras.<\/li>\n<\/ul>\n<p class=\"ms-rteElement-Parrafo_Normal\">La cobertura estar\u00e1 limitada a eventuales impagos y da\u00f1os generados en los contratos vigentes a 30 de enero de 2025.<\/p>\n<p class=\"ms-rteElement-Parrafo_Normal\">El Consejo de Ministros habilitar\u00e1 en pr\u00f3ximas fechas una l\u00ednea presupuestaria para financiar esta medida.<\/p>\n<p class=\"ms-rteElement-Parrafo_Normal\">El Ministerio transferir\u00e1, previo certificado, en el \u00faltimo trimestre del a\u00f1o los fondos que las CCAA le acrediten haber costeado por impagos.<\/p>\n<p class=\"ms-rteElement-Parrafo_Normal\">Las CCAA deber\u00e1n remitir semestralmente informaci\u00f3n al Ministerio de Vivienda y Agenda Urbana acerca de las coberturas aplicadas, y este sistema de avales ser\u00e1 aplicable en todas las comunidades aut\u00f3nomas de r\u00e9gimen com\u00fan.<\/p>\n<p>Econom\u00eda, Comercio y Empresa<a href=\"https:\/\/www.lamoncloa.gob.es\/consejodeministros\/referencias\/Paginas\/2025\/20251209-referencia-rueda-de-prensa-ministros.aspx\" name=\"economia\" id=\"economia\" onclick=\"javascript:GoogleTrackEvent(&#039;True&#039;,&#039;Contenido&#039;,&#039;Click&#039;,&#039;[https:\/\/www.lamoncloa.gob.es\/consejodeministros\/referencias\/Paginas\/2025\/20251209-referencia-rueda-de-prensa-ministros.aspx] ADENDA DE SIMPLIFICACI\u00d3N DEL PLAN DE RECUPERACI\u00d3N . [\/consejodeministros\/referencias\/Paginas\/2025\/20251209-referencia-rueda-de-prensa-ministros.aspx]&#039;);\" rel=\"nofollow noopener\" target=\"_blank\">ADENDA DE SIMPLIFICACI\u00d3N DEL PLAN DE RECUPERACI\u00d3N <\/a><\/p>\n<p class=\"ms-rteElement-Parrafo_Normal\">El Consejo de Ministros ha aprobado la Adenda de Simplificaci\u00f3n al Plan de Recuperaci\u00f3n, Transformaci\u00f3n y Resiliencia (PRTR), con el objetivo de agilizar los procesos de verificaci\u00f3n y ejecuci\u00f3n reduciendo cargas burocr\u00e1ticas, reforzar prioridades estrat\u00e9gicas y optimizar el uso de los recursos disponibles antes de la finalizaci\u00f3n del Mecanismo de Recuperaci\u00f3n y Resiliencia, prevista para el 31 de agosto de 2026. La decisi\u00f3n responde a la Comunicaci\u00f3n de la Comisi\u00f3n Europea de 4 de junio de 2025, \u00abNext Generation EU &#8211; Camino a 2026\u00bb, que insta a los Estados miembros a revisar sus planes para simplificar procedimientos y maximizar la absorci\u00f3n de fondos.<\/p>\n<p class=\"ms-rteElement-Parrafo_Normal\">Hasta la fecha, se han asignado m\u00e1s de 80.000 millones de euros a m\u00e1s de 1,3 millones de beneficiarios del sector privado y hogares. As\u00ed, se estima que la econom\u00eda espa\u00f1ola se situ\u00f3 en 2024 2,6 puntos por encima del nivel que se hubiera observado en ausencia del Plan de Recuperaci\u00f3n. Se prev\u00e9 que, en 2031, diez a\u00f1os despu\u00e9s de la aprobaci\u00f3n del Plan de Recuperaci\u00f3n, Transformaci\u00f3n y Resiliencia, el PIB anual se situar\u00e1 hasta 3,4 puntos por encima de su nivel inercial. <\/p>\n<p class=\"ms-rteElement-Parrafo_Normal\"><strong>T<\/strong><strong>r<\/strong><strong>es objetivos para la recta final de los fondos europeos<\/strong><\/p>\n<p class=\"ms-rteElement-Parrafo_Normal\">El contexto geopol\u00edtico y econ\u00f3mico ha cambiado sustancialmente desde la aprobaci\u00f3n del Plan de Recuperaci\u00f3n en 2021 (invasi\u00f3n de Rusia a Ucrania, tensiones en Oriente Medio, inflaci\u00f3n, crisis energ\u00e9tica, necesidad de avanzar en autonom\u00eda estrat\u00e9gica), lo que ha exigido tambi\u00e9n adaptar las prioridades y el dise\u00f1o del Plan.<\/p>\n<p class=\"ms-rteElement-Parrafo_Normal\">La Adenda de Simplificaci\u00f3n se articula en torno a tres objetivos:<\/p>\n<p class=\"ms-rteElement-Parrafo_Normal\">1.<strong>R<\/strong><strong>edu<\/strong><strong>c<\/strong><strong>e la carga administrativa. Facilita la evaluaci\u00f3n y verificaci\u00f3n<\/strong> mediante la reformulaci\u00f3n de hitos y objetivos del Plan, centrada en elementos esenciales, eliminando duplicidades para facilitar su ejecuci\u00f3n. Se han modificado alrededor de 160 medidas. Ejemplos de ello son la eliminaci\u00f3n de: (i) lenguaje ambiguo o confuso, (ii) cualquier especificaci\u00f3n innecesaria para demostrar el cumplimiento de las medidas de los planes de recuperaci\u00f3n, (iii) hitos y objetivos intermedios.<\/p>\n<p class=\"ms-rteElement-Parrafo_Normal\">2. <strong>Re<\/strong><strong>fuerza las prioridades estrat\u00e9gicas<\/strong>. Ampl\u00eda inversiones que han demostrado una elevada ejecuci\u00f3n y prioriza \u00e1mbitos determinantes para la resiliencia econ\u00f3mica, por ejemplo, mediante la contribuci\u00f3n de 300 millones al programa europeo de supercomputaci\u00f3n o con 2.500 millones adicionales para un esquema de ayudas que movilizar\u00e1 inversiones vinculadas a la descarbonizaci\u00f3n o a la transici\u00f3n energ\u00e9tica.<\/p>\n<p class=\"ms-rteElement-Parrafo_Normal\">3. <strong>Mantiene el grado de ambici\u00f3n del Plan, maximizando el impacto econ\u00f3mico con un uso eficiente y responsable de los fondos disponibles<\/strong>: mantiene la ejecuci\u00f3n del 100% de las transferencias (en torno a 80.000 millones de euros) y rebaja la previsi\u00f3n de endeudamiento p\u00fablico a cerca de 22.800 millones de euros en pr\u00e9stamos europeos.<\/p>\n<p class=\"ms-rteElement-Parrafo_Normal\">Un elemento destacable de la adenda es que permitir\u00e1 ofrecer financiaci\u00f3n a las empresas para que puedan desarrollar sus inversiones m\u00e1s all\u00e1 de 2026, configurando una red de seguridad financiera nacional, con menor carga administrativa y coste financiero equivalente. En ese sentido, con la adenda se refuerza el capital del Instituto de Cr\u00e9dito Oficial (ICO) en m\u00e1s de 13.000 millones de euros para atender a las posibles necesidades de financiaci\u00f3n de nuestra econom\u00eda m\u00e1s all\u00e1 de 2026.<\/p>\n<p class=\"ms-rteElement-Parrafo_Normal\">Tras la simplificaci\u00f3n, quedar\u00e1n unos 230 hitos (de transferencias y pr\u00e9stamos) a desarrollar en los meses restantes del Plan de Recuperaci\u00f3n, que supondr\u00e1n un acceso a nuevos pagos por valor de en torno a 31.000 millones de euros de fondos europeos en 2026. <\/p>\n<p>Sanidad<a href=\"https:\/\/www.lamoncloa.gob.es\/consejodeministros\/referencias\/Paginas\/2025\/20251209-referencia-rueda-de-prensa-ministros.aspx\" name=\"salud\" id=\"salud\" onclick=\"javascript:GoogleTrackEvent(&#039;True&#039;,&#039;Contenido&#039;,&#039;Click&#039;,&#039;[https:\/\/www.lamoncloa.gob.es\/consejodeministros\/referencias\/Paginas\/2025\/20251209-referencia-rueda-de-prensa-ministros.aspx] EVALUACI\u00d3N DE LA SANIDAD PRIVADA EN EL SISTEMA NACIONAL DE SALUD . [\/consejodeministros\/referencias\/Paginas\/2025\/20251209-referencia-rueda-de-prensa-ministros.aspx]&#039;);\" rel=\"nofollow noopener\" target=\"_blank\">EVALUACI\u00d3N DE LA SANIDAD PRIVADA EN EL SISTEMA NACIONAL DE SALUD <\/a><\/p>\n<p class=\"ms-rteElement-Parrafo_Normal\">El Consejo de Ministros ha recibido el Informe 2025 sobre la evaluaci\u00f3n de la sanidad privada en el sistema sanitario de Espa\u00f1a (SNS), un an\u00e1lisis integral sobre la evoluci\u00f3n de la participaci\u00f3n privada en la prestaci\u00f3n de servicios sanitarios p\u00fablicos durante las dos \u00faltimas d\u00e9cadas.<\/p>\n<p class=\"ms-rteElement-Parrafo_Normal\">El estudio concluye que la colaboraci\u00f3n con entidades privadas ha pasado de ser un recurso excepcional para convertirse en una pr\u00e1ctica estructural, lo que implica desviar una parte creciente del presupuesto p\u00fablico a empresas cuya l\u00f3gica responde al beneficio en lugar de al inter\u00e9s general.<\/p>\n<p class=\"ms-rteElement-Parrafo_Normal\"><strong>Aumento del peso de la gesti\u00f3n privada en la red p\u00fablica<\/strong><\/p>\n<p class=\"ms-rteElement-Parrafo_Normal\">El n\u00famero de hospitales privados integrados en el SNS ha aumentado de 106 en 2011 a 145 en 2023, lo que representa un crecimiento del 36,8 %. Estos centros, considerados de dependencia funcional privada, ya suponen el 30,7 % del total de hospitales del SNS. <\/p>\n<p class=\"ms-rteElement-Parrafo_Normal\">Adem\u00e1s, la proporci\u00f3n de camas operativas que pertenece a los centros privados dentro del SNS ha pasado del 13,7 % en 2011 al 17,8 % en 2023 y la proporci\u00f3n de quir\u00f3fanos que pertenece a estos centros ha crecido del 8% al 10,7%. Este fen\u00f3meno se concentra especialmente en comunidades como Catalu\u00f1a y la Comunidad Foral de Navarra donde la red privada representa una parte sustancial de la infraestructura asistencial.<\/p>\n<p class=\"ms-rteElement-Parrafo_Normal\">El \u00fanico \u00e1mbito en el que la dotaci\u00f3n y la actividad asistencial aumenta en los hospitales privados que no pertenecen al SNS es en lo relacionado con la realizaci\u00f3n de pruebas diagn\u00f3sticas. <\/p>\n<p class=\"ms-rteElement-Parrafo_Normal\"><strong>Uso de fondos p\u00fablicos en centros sanitarios privados<\/strong><\/p>\n<p class=\"ms-rteElement-Parrafo_Normal\">En 2023, el 34,6% de las estancias hospitalarias y el 17,6 % de las altas registradas en centros de gesti\u00f3n privada no pertenecientes al SNS fueron financiadas con fondos p\u00fablicos. Asimismo, alrededor del 21 % de las intervenciones de cirug\u00eda mayor ambulatoria y de las sesiones de hospitalizaci\u00f3n de d\u00eda realizadas en estos centros recibieron financiaci\u00f3n del Sistema Nacional de Salud.<\/p>\n<p class=\"ms-rteElement-Parrafo_Normal\">El informe subraya que este modelo de colaboraci\u00f3n no ha demostrado mejoras significativas en eficiencia ni en resultados de salud y advierte sobre los riesgos que supone una transferencia progresiva de gasto p\u00fablico hacia la gesti\u00f3n privada en t\u00e9rminos de planificaci\u00f3n y control del sistema.<\/p>\n<p class=\"ms-rteElement-Parrafo_Normal\"><strong>Cobertura de los diagn\u00f3sticos m\u00e1s frecuentes por el SNS<\/strong><\/p>\n<p class=\"ms-rteElement-Parrafo_Normal\">El informe analiza en qu\u00e9 \u00e1mbito se abordan principalmente los casos de los diagn\u00f3sticos m\u00e1s frecuentes registrados en el sistema sanitario. En 2023, a nivel del conjunto del sistema sanitario, entre el 70-80 % de los contactos que se registraron de los diagn\u00f3sticos m\u00e1s prevalentes, como los traumatismos, las infecciones agudas del tracto respiratorio superior o el seguimiento de quimioterapia o inmunoterapia se atendieron en hospitales del Sistema Nacional de Salud.<\/p>\n<p class=\"ms-rteElement-Parrafo_Normal\">Al estudiar en qu\u00e9 centros hospitalarios se abordan los procesos asistenciales m\u00e1s costosos, como los relacionados con trasplantes, neonatos con bajo peso al nacer o procedimientos que requieren una traqueostom\u00eda u oxigenaci\u00f3n por membrana extracorp\u00f3rea, la cobertura por parte de hospitales del Sistema Nacional de Salud es, en la mayor\u00eda de los casos, superior al 95%. <\/p>\n<p class=\"ms-rteElement-Parrafo_Normal\">Riesgos estructurales identificados<\/p>\n<p class=\"ms-rteElement-Parrafo_Normal\">Entre los principales riesgos que el informe asocia a este modelo mixto destacan:<\/p>\n<ul class=\"ms-rteElement-Parrafo_Normal\">\n<li>Fragmentaci\u00f3n de la red asistencial.<\/li>\n<li>Brechas salariales y de condiciones laborales del personal.<\/li>\n<li>P\u00e9rdida de capacidad p\u00fablica de planificaci\u00f3n.<\/li>\n<li>Riesgos de sobrecoste y escasa trazabilidad en facturaci\u00f3n.<\/li>\n<li>Atenci\u00f3n selectiva por parte del sector privado, que concentra los casos menos complejos.<\/li>\n<\/ul>\n<p class=\"ms-rteElement-Parrafo_Normal\"><strong>Aseguramiento privado en expansi\u00f3n<\/strong><\/p>\n<p class=\"ms-rteElement-Parrafo_Normal\">El informe tambi\u00e9n recoge la evoluci\u00f3n del aseguramiento privado, que ha experimentado un notable crecimiento en los \u00faltimos a\u00f1os. En 2024, el 32,6 % de la poblaci\u00f3n espa\u00f1ola dispon\u00eda de un seguro m\u00e9dico privado, frente al 17,2 % en 2018, lo que representa un incremento casi el doble. Este aumento ha sido especialmente significativo en comunidades como Extremadura (+296,4 %), Ceuta (270,8 %), Cantabria (247,8 %) y la Comunidad Valenciana (234,8 %). <\/p>\n<p class=\"ms-rteElement-Parrafo_Normal\">A pesar de este incremento en el aseguramiento privado, los resultados muestran una proporci\u00f3n mayor de personas que prefieren acudir a los servicios sanitarios p\u00fablicos, especialmente en aquellos \u00e1mbitos relacionados con la atenci\u00f3n primaria (69,9 %) o con una mayor complejidad o gravedad, como la atenci\u00f3n urgente (72,6 %) y los ingresos hospitalarios (76,1 %). Estos datos se corresponden con un mayor porcentaje de personas que acudieron a centros sanitarios p\u00fablicos frente a privados en el \u00faltimo a\u00f1o en el \u00e1mbito de la atenci\u00f3n primaria (91,5 % frente a 32,0 %), los ingresos hospitalarios (75,9 % frente a 28,6 %) y la atenci\u00f3n urgente (86,4 % frente a 26,0 %).<\/p>\n<p class=\"ms-rteElement-Parrafo_Normal\">El documento identifica la pandemia de COVID-19 como un punto de inflexi\u00f3n en esta tendencia. A partir de 2020, se aceler\u00f3 la contrataci\u00f3n de p\u00f3lizas privadas como respuesta a la percepci\u00f3n de saturaci\u00f3n del sistema p\u00fablico, el incremento de los tiempos de espera y la b\u00fasqueda de una atenci\u00f3n m\u00e1s r\u00e1pida y accesible, especialmente en consultas diagn\u00f3sticas y especializadas.<\/p>\n<p class=\"ms-rteElement-Parrafo_Normal\">Este fen\u00f3meno, unido al crecimiento de la provisi\u00f3n privada dentro del SNS, configura un escenario en el que el sistema sanitario p\u00fablico comparte cada vez m\u00e1s funciones asistenciales y recursos con operadores privados. Ante esta realidad, el Ministerio de Sanidad subraya la necesidad de reforzar la planificaci\u00f3n p\u00fablica, garantizar la equidad territorial y asegurar que toda financiaci\u00f3n p\u00fablica -directa o indirecta- se destine exclusivamente al inter\u00e9s general y a los principios que rigen el Sistema Nacional de Salud.<\/p>\n<p class=\"ms-rteElement-Parrafo_Normal\"><strong>Conclusi\u00f3n: refuerzo de la sanidad p\u00fablica<\/strong><\/p>\n<p class=\"ms-rteElement-Parrafo_Normal\">El informe concluye que, aunque el sistema p\u00fablico sigue siendo el principal garante del derecho a la salud, la tendencia actual debilita los principios fundacionales del SNS. Por ello recomienda: <\/p>\n<ul class=\"ms-rteElement-Parrafo_Normal\">\n<li>Reforzar los mecanismos de auditor\u00eda y control de la actividad privada financiada con recursos p\u00fablicos.<\/li>\n<li>Exigir a los centros concertados la publicaci\u00f3n sistem\u00e1tica de indicadores cl\u00ednicos.<\/li>\n<li>Promover la gesti\u00f3n p\u00fablica directa como la opci\u00f3n preferente de prestaci\u00f3n de servicios sanitarios para unos mejores resultados en salud y un control \u00f3ptimo de los recursos p\u00fablicos.<\/li>\n<\/ul>\n<p>Para la Transformaci\u00f3n Digital y de la Funci\u00f3n P\u00fablica<a href=\"https:\/\/www.lamoncloa.gob.es\/consejodeministros\/referencias\/Paginas\/2025\/20251209-referencia-rueda-de-prensa-ministros.aspx\" name=\"ocde\" id=\"ocde\" onclick=\"javascript:GoogleTrackEvent(&#039;True&#039;,&#039;Contenido&#039;,&#039;Click&#039;,&#039;[https:\/\/www.lamoncloa.gob.es\/consejodeministros\/referencias\/Paginas\/2025\/20251209-referencia-rueda-de-prensa-ministros.aspx] CONTRIBUCI\u00d3N AL &#039;ESTUDIO DE LA OCDE SOBRE GOBIERNO ABIERTO-ESPA\u00d1A&#039;. [\/consejodeministros\/referencias\/Paginas\/2025\/20251209-referencia-rueda-de-prensa-ministros.aspx]&#039;);\" rel=\"nofollow noopener\" target=\"_blank\">CONTRIBUCI\u00d3N AL &#8216;ESTUDIO DE LA OCDE SOBRE GOBIERNO ABIERTO-ESPA\u00d1A&#8217;<\/a><\/p>\n<p class=\"ms-rteElement-Parrafo_Normal\">El Consejo de ministros ha autorizado al Ministerio para la Transformaci\u00f3n Digital y de la Funci\u00f3n P\u00fablica al pago de 300.000 euros como contribuci\u00f3n al programa internacional &#8216;Estudio de la OCDE sobre Gobierno Abierto-Espa\u00f1a. Hacia una Estrategia de Gobierno Abierto para la Administraci\u00f3n General del Estado\u00bb.<\/p>\n<p class=\"ms-rteElement-Parrafo_Normal\">Este estudio tiene como prioridad principal apoyar a Espa\u00f1a en la reforma de la administraci\u00f3n central, brindando una perspectiva externa para establecer una Estrategia de Gobierno Abierto y crear sinergias con otras iniciativas y otros procesos administrativos, institucionales y legales relevantes.<\/p>\n<p class=\"ms-rteElement-Parrafo_Normal\">Concretamente, el estudio apoyar\u00e1 a Espa\u00f1a en:<\/p>\n<ul class=\"ms-rteElement-Parrafo_Normal\">\n<li>Consolidar el movimiento del pa\u00eds hacia un gobierno abierto y una administraci\u00f3n abierta. <\/li>\n<li>Implementar los principios de gobierno abierto en todas las ramas de la administraci\u00f3n central, en coordinaci\u00f3n con todos los niveles de gobierno, nacional y local, as\u00ed como reforzar la participaci\u00f3n ciudadana y el espacio c\u00edvico.<\/li>\n<li>Hacer un balance de a\u00f1os de implementaci\u00f3n de reformas de gobierno abierto y fortalecer las sinergias existentes.<\/li>\n<li>Identificar mejores pr\u00e1cticas con el fin de replicarlas en diferentes niveles de gobierno e internacionalmente.<\/li>\n<\/ul>\n<p class=\"ms-rteElement-Parrafo_Normal\">Espa\u00f1a ha colaborado estrechamente con la OCDE en el \u00e1mbito del gobierno abierto desde hace muchos a\u00f1os, participando activamente en la elaboraci\u00f3n de la Recomendaci\u00f3n de Gobierno Abierto y siendo uno de los miembros m\u00e1s activos del Grupo de Trabajo de la OCDE sobre Gobierno Abierto. <\/p>\n<p class=\"ms-rteElement-Parrafo_Normal\">Tambi\u00e9n ha cooperado a trav\u00e9s de proyectos a nivel regional y local, como lo ejemplifica los informes de la OCDE de Gobierno Abierto de Vizcaya\/Bizkaia, y la Promoci\u00f3n de la democracia deliberativa en el Pa\u00eds Vasco en Espa\u00f1a, as\u00ed como un proyecto conjunto con Portugal y Pa\u00edses Bajos sobre el uso de tecnolog\u00edas emergentes para la participaci\u00f3n ciudadana.<\/p>\n<p class=\"ms-rteElement-Parrafo_Normal\">Espa\u00f1a forma parte de la Alianza para el Gobierno Abierto (OGP) desde su fundaci\u00f3n en 2011. Esta alianza agrupa a l\u00edderes gubernamentales y defensores de la sociedad civil que se unieron para promover una gobernanza transparente, participativa, inclusiva y responsable. En la OGP est\u00e1n 74 pa\u00edses y 150 gobiernos locales, que representan a m\u00e1s de 2.000 millones de personas, y miles de organizaciones de la sociedad civil. En Espa\u00f1a se han implementado cuatro Planes de Acci\u00f3n para fomentar la participaci\u00f3n ciudadana, transparencia, integridad y sensibilizaci\u00f3n social, en colaboraci\u00f3n con la Administraci\u00f3n General del Estado, otras administraciones p\u00fablicas y la sociedad civil. El pasado 6 de octubre de 2025, el Foro de Gobierno Abierto aprob\u00f3 el actualmente vigente V Plan de Gobierno Abierto 2025-2029, en el que figura este Estudio de la OCDE.<\/p>\n<p class=\"ms-rteElement-Parrafo_Normal\">Por otra parte, el Plan Estatal de Lucha contra la Corrupci\u00f3n da cumplimiento a los compromisos adquiridos en la Ley de Protecci\u00f3n del informante y despliega una estrategia de acci\u00f3n en materia de transparencia, buen gobierno de las Administraciones, combate a la corrupci\u00f3n e incorpora importantes aportaciones de la sociedad civil, a trav\u00e9s del trabajo conjunto con el Foro de Gobierno Abierto, y de expertos de anticorrupci\u00f3n e integridad en el Gobierno de la OCDE.<\/p>\n<p>BIOGRAF\u00cdASPresidencia del GobiernoFiscal general del Estado<a href=\"https:\/\/www.lamoncloa.gob.es\/consejodeministros\/referencias\/Paginas\/2025\/20251209-referencia-rueda-de-prensa-ministros.aspx\" name=\"teresa\" id=\"teresa\" onclick=\"javascript:GoogleTrackEvent(&#039;True&#039;,&#039;Contenido&#039;,&#039;Click&#039;,&#039;[https:\/\/www.lamoncloa.gob.es\/consejodeministros\/referencias\/Paginas\/2025\/20251209-referencia-rueda-de-prensa-ministros.aspx] D\u00aa. TERESA PERAMATO MART\u00cdN. [\/consejodeministros\/referencias\/Paginas\/2025\/20251209-referencia-rueda-de-prensa-ministros.aspx]&#039;);\" rel=\"nofollow noopener\" target=\"_blank\">D\u00aa. TERESA PERAMATO MART\u00cdN<\/a><\/p>\n<p class=\"ms-rteElement-Parrafo_Normal\">Ingres\u00f3 en la carrera fiscal en 1990 y, tras su paso por diversas Fiscal\u00edas (Tenerife, Valladolid y Barcelona), se traslad\u00f3 a la Fiscal\u00eda Provincial de Madrid, destino en el que, en 2005, fue nombrada fiscal delegada para la Secci\u00f3n de Violencia sobre la Mujer. Tambi\u00e9n fue miembro del grupo de expertos del Observatorio Estatal de Violencia contra la Mujer que elabor\u00f3 el primer informe anual de este organismo en 2007.<\/p>\n<p class=\"ms-rteElement-Parrafo_Normal\">En 2018 pas\u00f3 a ocupar el cargo de fiscal adscrita a la Fiscal\u00eda ante el Tribunal Constitucional. Y en mayo de 2021 fue nombrada Fiscal de Sala contra la Violencia sobre la Mujer, cargo que ocup\u00f3 hasta enero de 2025. <\/p>\n<p class=\"ms-rteElement-Parrafo_Normal\">El 15 de enero de 2025 fue nombrada fiscal de Sala jefa de la Fiscal\u00eda del Tribunal Supremo (Secci\u00f3n Penal) y el 12 de marzo de 2025 ha sido nombrada fiscal de Sala Delegada para la Protecci\u00f3n y Tutela de las V\u00edctimas en el proceso penal.<\/p>\n<p>Vivienda y Agenda UrbanaPresidenta de CASA 47 Entidad P\u00fablica Empresarial<a href=\"https:\/\/www.lamoncloa.gob.es\/consejodeministros\/referencias\/Paginas\/2025\/20251209-referencia-rueda-de-prensa-ministros.aspx\" name=\"leire\" id=\"leire\" onclick=\"javascript:GoogleTrackEvent(&#039;True&#039;,&#039;Contenido&#039;,&#039;Click&#039;,&#039;[https:\/\/www.lamoncloa.gob.es\/consejodeministros\/referencias\/Paginas\/2025\/20251209-referencia-rueda-de-prensa-ministros.aspx] D\u00aa. LEIRE IGLESIAS SANTIAGO. [\/consejodeministros\/referencias\/Paginas\/2025\/20251209-referencia-rueda-de-prensa-ministros.aspx]&#039;);\" rel=\"nofollow noopener\" target=\"_blank\">D\u00aa. LEIRE IGLESIAS SANTIAGO<\/a><\/p>\n<p class=\"ms-rteElement-Parrafo_Normal\">Directora general de SEPES desde diciembre de 2023. Fue consejera de Movilidad, Transporte y Vivienda de Extremadura (2019-2023) y consejera de Cultura e Igualdad de Extremadura.<\/p>\n<p class=\"ms-rteElement-Parrafo_Normal\">Fue diputada en el Congreso en la X legislatura y secretaria general adjunta de la OIJ (2001-2009), organismo internacional que promueve la cooperaci\u00f3n iberoamericana, adem\u00e1s directora general del INJUVE (2004 -2008). Procedente del movimiento asociativo, tambi\u00e9n fue concejala en el Ayuntamiento de C\u00e1ceres y directora general de Juventud de la Junta de Extremadura.<\/p>\n<p>CulturaDirector general de Artes Esc\u00e9nicas y M\u00fasica<a href=\"https:\/\/www.lamoncloa.gob.es\/consejodeministros\/referencias\/Paginas\/2025\/20251209-referencia-rueda-de-prensa-ministros.aspx\" name=\"javier\" id=\"javier\" onclick=\"javascript:GoogleTrackEvent(&#039;True&#039;,&#039;Contenido&#039;,&#039;Click&#039;,&#039;[https:\/\/www.lamoncloa.gob.es\/consejodeministros\/referencias\/Paginas\/2025\/20251209-referencia-rueda-de-prensa-ministros.aspx] D. JAVIER MONSALVE IGLESIAS. [\/consejodeministros\/referencias\/Paginas\/2025\/20251209-referencia-rueda-de-prensa-ministros.aspx]&#039;);\" rel=\"nofollow noopener\" target=\"_blank\">D. JAVIER MONSALVE IGLESIAS<\/a><\/p>\n<p class=\"ms-rteElement-Parrafo_Normal\">Funcionario del Cuerpo Superior de Administradores Civiles del Estado desde el a\u00f1o 2017 y graduado en Psicolog\u00eda (2014) por la Universidad de Granada. Ha cursado el m\u00e1ster universitario en Administraci\u00f3n Civil del Estado en la Universidad Men\u00e9ndez Pelayo-INAP y el m\u00e1ster universitario en Democracia y Gobierno por la Universidad Aut\u00f3noma de Madrid.<\/p>\n<p class=\"ms-rteElement-Parrafo_Normal\">Ocupa actualmente el puesto de jefe del Gabinete T\u00e9cnico de la Subsecretaria de Cultura y ha trabajado previamente en la Direcci\u00f3n General de la Funci\u00f3n P\u00fablica, en la Secretar\u00eda General del Instituto Espa\u00f1ol de Oceanograf\u00eda y en el Gabinete de la ministra de Educaci\u00f3n, Formaci\u00f3n Profesional y Deporte.<\/p>\n<p>Para la Transformaci\u00f3n Digital y de la Funci\u00f3n P\u00fablica Directora general de Gobernanza P\u00fablica<a href=\"https:\/\/www.lamoncloa.gob.es\/consejodeministros\/referencias\/Paginas\/2025\/20251209-referencia-rueda-de-prensa-ministros.aspx\" name=\"maria\" id=\"maria\" onclick=\"javascript:GoogleTrackEvent(&#039;True&#039;,&#039;Contenido&#039;,&#039;Click&#039;,&#039;[https:\/\/www.lamoncloa.gob.es\/consejodeministros\/referencias\/Paginas\/2025\/20251209-referencia-rueda-de-prensa-ministros.aspx] D\u00aa. MAR\u00cdA DE LOS REYES FEITO CASTELLANO. [\/consejodeministros\/referencias\/Paginas\/2025\/20251209-referencia-rueda-de-prensa-ministros.aspx]&#039;);\" rel=\"nofollow noopener\" target=\"_blank\">D\u00aa. MAR\u00cdA DE LOS REYES FEITO CASTELLANO<\/a><\/p>\n<p class=\"ms-rteElement-Parrafo_Normal\">Funcionaria del Cuerpo Superior de la Inspecci\u00f3n de Trabajo y Seguridad Social. Licenciada en Derecho por la Universidad Aut\u00f3noma de Madrid, cuenta con formaci\u00f3n especializada en gesti\u00f3n p\u00fablica, direcci\u00f3n y t\u00e9cnicas directivas y an\u00e1lisis de pol\u00edticas p\u00fablicas impartida por el INAP, ESADE y la Universidad Carlos III.<\/p>\n<p class=\"ms-rteElement-Parrafo_Normal\">Ha desempe\u00f1ado diversos puestos directivos en la Administraci\u00f3n General del Estado en los Ministerios de Defensa, Cultura, Administraciones P\u00fablicas, Ciencia y Tecnolog\u00eda y Turismo, donde ha ejercido funciones de planificaci\u00f3n estrat\u00e9gica, gesti\u00f3n de recursos humanos, modernizaci\u00f3n administrativa, contrataci\u00f3n p\u00fablica, gesti\u00f3n de subvenciones y servicios comunes. Entre otros puestos, ha sido subdirectora general de Sostenibilidad Ambiental y Eficiencia Energ\u00e9tica en el Ministerio de Defensa; subdirectora general de Promoci\u00f3n de Industrias Culturales y posteriormente jefa de Gabinete T\u00e9cnico de la Subsecretar\u00eda en el Ministerio de Cultura; y subdirectora general de Oficial\u00eda Mayor y de Gesti\u00f3n de Personal en el Ministerio de Administraciones P\u00fablicas.<\/p>\n<p class=\"ms-rteElement-Parrafo_Normal\">Desde 2017 ocupa el puesto de subdirectora de Recursos Humanos y Gesti\u00f3n Econ\u00f3mica y Patrimonial de la Comisi\u00f3n Nacional de los Mercados y la Competencia, donde ha dirigido \u00e1reas de recursos humanos, contrataci\u00f3n, patrimonio, servicios generales, seguridad, gesti\u00f3n econ\u00f3mica y planificaci\u00f3n presupuestaria, impulsando adem\u00e1s la simplificaci\u00f3n de procedimientos, la digitalizaci\u00f3n y la modernizaci\u00f3n administrativa del organismo.<\/p>\n<p><\/p>\n","protected":false},"excerpt":{"rendered":"La Moncloa SUMARIOHacienda Compromisos del Plan de Recuperaci\u00f3n, Transformaci\u00f3n y Resiliencia (C12, I2). ACUERDO por el que se&hellip;\n","protected":false},"author":2,"featured_media":153856,"comment_status":"","ping_status":"","sticky":false,"template":"","format":"standard","meta":{"footnotes":""},"categories":[5],"tags":[17,18,12493,25,24,13,14,11,19,20,9,10,15,16,14906,23,12,21,22],"class_list":{"0":"post-279948","1":"post","2":"type-post","3":"status-publish","4":"format-standard","5":"has-post-thumbnail","7":"category-titulares","8":"tag-breaking-news","9":"tag-breakingnews","10":"tag-consejo-de-ministros","11":"tag-es","12":"tag-espana","13":"tag-featured-news","14":"tag-featurednews","15":"tag-headlines","16":"tag-latest-news","17":"tag-latestnews","18":"tag-news","19":"tag-noticias","20":"tag-noticias-destacadas","21":"tag-noticiasdestacadas","22":"tag-referencias","23":"tag-spain","24":"tag-titulares","25":"tag-ultimas-noticias","26":"tag-ultimasnoticias"},"share_on_mastodon":{"url":"https:\/\/pubeurope.com\/@es\/115691272717991910","error":""},"_links":{"self":[{"href":"https:\/\/www.europesays.com\/es\/wp-json\/wp\/v2\/posts\/279948","targetHints":{"allow":["GET"]}}],"collection":[{"href":"https:\/\/www.europesays.com\/es\/wp-json\/wp\/v2\/posts"}],"about":[{"href":"https:\/\/www.europesays.com\/es\/wp-json\/wp\/v2\/types\/post"}],"author":[{"embeddable":true,"href":"https:\/\/www.europesays.com\/es\/wp-json\/wp\/v2\/users\/2"}],"replies":[{"embeddable":true,"href":"https:\/\/www.europesays.com\/es\/wp-json\/wp\/v2\/comments?post=279948"}],"version-history":[{"count":0,"href":"https:\/\/www.europesays.com\/es\/wp-json\/wp\/v2\/posts\/279948\/revisions"}],"wp:featuredmedia":[{"embeddable":true,"href":"https:\/\/www.europesays.com\/es\/wp-json\/wp\/v2\/media\/153856"}],"wp:attachment":[{"href":"https:\/\/www.europesays.com\/es\/wp-json\/wp\/v2\/media?parent=279948"}],"wp:term":[{"taxonomy":"category","embeddable":true,"href":"https:\/\/www.europesays.com\/es\/wp-json\/wp\/v2\/categories?post=279948"},{"taxonomy":"post_tag","embeddable":true,"href":"https:\/\/www.europesays.com\/es\/wp-json\/wp\/v2\/tags?post=279948"}],"curies":[{"name":"wp","href":"https:\/\/api.w.org\/{rel}","templated":true}]}}