{"id":279951,"date":"2025-12-09T19:35:08","date_gmt":"2025-12-09T19:35:08","guid":{"rendered":"https:\/\/www.europesays.com\/es\/279951\/"},"modified":"2025-12-09T19:35:08","modified_gmt":"2025-12-09T19:35:08","slug":"alcaraz-prepara-ya-2026-haciendo-caja","status":"publish","type":"post","link":"https:\/\/www.europesays.com\/es\/279951\/","title":{"rendered":"Alcaraz prepara ya 2026 haciendo caja"},"content":{"rendered":"<p style=\"\">La <a href=\"https:\/\/www.abc.es\/deportes\/tenis\/envenenado-legado-pique-20251122181406-nt.html\" target=\"_blank\" data-voc-vtm-id=\"in-text-traffic\" title=\"Copa Davis\" rel=\"nofollow noopener\">Copa Davis<\/a> marca el final de la temporada de tenis, a mitad de noviembre. Hasta hace unos a\u00f1os, diciembre era pr\u00e1cticamente inh\u00e1bil, dispersos los jugadores en sus lugares de vacaciones y recluidos despu\u00e9s con sus planes de pretemporada. Era a finales de mes  &#8230; cuando comenzaban a asomar los torneos de exhibici\u00f3n, como el de Doha, que significaba la vuelta al cole. Pero ya no hay un par\u00f3n tan largo, una ausencia de tenis tan prolongada, porque se multiplican las actuaciones oficiosas que permiten a los jugadores mezclar vacaciones y una ligera puesta a punto mientras, tambi\u00e9n, engrosan su cuenta bancaria.<\/p>\n<p class=\"voc-p\" style=\"\"><strong>Carlos Alcaraz<\/strong>, por ejemplo, finaliz\u00f3 su 2025 con una semana de antelaci\u00f3n, <a href=\"https:\/\/www.abc.es\/deportes\/tenis\/alcaraz-jugara-copa-davis-espana-20251118082907-nt.html\" target=\"_blank\" data-voc-vtm-id=\"in-text-traffic\" title=\"ausente en la Copa Davis\" data-mrf-link=\"www.abc.es\" rel=\"nofollow noopener\">ausente en la Copa Davis<\/a> por un edema en el isquiotibial derecho. Ha pasado unos d\u00edas de asueto con su familia, pero no se olvid\u00f3 la raqueta en casa. Al contrario, la sac\u00f3 a pasear delante de un Prudential Center abarrotado que pag\u00f3 hasta 290 d\u00f3lares por verlo jugar, y perder, un partido  contra <strong>Frances Tiafoe<\/strong> en Nueva Jersey. Al d\u00eda siguiente, eran los aficionados de Miami los que acudieron en masa al LoanDeport Park para verlo jugar, y ganar, en el duelo contra <strong>Joao Fonseca<\/strong>. Entre medias, entrenamientos de risas con Ronaldo Nazario y homenajes de ida y vuelta con Messi, que recibi\u00f3 de manos del murciano el trofeo de campe\u00f3n de liga con el Inter de Miami.<\/p>\n<p class=\"voc-p\" style=\"\">Estos d\u00edas se han paseado por la Madison Square Cup -qu\u00e9 gan\u00f3 Alcaraz el a\u00f1o pasado, a Shelton- <strong>Aryna Sabalenka, Naomi Osaka, Nick Kyrgios y Tommy Paul<\/strong> en modo partido de diversi\u00f3n y con un cheque de un mill\u00f3n de d\u00f3lares para cada participante. Alex de Mi\u00f1aur, Jack Draper, Andrey Rublev, Casper Ruud disputaron esta semana el <a href=\"https:\/\/www.uts.live\/league-2025\/london-grand-final-2025\/\" target=\"_blank\" data-voc-vtm-id=\"in-text-traffic\" title=\"UTS Grand Final\" data-mrf-link=\"www.uts.live\" rel=\"nofollow noopener\">UTS Grand Final<\/a>, con partidos de cuatro cuartos de ocho minutos, y un mill\u00f3n y medio de euros a repartir. <\/p>\n<p class=\"voc-p\" style=\"\">Una pretemporada diferente que reporta diversi\u00f3n, un entrenamiento con los mejores del mundo, risas y sustanciosos alicientes. Alcaraz ha terminado 2025 como el mejor pagado de la ATP por segundo a\u00f1o consecutivo. A los 16 millones de euros ganados en la pistas, la revista Forbes estima <strong>otros 35 en concepto de patrocinios y exhibiciones<\/strong> entre otros conceptos. Pero que suman m\u00e1s partidos para los jugadores m\u00e1s top que, curiosamente, tambi\u00e9n vierten constantes cr\u00edticas sobre lo cargado del calendario.<\/p>\n<p class=\"voc-p\" style=\"\">El objetivo, no obstante, es claro: el Abierto de Australia (18 de enero-1 de febrero). Quiere el murciano un nuevo tatuaje para inmortalizar este Grand Slam que se le resiste: en el que debut\u00f3 hasta la segunda ronda en 2021; en el que no pudo con un partido a cinco sets ante Berrettini en 2022; al que no acudi\u00f3 por lesi\u00f3n en 2023; en el que choc\u00f3 con Zverev en cuartos en 2024; y en el que Djokovic lo fren\u00f3 en las semifinales de 2025.<\/p>\n<p class=\"voc-p\" style=\"\">Pero antes, otra exhibici\u00f3n. El d\u00eda 10 y en Se\u00fal, <a href=\"https:\/\/www.abc.es\/deportes\/tenis\/alcaraz-choca-sinner-majestuoso-territorio-20251116203438-nt.html\" target=\"_blank\" data-voc-vtm-id=\"in-text-traffic\" title=\"contra Jannik Sinner\" data-mrf-link=\"www.abc.es\" rel=\"nofollow noopener\">contra Jannik Sinner<\/a>, ese partido que todos los torneos anhelan para sus finales y que incluso los protagonistas desean que se repita una y otra vez. La historia ha dejado grandes duelos entre los mejores del momento: ese Federer-Agassi en lo m\u00e1s alto del edificio Burj Al Arab de Dub\u00e1i; y aquel ic\u00f3nico entre Federer y Nadal con mitad pista de hierba y mitad pista de tierra batida denominada la \u00abBatalla de las superficies\u00bb en 2007.<\/p>\n","protected":false},"excerpt":{"rendered":"La Copa Davis marca el final de la temporada de tenis, a mitad de noviembre. Hasta hace unos&hellip;\n","protected":false},"author":2,"featured_media":279952,"comment_status":"","ping_status":"","sticky":false,"template":"","format":"standard","meta":{"footnotes":""},"categories":[274],"tags":[3076,4736,8221,168,25,24,4133,5936,23,167,327,326],"class_list":{"0":"post-279951","1":"post","2":"type-post","3":"status-publish","4":"format-standard","5":"has-post-thumbnail","7":"category-tenis","8":"tag-3076","9":"tag-alcaraz","10":"tag-caja","11":"tag-deportes","12":"tag-es","13":"tag-espana","14":"tag-haciendo","15":"tag-prepara","16":"tag-spain","17":"tag-sports","18":"tag-tenis","19":"tag-tennis"},"share_on_mastodon":{"url":"https:\/\/pubeurope.com\/@es\/115691292282864765","error":""},"_links":{"self":[{"href":"https:\/\/www.europesays.com\/es\/wp-json\/wp\/v2\/posts\/279951","targetHints":{"allow":["GET"]}}],"collection":[{"href":"https:\/\/www.europesays.com\/es\/wp-json\/wp\/v2\/posts"}],"about":[{"href":"https:\/\/www.europesays.com\/es\/wp-json\/wp\/v2\/types\/post"}],"author":[{"embeddable":true,"href":"https:\/\/www.europesays.com\/es\/wp-json\/wp\/v2\/users\/2"}],"replies":[{"embeddable":true,"href":"https:\/\/www.europesays.com\/es\/wp-json\/wp\/v2\/comments?post=279951"}],"version-history":[{"count":0,"href":"https:\/\/www.europesays.com\/es\/wp-json\/wp\/v2\/posts\/279951\/revisions"}],"wp:featuredmedia":[{"embeddable":true,"href":"https:\/\/www.europesays.com\/es\/wp-json\/wp\/v2\/media\/279952"}],"wp:attachment":[{"href":"https:\/\/www.europesays.com\/es\/wp-json\/wp\/v2\/media?parent=279951"}],"wp:term":[{"taxonomy":"category","embeddable":true,"href":"https:\/\/www.europesays.com\/es\/wp-json\/wp\/v2\/categories?post=279951"},{"taxonomy":"post_tag","embeddable":true,"href":"https:\/\/www.europesays.com\/es\/wp-json\/wp\/v2\/tags?post=279951"}],"curies":[{"name":"wp","href":"https:\/\/api.w.org\/{rel}","templated":true}]}}