{"id":279953,"date":"2025-12-09T19:36:10","date_gmt":"2025-12-09T19:36:10","guid":{"rendered":"https:\/\/www.europesays.com\/es\/279953\/"},"modified":"2025-12-09T19:36:10","modified_gmt":"2025-12-09T19:36:10","slug":"el-israel-ya-es-pasado-del-ciclismo-el-nsn-de-iniesta-se-presenta-con-nuevo-maillot-en-barcelona-eurosport","status":"publish","type":"post","link":"https:\/\/www.europesays.com\/es\/279953\/","title":{"rendered":"El Israel ya es pasado del ciclismo: El NSN de Iniesta se presenta con nuevo maillot en Barcelona &#8211; Eurosport"},"content":{"rendered":"<ol>\n<li><a href=\"https:\/\/news.google.com\/rss\/articles\/CBMiwwFBVV95cUxQRlF1aEhqSzY1N3dvYi1DNGRqT1dNV3BPakNpV01TazNDZlN3UUthU1VIbldZMmlKWHdZNjNmdml1S09haEZ0R18xRlkyaThVWW5vS2JkS1F0bVYyVTNJMFBpM1dVN0twM29NemxDMVZqdkphdWN1WjFweklsU2Z2Z25mRFdtb05DLWIzNWpjMHBod3dQMG1tOHVHdnJoNFJEUzZDU0prdWhDT25xRk1JX3dGWWdDTHp0eHZLblF3WDVjLTg?oc=5\" target=\"_blank\" rel=\"nofollow noopener\">El Israel ya es pasado del ciclismo: El NSN de Iniesta se presenta con nuevo maillot en Barcelona<\/a>&nbsp;&nbsp;Eurosport<\/li>\n<li><a href=\"https:\/\/news.google.com\/rss\/articles\/CBMihwJBVV95cUxQcTdfMjZXVWJ5bHotYXljeC1PRGdyM29GZ3p6eWJSN3ZxNGZUbk5kb0k0X0dMLUxGVmwxNTYxeUJkTGZhQzlvUjdTVnZ4Nk1TYXpoSVVqQVROTm5CQWVIRU1lNzZGY0xzQTl6ZXVEejJ4dzhkVGI3WWtoU2REWnpIajJWT1AwaWJUOWt1bGM5UkdTTnFHN1NZa1hxZXhjbUxObzl4NG9BaFRhaWxpMWM5aWVNRzJ1dVVXcnU3N09OcVJXXzh0QV9wZ1IwUmNXcHhGRlZzdDdhUWFldmNwMVpWZlhFRnQ3UlFUVi1pSEJ4NjVURnJjNkVBT05jRUozWWZwTl9GWHF3Zw?oc=5\" target=\"_blank\" rel=\"nofollow noopener\">Andr\u00e9s Iniesta sit\u00faa Barcelona en el epicentro del ciclismo mundial: \u201cMe ha acompa\u00f1ado siempre en mi vida, m\u00e1s all\u00e1 del f\u00fatbol\u201d<\/a>&nbsp;&nbsp;EL PA\u00cdS<\/li>\n<li><a href=\"https:\/\/news.google.com\/rss\/articles\/CBMiiAFBVV95cUxNRmNlem1kZFBHVUVJd3B1NnBiS2d1OXR5SC1sZXFJYmlSdy15Rk9DUGpLMmVfcmliR2RFRHdQVEZ4bF90bnZBRlk2OXdZTmd2NU5tV2JKYm1KeHJfZVA2ZlAyaWxsa1FRR0k2UDFveVdDeXN4Q0JrbHE0SVJ4U2RuVGtscHZBdTBz0gGIAUFVX3lxTE5rakZWMUxMY0pfajFEYUFqZDJYcXFmNXpOUmN0VTkxYUZnaXlEQVpuOXJjZmpocjBTQmxPc2lYc05TSFFJRmJaYy14Rl96dDd6TEh4T0dNU3oyR2lRc3FQWmlnQjZ6TWhnZFVINlhjTVUwVExEcy01SUlXZEYyTUM5c3Yzb05YRjY?oc=5\" target=\"_blank\" rel=\"nofollow noopener\">Andr\u00e9s Iniesta: \u00abMi abuelo me inculc\u00f3 la pasi\u00f3n por el ciclismo\u00bb<\/a>&nbsp;&nbsp;El Mundo<\/li>\n<li><a href=\"https:\/\/news.google.com\/rss\/articles\/CBMiywFBVV95cUxOODk1VDN6R3JOU2dQTnUtRC1Rc0hCd1RyMkQ5dHhWU0o2TUFldnJBVnY1ZjRabVU2aFQyQ3MxbzJ1MmQyb2c2Tm5qelE5VS1nMVJWV1BWR2Iwbk5TR2puZU5rbUt2M0Q5RUI4T1ktckxCcmlCRF8wOVI3V1dOMlVPRXA2bl82c1RLVmZNTkkzYzhpc0d1QTM4eFpDcVgwaUtxd3JWdWV0c2hBUmd4Tkxpbkl5cjF1REhKN0otbnpDazRjR1NvTUNrU2R1cw?oc=5\" target=\"_blank\" rel=\"nofollow noopener\">Girmay lidera el NSN, el nuevo equipo ciclista de Iniesta: \u201cPodemos hacer grandes cosas\u201d<\/a>&nbsp;&nbsp;La Vanguardia<\/li>\n<li><a href=\"https:\/\/news.google.com\/rss\/articles\/CBMipAFBVV95cUxPVmtZM1ltakRQRFVPNGk4R1BwNk95eTY4eF8xdmdYd2dzN0VIa01wQ1diUE9ERVBmc2RtNXNQMFQ1b1ROMUtZWmNkZWU1R3RmM0NNQVNJRkJDa3c4cl95ZERuem8wdkVSeXMtSk9pYURGY2Fka3lMY2FhMWJCNWtkMUVnRGFsd21ZRklidWRRS05QTTFSV1Zaa2x6V19HRHctNXFXMg?oc=5\" target=\"_blank\" rel=\"nofollow noopener\">NSN Cycling Team desvela la nueva y rompedora imagen: colores muy llamativos<\/a>&nbsp;&nbsp;Zikloland<\/li>\n<\/ol>\n","protected":false},"excerpt":{"rendered":"El Israel ya es pasado del ciclismo: El NSN de Iniesta se presenta con nuevo maillot en Barcelona&nbsp;&nbsp;Eurosport&hellip;\n","protected":false},"author":2,"featured_media":248356,"comment_status":"","ping_status":"","sticky":false,"template":"","format":"standard","meta":{"footnotes":""},"categories":[273],"tags":[313,312,168,25,24,23,167],"class_list":{"0":"post-279953","1":"post","2":"type-post","3":"status-publish","4":"format-standard","5":"has-post-thumbnail","7":"category-ciclismo","8":"tag-ciclismo","9":"tag-cycling","10":"tag-deportes","11":"tag-es","12":"tag-espana","13":"tag-spain","14":"tag-sports"},"share_on_mastodon":{"url":"https:\/\/pubeurope.com\/@es\/115691296101833618","error":""},"_links":{"self":[{"href":"https:\/\/www.europesays.com\/es\/wp-json\/wp\/v2\/posts\/279953","targetHints":{"allow":["GET"]}}],"collection":[{"href":"https:\/\/www.europesays.com\/es\/wp-json\/wp\/v2\/posts"}],"about":[{"href":"https:\/\/www.europesays.com\/es\/wp-json\/wp\/v2\/types\/post"}],"author":[{"embeddable":true,"href":"https:\/\/www.europesays.com\/es\/wp-json\/wp\/v2\/users\/2"}],"replies":[{"embeddable":true,"href":"https:\/\/www.europesays.com\/es\/wp-json\/wp\/v2\/comments?post=279953"}],"version-history":[{"count":0,"href":"https:\/\/www.europesays.com\/es\/wp-json\/wp\/v2\/posts\/279953\/revisions"}],"wp:featuredmedia":[{"embeddable":true,"href":"https:\/\/www.europesays.com\/es\/wp-json\/wp\/v2\/media\/248356"}],"wp:attachment":[{"href":"https:\/\/www.europesays.com\/es\/wp-json\/wp\/v2\/media?parent=279953"}],"wp:term":[{"taxonomy":"category","embeddable":true,"href":"https:\/\/www.europesays.com\/es\/wp-json\/wp\/v2\/categories?post=279953"},{"taxonomy":"post_tag","embeddable":true,"href":"https:\/\/www.europesays.com\/es\/wp-json\/wp\/v2\/tags?post=279953"}],"curies":[{"name":"wp","href":"https:\/\/api.w.org\/{rel}","templated":true}]}}