{"id":279974,"date":"2025-12-09T19:51:08","date_gmt":"2025-12-09T19:51:08","guid":{"rendered":"https:\/\/www.europesays.com\/es\/279974\/"},"modified":"2025-12-09T19:51:08","modified_gmt":"2025-12-09T19:51:08","slug":"la-asamblea-de-francia-aprueba-el-presupuesto-de-la-seguridad-social-pese-a-la-tension-social","status":"publish","type":"post","link":"https:\/\/www.europesays.com\/es\/279974\/","title":{"rendered":"La Asamblea de Francia aprueba el presupuesto de la Seguridad Social pese a la tensi\u00f3n social"},"content":{"rendered":"<p>Se decidi\u00f3 por un pu\u00f1ado de votos. El Proyecto de Ley de Financiaci\u00f3n de la Seguridad Social (PLFSS) de Francia ha sido aprobado en nueva lectura, mientras el primer ministro, <strong>S\u00e9bastien Lecornu<\/strong>, intenta evitar cualquier desviaci\u00f3n presupuestaria en un contexto de fuerte presi\u00f3n social.<\/p>\n<p>Un total de 247 diputados votaron a favor del texto en su conjunto y 234 se posicionaron en contra. Horas antes, la Asamblea hab\u00eda aprobado la parte correspondiente a los gastos del <a href=\"https:\/\/es.euronews.com\/business\/2025\/07\/15\/francia-se-aprieta-el-cinturon-43800-millones-de-esfuerzo-presupuestario\" rel=\"nofollow noopener\" target=\"_blank\">presupuesto de la Seguridad Social<\/a>. Esa secci\u00f3n, que incluye la suspensi\u00f3n de la reforma de las pensiones, recibi\u00f3 <strong>227 votos a favor<\/strong> y <strong>86 en contra<\/strong>.<\/p>\n<p>Previamente, los diputados validaron una enmienda del Gobierno que eleva el <strong>crecimiento del gasto sanitario (Ondam) al 3%<\/strong>, frente al 2% inicialmente propuesto, con el objetivo de asegurar una mayor\u00eda favorable al texto.<\/p>\n<p>El Ejecutivo llevaba d\u00edas alertando de que, en caso de rechazo del PLFSS, <strong>el gasto social seguir\u00eda funcionando<\/strong> (prestaciones pagadas, atenci\u00f3n reembolsada), pero las cuentas podr\u00edan deteriorarse con rapidez.<\/p>\n<p>La semana pasada, los diputados recibieron una nota interna que estimaba que el d\u00e9ficit podr\u00eda alcanzar <strong>30.000 millones de euros en 2026<\/strong>, una cifra considerada \u00abextremadamente preocupante\u00bb por Pierre Pribile, responsable de la Seguridad Social. A modo de referencia, el d\u00e9ficit previsto para 2025 asciende a <strong>23.000 millones<\/strong>.<\/p>\n<p>La reforma de las pensiones, en el centro del debate<\/p>\n<p>M\u00e1s all\u00e1 de los equilibrios financieros, el PLFSS incluye un asunto pol\u00edtico central: la <a href=\"https:\/\/es.euronews.com\/2025\/11\/12\/franceses-aprueban-suspender-reforma-pensiones\" rel=\"nofollow noopener\" target=\"_blank\"><strong>suspensi\u00f3n de la reforma de las pensiones<\/strong><\/a>.<\/p>\n<p>Esta disposici\u00f3n, restablecida por los diputados el 5 de diciembre tras haber sido suprimida por el Senado, prev\u00e9 congelar el avance hacia la edad legal de jubilaci\u00f3n de <strong>64 a\u00f1os hasta enero de 2028<\/strong>, es decir, despu\u00e9s de las pr\u00f3ximas elecciones presidenciales.<\/p>\n<p>Seg\u00fan el procedimiento legislativo, <strong>el texto aprobado<\/strong> volver\u00e1 ahora al Senado para una nueva lectura. Si los senadores votan una versi\u00f3n conforme, el proyecto de ley quedar\u00e1 definitivamente aprobado por la Asamblea.<\/p>\n<p>Pero si, como parece probable dada la oposici\u00f3n de la derecha, mayoritaria en la C\u00e1mara Alta, el Senado rechaza el texto, ser\u00e1 necesaria una <strong>\u00faltima lectura en la Asamblea Nacional<\/strong>, que tendr\u00e1 la \u00faltima palabra para su adopci\u00f3n final.<\/p>\n","protected":false},"excerpt":{"rendered":"Se decidi\u00f3 por un pu\u00f1ado de votos. El Proyecto de Ley de Financiaci\u00f3n de la Seguridad Social (PLFSS)&hellip;\n","protected":false},"author":2,"featured_media":279975,"comment_status":"","ping_status":"","sticky":false,"template":"","format":"standard","meta":{"footnotes":""},"categories":[42],"tags":[17,18,67910,37427,13,14,317,11,61,62,63,64,19,20,9,10,15,16,35851,12,21,22,65,66,67],"class_list":{"0":"post-279974","1":"post","2":"type-post","3":"status-publish","4":"format-standard","5":"has-post-thumbnail","7":"category-internacional","8":"tag-breaking-news","9":"tag-breakingnews","10":"tag-deuda-francesa","11":"tag-economia-francesa","12":"tag-featured-news","13":"tag-featurednews","14":"tag-francia","15":"tag-headlines","16":"tag-internacional","17":"tag-international","18":"tag-international-news","19":"tag-internationalnews","20":"tag-latest-news","21":"tag-latestnews","22":"tag-news","23":"tag-noticias","24":"tag-noticias-destacadas","25":"tag-noticiasdestacadas","26":"tag-politica-francesa","27":"tag-titulares","28":"tag-ultimas-noticias","29":"tag-ultimasnoticias","30":"tag-world","31":"tag-world-news","32":"tag-worldnews"},"share_on_mastodon":{"url":"https:\/\/pubeurope.com\/@es\/115691355295856138","error":""},"_links":{"self":[{"href":"https:\/\/www.europesays.com\/es\/wp-json\/wp\/v2\/posts\/279974","targetHints":{"allow":["GET"]}}],"collection":[{"href":"https:\/\/www.europesays.com\/es\/wp-json\/wp\/v2\/posts"}],"about":[{"href":"https:\/\/www.europesays.com\/es\/wp-json\/wp\/v2\/types\/post"}],"author":[{"embeddable":true,"href":"https:\/\/www.europesays.com\/es\/wp-json\/wp\/v2\/users\/2"}],"replies":[{"embeddable":true,"href":"https:\/\/www.europesays.com\/es\/wp-json\/wp\/v2\/comments?post=279974"}],"version-history":[{"count":0,"href":"https:\/\/www.europesays.com\/es\/wp-json\/wp\/v2\/posts\/279974\/revisions"}],"wp:featuredmedia":[{"embeddable":true,"href":"https:\/\/www.europesays.com\/es\/wp-json\/wp\/v2\/media\/279975"}],"wp:attachment":[{"href":"https:\/\/www.europesays.com\/es\/wp-json\/wp\/v2\/media?parent=279974"}],"wp:term":[{"taxonomy":"category","embeddable":true,"href":"https:\/\/www.europesays.com\/es\/wp-json\/wp\/v2\/categories?post=279974"},{"taxonomy":"post_tag","embeddable":true,"href":"https:\/\/www.europesays.com\/es\/wp-json\/wp\/v2\/tags?post=279974"}],"curies":[{"name":"wp","href":"https:\/\/api.w.org\/{rel}","templated":true}]}}