{"id":279988,"date":"2025-12-09T20:02:10","date_gmt":"2025-12-09T20:02:10","guid":{"rendered":"https:\/\/www.europesays.com\/es\/279988\/"},"modified":"2025-12-09T20:02:10","modified_gmt":"2025-12-09T20:02:10","slug":"precios-y-horarios-de-venta-de-entradas-para-el-granada-femenino-vs-real-madrid-granada-cf","status":"publish","type":"post","link":"https:\/\/www.europesays.com\/es\/279988\/","title":{"rendered":"Precios y horarios de Venta de entradas para el Granada Femenino vs Real Madrid | Granada CF"},"content":{"rendered":"<p style=\"text-align: justify;\">Desde este martes 9 de diciembre, a las 17.00 horas, se pondr\u00e1n a la venta las entradas v\u00eda online para asistir al partido entre el <strong>Granada Femenino<\/strong>\u00a0y el\u00a0<strong>Real Madrid<\/strong>, correspondiente a la jornada 14 de Liga F, que tendr\u00e1 lugar el pr\u00f3ximo s\u00e1bado 13 de diciembre, a las 12.00 horas, en el\u00a0<strong>Estadio Nuevo Los C\u00e1rmenes<\/strong>.<\/p>\n<p style=\"text-align: justify;\">Los abonados podr\u00e1n acudir al estadio\u00a0<strong>sin necesidad de retirar entrada previamente<\/strong>. El acceso ser\u00e1 a trav\u00e9s de las puertas 1 y 8, para la zona de Preferencia. Al no estar habilitado todo el aforo del estadio, se recuerda a nuestros abonados que las localidades no son numeradas.<\/p>\n<p style=\"text-align: justify;\">Aquellas personas que posean <strong>el abono exclusivo del Granada CF Femenino <\/strong>tambi\u00e9n<strong> <\/strong>podr\u00e1n acceder con el carn\u00e9 f\u00edsico.<\/p>\n<p style=\"text-align: justify;\">El horario presencial de taquilla estar\u00e1 habilitado solamente el s\u00e1bado 13 de diciembre, d\u00eda de partido, desde las 11.00 hasta el inicio del encuentro.<\/p>\n<p style=\"text-align: justify;\">La venta de entradas para p\u00fablico general estar\u00e1 activa en\u00a0<a href=\"https:\/\/entradas.granadacf.es\/\" target=\"_blank\" rel=\"noopener nofollow\">https:\/\/entradas.granadacf.es<\/a>, con un precio \u00fanico de 10\u20ac.<\/p>\n","protected":false},"excerpt":{"rendered":"Desde este martes 9 de diciembre, a las 17.00 horas, se pondr\u00e1n a la venta las entradas v\u00eda&hellip;\n","protected":false},"author":2,"featured_media":279989,"comment_status":"","ping_status":"","sticky":false,"template":"","format":"standard","meta":{"footnotes":""},"categories":[268],"tags":[168,25,24,280,282,281,23,167],"class_list":{"0":"post-279988","1":"post","2":"type-post","3":"status-publish","4":"format-standard","5":"has-post-thumbnail","7":"category-futbol","8":"tag-deportes","9":"tag-es","10":"tag-espana","11":"tag-football","12":"tag-futbol","13":"tag-soccer","14":"tag-spain","15":"tag-sports"},"share_on_mastodon":{"url":"https:\/\/pubeurope.com\/@es\/115691398509694524","error":""},"_links":{"self":[{"href":"https:\/\/www.europesays.com\/es\/wp-json\/wp\/v2\/posts\/279988","targetHints":{"allow":["GET"]}}],"collection":[{"href":"https:\/\/www.europesays.com\/es\/wp-json\/wp\/v2\/posts"}],"about":[{"href":"https:\/\/www.europesays.com\/es\/wp-json\/wp\/v2\/types\/post"}],"author":[{"embeddable":true,"href":"https:\/\/www.europesays.com\/es\/wp-json\/wp\/v2\/users\/2"}],"replies":[{"embeddable":true,"href":"https:\/\/www.europesays.com\/es\/wp-json\/wp\/v2\/comments?post=279988"}],"version-history":[{"count":0,"href":"https:\/\/www.europesays.com\/es\/wp-json\/wp\/v2\/posts\/279988\/revisions"}],"wp:featuredmedia":[{"embeddable":true,"href":"https:\/\/www.europesays.com\/es\/wp-json\/wp\/v2\/media\/279989"}],"wp:attachment":[{"href":"https:\/\/www.europesays.com\/es\/wp-json\/wp\/v2\/media?parent=279988"}],"wp:term":[{"taxonomy":"category","embeddable":true,"href":"https:\/\/www.europesays.com\/es\/wp-json\/wp\/v2\/categories?post=279988"},{"taxonomy":"post_tag","embeddable":true,"href":"https:\/\/www.europesays.com\/es\/wp-json\/wp\/v2\/tags?post=279988"}],"curies":[{"name":"wp","href":"https:\/\/api.w.org\/{rel}","templated":true}]}}