{"id":279992,"date":"2025-12-09T20:06:09","date_gmt":"2025-12-09T20:06:09","guid":{"rendered":"https:\/\/www.europesays.com\/es\/279992\/"},"modified":"2025-12-09T20:06:09","modified_gmt":"2025-12-09T20:06:09","slug":"amigos-y-familiares-de-raul-martinez-piden-apoyo-para-que-continue-en-gran-hermano","status":"publish","type":"post","link":"https:\/\/www.europesays.com\/es\/279992\/","title":{"rendered":"Amigos y familiares de Ra\u00fal Mart\u00ednez piden apoyo para que contin\u00fae en Gran Hermano"},"content":{"rendered":"<p class=\"prip\">Tras ser nominado esta semana Ra\u00fal Mart\u00ednez, el primer concursante soriano en el reality Gran Hermano, grupo de amigos ha remitido un comunicado para pedir el apoyo en la continuidad del participante en este espacio televisivo.<\/p>\n<p>Para avalar esta petici\u00f3n apuntan que es \u00abaut\u00e9ntico, transparente y fiel a su forma de ser\u00bb y que durante su estancia ha mostrado que \u00abno juega a ser otro\u00bb.<\/p>\n<p>La carta:<\/p>\n<p>\u00abEsta semana, Ra\u00fal, el primer soriano que participa en Gran Hermano, est\u00e1 nominado. Y una vez m\u00e1s, quienes le queremos \u2014familiares, amigos y vecinos\u2014 queremos pedir el apoyo de toda Soria para que pueda continuar su aventura dentro de la casa.<\/p>\n<p>Ra\u00fal ha demostrado desde el primer d\u00eda que es aut\u00e9ntico, transparente y fiel a su forma de ser. Puede gustar m\u00e1s o menos, pero no juega a ser otro. Y eso, en un programa como este, vale oro. Su car\u00e1cter, su humor y su forma directa de afrontar la convivencia han dado momentos \u00fanicos y reales m\u00e1s all\u00e1 de los que solo buscan pol\u00e9micas y discusiones.<\/p>\n<p>Esta semana comparte nominaci\u00f3n con Patricia y Aquilino.<\/p>\n<p>Ra\u00fal siempre ha sido claro con sus sentimientos: con Patricia nunca ha logrado conectar, sus formas no encajan con \u00e9l y se lo ha dicho de forma directa siempre. Por eso, si queremos que contin\u00fae en el concurso, la \u00fanica forma de salvarlo es votando para que Patricia abandone la casa.<\/p>\n<p>\u00c9l quer\u00eda un cara a cara con Patricia en el que no le podemos fallar, y conseguir que gane este duelo es cosa nuestra.<\/p>\n<p>Soria ya ha demostrado otras veces que sabe unirse por los suyos. Hoy volvemos a pedir ese apoyo.<\/p>\n<p>Ayudemos entre todos a que Ra\u00fal siga dentro. Todav\u00eda tiene mucho que aportar y queremos verlo avanzar una semana m\u00e1s hasta la final.<\/p>\n<p>\u00a1Vamos, Soria! Todos con Ra\u00fal.<\/p>\n<p>#teamraul\u00bb<\/p>\n","protected":false},"excerpt":{"rendered":"Tras ser nominado esta semana Ra\u00fal Mart\u00ednez, el primer concursante soriano en el reality Gran Hermano, grupo de&hellip;\n","protected":false},"author":2,"featured_media":279993,"comment_status":"","ping_status":"","sticky":false,"template":"","format":"standard","meta":{"footnotes":""},"categories":[171],"tags":[146,147,25,24,3057,246,23,214],"class_list":{"0":"post-279992","1":"post","2":"type-post","3":"status-publish","4":"format-standard","5":"has-post-thumbnail","7":"category-tv","8":"tag-entertainment","9":"tag-entretenimiento","10":"tag-es","11":"tag-espana","12":"tag-gran-hermano","13":"tag-soria","14":"tag-spain","15":"tag-tv"},"share_on_mastodon":{"url":"https:\/\/pubeurope.com\/@es\/115691414153103500","error":""},"_links":{"self":[{"href":"https:\/\/www.europesays.com\/es\/wp-json\/wp\/v2\/posts\/279992","targetHints":{"allow":["GET"]}}],"collection":[{"href":"https:\/\/www.europesays.com\/es\/wp-json\/wp\/v2\/posts"}],"about":[{"href":"https:\/\/www.europesays.com\/es\/wp-json\/wp\/v2\/types\/post"}],"author":[{"embeddable":true,"href":"https:\/\/www.europesays.com\/es\/wp-json\/wp\/v2\/users\/2"}],"replies":[{"embeddable":true,"href":"https:\/\/www.europesays.com\/es\/wp-json\/wp\/v2\/comments?post=279992"}],"version-history":[{"count":0,"href":"https:\/\/www.europesays.com\/es\/wp-json\/wp\/v2\/posts\/279992\/revisions"}],"wp:featuredmedia":[{"embeddable":true,"href":"https:\/\/www.europesays.com\/es\/wp-json\/wp\/v2\/media\/279993"}],"wp:attachment":[{"href":"https:\/\/www.europesays.com\/es\/wp-json\/wp\/v2\/media?parent=279992"}],"wp:term":[{"taxonomy":"category","embeddable":true,"href":"https:\/\/www.europesays.com\/es\/wp-json\/wp\/v2\/categories?post=279992"},{"taxonomy":"post_tag","embeddable":true,"href":"https:\/\/www.europesays.com\/es\/wp-json\/wp\/v2\/tags?post=279992"}],"curies":[{"name":"wp","href":"https:\/\/api.w.org\/{rel}","templated":true}]}}